{"id":107100,"date":"2022-10-05T00:00:00","date_gmt":"2022-10-05T00:00:00","guid":{"rendered":"http:\/\/kt.printandscreen.rs\/kujtim-mbi-prof-dr-zoran-stankoviq\/"},"modified":"2024-07-30T17:56:01","modified_gmt":"2024-07-30T17:56:01","slug":"kujtim-mbi-prof-dr-zoran-stankoviq","status":"publish","type":"post","link":"https:\/\/kt.gov.rs\/sq\/kujtim-mbi-prof-dr-zoran-stankoviq\/","title":{"rendered":"KUJTIM MBI PROF. DR. ZORAN STANKOVIQ"},"content":{"rendered":"<p>\n\t<strong><img decoding=\"async\" alt=\"\" src=\"https:\/\/kt.gov.rs\/wp-content\/uploads\/2024\/07\/1665050036_051022_4v-2.jpg\" style=\"width: 640px; height: 400px;\" \/><\/strong><\/p>\n<p>\n\t<strong>Beograd<\/strong> \u2013 N\u00eb k\u00ebt\u00eb dit\u00eb t\u00eb vitit 2021 ka nd\u00ebrruar jet\u00eb kryetari i Trupit Koordinues p\u00ebr komunat Preshev\u00eb, Bujanoc dhe Medvegj\u00eb, Zoran Stankoviq, si pasoj\u00eb e virusit Corona.<\/p>\n<p>\n\tZoran Stankoviq ka lindur n\u00eb vitin 1954 n\u00eb Tegovishte, af\u00ebr Vladi\u00e7in Hanit. Fakultetin e Mjek\u00ebsis\u00eb e kreu n\u00eb Nish n\u00eb vitin 1980, nd\u00ebrsa doktoroi n\u00eb vitin 1997. Specializimin p\u00ebr mjek\u00ebsi ligjore dhe patologji e kreu n\u00eb Akademin\u00eb e\u00a0 mjek\u00ebsis\u00eb ushtarake.<\/p>\n<p>\n\tAi u avancua n\u00eb grad\u00ebn e gjeneral-majorit n\u00eb 2001. Karier\u00ebn e tij si mjek ushtarak e filloi n\u00eb Pej\u00eb dhe Vraj\u00eb. Ai ishte patolog n\u00eb fush\u00ebbeteja e ish-Jugosllavis\u00eb. Ka qen\u00eb drejtues i Akademis\u00eb mjek\u00ebsore ushtarake nga viti 2002-2005 duke u b\u00ebr\u00eb kryeshefi m\u00eb i ri i AUM \u00a0n\u00eb histori. Me njoftimin se do t\u00eb hiqej nga posti i kreut t\u00eb AUM-s\u00eb, ai vendosi \u00a0vet\u00eb t\u00eb dal n\u00eb penzion.<\/p>\n<p>\n\tAi u em\u00ebrua n\u00eb pozit\u00ebn e ministrit t\u00eb Mbrojtjes n\u00eb Qeverin\u00eb e par\u00eb t\u00eb Vojisllav Koshtunic\u00ebs nga viti 2005-2007, dhe mbi k\u00ebt\u00eb baz\u00eb ishte edhe an\u00ebtar i K\u00ebshillit t\u00eb Ministrave t\u00eb Sindikat\u00ebs Shtet\u00ebrore SCG.<\/p>\n<p>\n\tIshte an\u00ebtar i Komitetit Jugosllav p\u00ebr mbledhjen e t\u00eb dh\u00ebnave p\u00ebr hetimin e krimeve kund\u00ebr njer\u00ebzimit dhe t\u00eb drejt\u00ebs nd\u00ebrkomb\u00ebtare q\u00eb nga viti 1993. N\u00eb dhjetor 1997, ai formoi nj\u00eb ekip p\u00ebr t\u00eb hetuar pasojat e bombardimeve t\u00eb NATO-s n\u00eb Republika Srpska p\u00ebr shkak t\u00eb dyshimit se ishin p\u00ebrdorur raketa me uranium t\u00eb varf\u00ebruar. Ai ishte an\u00ebtar i Komisionit t\u00eb s\u00eb v\u00ebrtet\u00ebs dhe pajtimit. Gjithashtu, ai ishte nj\u00eb nga mjek\u00ebt ligjor\u00eb dhe patolog\u00ebt m\u00eb t\u00eb respektuar n\u00eb Serbi dhe q\u00eb nga viti 1995 punoi si ekspert i Kombeve t\u00eb Bashkuara. Ai d\u00ebshmoi n\u00eb disa raste para Tribunalit t\u00eb Hag\u00ebs.<\/p>\n<p>\n\tMe propozim t\u00eb partis\u00eb G17 plus, n\u00eb fillim t\u00eb marsit 2011 u em\u00ebrua n\u00eb pozit\u00ebn e ministrit t\u00eb Sh\u00ebndet\u00ebsis\u00eb, ku q\u00ebndroi deri n\u00eb fund t\u00eb mandatit t\u00eb Qeveris\u00eb s\u00eb Mirko Cvetkoviqit.<\/p>\n<p>\n\tN\u00eb fillim t\u00eb n\u00ebntorit 2012, Qeveria e Serbis\u00eb e em\u00ebroi n\u00eb krye t\u00eb Trupit Koordinues p\u00ebr Bujanoc, Preshev\u00eb dhe Medvegj\u00eb.<\/p>\n<p>\n\tProfesor Zoran Stankoviq la pas gruan, dy vajzat dhe kat\u00ebr nip\u00ebrit e tij.<\/p>\n<p>\n\t<strong>Burimi: Trupi koordinues<\/strong><\/p>\n<p>\n\t\u00a0<\/p>\n","protected":false},"excerpt":{"rendered":"<p>Beograd\u00a0\u2013 N\u00eb k\u00ebt\u00eb dit\u00eb t\u00eb vitit 2021 ka nd\u00ebrruar jet\u00eb kryetari i Trupit Koordinues p\u00ebr komunat Preshev\u00eb, Bujanoc dhe Medvegj\u00eb, Zoran Stankoviq, si pasoj\u00eb e virusit Corona.<\/p>\n","protected":false},"author":1,"featured_media":107105,"comment_status":"closed","ping_status":"closed","sticky":false,"template":"","format":"standard","meta":{"footnotes":""},"categories":[55],"tags":[],"class_list":["post-107100","post","type-post","status-publish","format-standard","has-post-thumbnail","hentry","category-lajme"],"yoast_head":"<!-- This site is optimized with the Yoast SEO plugin v27.5 - https:\/\/yoast.com\/product\/yoast-seo-wordpress\/ -->\n<title>KUJTIM MBI PROF. DR. ZORAN STANKOVIQ - Republika e S\u00ebrbis\u00eb Trupi Koordinues p\u00ebr komunat Bujanoc, Preshev\u00eb dhe Medvegj\u00eb<\/title>\n<meta name=\"robots\" content=\"index, follow, max-snippet:-1, max-image-preview:large, max-video-preview:-1\" \/>\n<link rel=\"canonical\" href=\"https:\/\/kt.gov.rs\/sq\/kujtim-mbi-prof-dr-zoran-stankoviq\/\" \/>\n<meta property=\"og:locale\" content=\"sq_AL\" \/>\n<meta property=\"og:type\" content=\"article\" \/>\n<meta property=\"og:title\" content=\"KUJTIM MBI PROF. DR. ZORAN STANKOVIQ - Republika e S\u00ebrbis\u00eb Trupi Koordinues p\u00ebr komunat Bujanoc, Preshev\u00eb dhe Medvegj\u00eb\" \/>\n<meta property=\"og:description\" content=\"Beograd\u00a0\u2013 N\u00eb k\u00ebt\u00eb dit\u00eb t\u00eb vitit 2021 ka nd\u00ebrruar jet\u00eb kryetari i Trupit Koordinues p\u00ebr komunat Preshev\u00eb, Bujanoc dhe Medvegj\u00eb, Zoran Stankoviq, si pasoj\u00eb e virusit Corona.\" \/>\n<meta property=\"og:url\" content=\"https:\/\/kt.gov.rs\/sq\/kujtim-mbi-prof-dr-zoran-stankoviq\/\" \/>\n<meta property=\"og:site_name\" content=\"Republika e S\u00ebrbis\u00eb Trupi Koordinues p\u00ebr komunat Bujanoc, Preshev\u00eb dhe Medvegj\u00eb\" \/>\n<meta property=\"article:publisher\" content=\"https:\/\/www.facebook.com\/SluzbaKoordinacionogTelaVladeRepublikeSrbije\" \/>\n<meta property=\"article:published_time\" content=\"2022-10-05T00:00:00+00:00\" \/>\n<meta property=\"article:modified_time\" content=\"2024-07-30T17:56:01+00:00\" \/>\n<meta property=\"og:image\" content=\"https:\/\/kt.gov.rs\/wp-content\/uploads\/2024\/07\/1665050036_051022_4v-3.jpg\" \/>\n\t<meta property=\"og:image:width\" content=\"640\" \/>\n\t<meta property=\"og:image:height\" content=\"400\" \/>\n\t<meta property=\"og:image:type\" content=\"image\/jpeg\" \/>\n<meta name=\"author\" content=\"ktmin\" \/>\n<meta name=\"twitter:card\" content=\"summary_large_image\" \/>\n<meta name=\"twitter:creator\" content=\"@kt_gov\" \/>\n<meta name=\"twitter:site\" content=\"@kt_gov\" \/>\n<meta name=\"twitter:label1\" content=\"Written by\" \/>\n\t<meta name=\"twitter:data1\" content=\"ktmin\" \/>\n\t<meta name=\"twitter:label2\" content=\"Est. reading time\" \/>\n\t<meta name=\"twitter:data2\" content=\"3 minutes\" \/>\n<script type=\"application\/ld+json\" class=\"yoast-schema-graph\">{\"@context\":\"https:\\\/\\\/schema.org\",\"@graph\":[{\"@type\":\"Article\",\"@id\":\"https:\\\/\\\/kt.gov.rs\\\/sq\\\/kujtim-mbi-prof-dr-zoran-stankoviq\\\/#article\",\"isPartOf\":{\"@id\":\"https:\\\/\\\/kt.gov.rs\\\/sq\\\/kujtim-mbi-prof-dr-zoran-stankoviq\\\/\"},\"author\":{\"name\":\"ktmin\",\"@id\":\"https:\\\/\\\/kt.gov.rs\\\/#\\\/schema\\\/person\\\/e426459ddb4173309103390602694571\"},\"headline\":\"KUJTIM MBI PROF. DR. ZORAN STANKOVIQ\",\"datePublished\":\"2022-10-05T00:00:00+00:00\",\"dateModified\":\"2024-07-30T17:56:01+00:00\",\"mainEntityOfPage\":{\"@id\":\"https:\\\/\\\/kt.gov.rs\\\/sq\\\/kujtim-mbi-prof-dr-zoran-stankoviq\\\/\"},\"wordCount\":527,\"publisher\":{\"@id\":\"https:\\\/\\\/kt.gov.rs\\\/#organization\"},\"image\":{\"@id\":\"https:\\\/\\\/kt.gov.rs\\\/sq\\\/kujtim-mbi-prof-dr-zoran-stankoviq\\\/#primaryimage\"},\"thumbnailUrl\":\"https:\\\/\\\/kt.gov.rs\\\/wp-content\\\/uploads\\\/2024\\\/07\\\/1665050036_051022_4v-3.jpg\",\"articleSection\":[\"Lajme\"],\"inLanguage\":\"sq-AL\"},{\"@type\":\"WebPage\",\"@id\":\"https:\\\/\\\/kt.gov.rs\\\/sq\\\/kujtim-mbi-prof-dr-zoran-stankoviq\\\/\",\"url\":\"https:\\\/\\\/kt.gov.rs\\\/sq\\\/kujtim-mbi-prof-dr-zoran-stankoviq\\\/\",\"name\":\"KUJTIM MBI PROF. DR. ZORAN STANKOVIQ - Republika e S\u00ebrbis\u00eb Trupi Koordinues p\u00ebr komunat Bujanoc, Preshev\u00eb dhe Medvegj\u00eb\",\"isPartOf\":{\"@id\":\"https:\\\/\\\/kt.gov.rs\\\/#website\"},\"primaryImageOfPage\":{\"@id\":\"https:\\\/\\\/kt.gov.rs\\\/sq\\\/kujtim-mbi-prof-dr-zoran-stankoviq\\\/#primaryimage\"},\"image\":{\"@id\":\"https:\\\/\\\/kt.gov.rs\\\/sq\\\/kujtim-mbi-prof-dr-zoran-stankoviq\\\/#primaryimage\"},\"thumbnailUrl\":\"https:\\\/\\\/kt.gov.rs\\\/wp-content\\\/uploads\\\/2024\\\/07\\\/1665050036_051022_4v-3.jpg\",\"datePublished\":\"2022-10-05T00:00:00+00:00\",\"dateModified\":\"2024-07-30T17:56:01+00:00\",\"breadcrumb\":{\"@id\":\"https:\\\/\\\/kt.gov.rs\\\/sq\\\/kujtim-mbi-prof-dr-zoran-stankoviq\\\/#breadcrumb\"},\"inLanguage\":\"sq-AL\",\"potentialAction\":[{\"@type\":\"ReadAction\",\"target\":[\"https:\\\/\\\/kt.gov.rs\\\/sq\\\/kujtim-mbi-prof-dr-zoran-stankoviq\\\/\"]}]},{\"@type\":\"ImageObject\",\"inLanguage\":\"sq-AL\",\"@id\":\"https:\\\/\\\/kt.gov.rs\\\/sq\\\/kujtim-mbi-prof-dr-zoran-stankoviq\\\/#primaryimage\",\"url\":\"https:\\\/\\\/kt.gov.rs\\\/wp-content\\\/uploads\\\/2024\\\/07\\\/1665050036_051022_4v-3.jpg\",\"contentUrl\":\"https:\\\/\\\/kt.gov.rs\\\/wp-content\\\/uploads\\\/2024\\\/07\\\/1665050036_051022_4v-3.jpg\",\"width\":640,\"height\":400},{\"@type\":\"BreadcrumbList\",\"@id\":\"https:\\\/\\\/kt.gov.rs\\\/sq\\\/kujtim-mbi-prof-dr-zoran-stankoviq\\\/#breadcrumb\",\"itemListElement\":[{\"@type\":\"ListItem\",\"position\":1,\"name\":\"\u041f\u043e\u0447\u0435\u0442\u043d\u0430\",\"item\":\"https:\\\/\\\/kt.gov.rs\\\/sq\\\/\"},{\"@type\":\"ListItem\",\"position\":2,\"name\":\"KUJTIM MBI PROF. DR. ZORAN STANKOVIQ\"}]},{\"@type\":\"WebSite\",\"@id\":\"https:\\\/\\\/kt.gov.rs\\\/#website\",\"url\":\"https:\\\/\\\/kt.gov.rs\\\/\",\"name\":\"\u041a\u043e\u043e\u0440\u0434\u0438\u043d\u0430\u0446\u0438\u043e\u043d\u043e \u0442\u0435\u043b\u043e \u0412\u043b\u0430\u0434\u0435 \u0420\u0435\u043f\u0443\u0431\u043b\u0438\u043a\u0435 \u0421\u0440\u0431\u0438\u0458\u0435 \u0437\u0430 \u043e\u043f\u0448\u0442\u0438\u043d\u0435 \u041f\u0440\u0435\u0448\u0435\u0432\u043e, \u0411\u0443\u0458\u0430\u043d\u043e\u0432\u0430\u0446 \u0438 \u041c\u0435\u0434\u0432\u0435\u0452a\",\"description\":\"\",\"publisher\":{\"@id\":\"https:\\\/\\\/kt.gov.rs\\\/#organization\"},\"alternateName\":\"\u041a\u043e\u043e\u0440\u0434\u0438\u043d\u0430\u0446\u0438\u043e\u043d\u043e \u0442\u0435\u043b\u043e\",\"potentialAction\":[{\"@type\":\"SearchAction\",\"target\":{\"@type\":\"EntryPoint\",\"urlTemplate\":\"https:\\\/\\\/kt.gov.rs\\\/?s={search_term_string}\"},\"query-input\":{\"@type\":\"PropertyValueSpecification\",\"valueRequired\":true,\"valueName\":\"search_term_string\"}}],\"inLanguage\":\"sq-AL\"},{\"@type\":\"Organization\",\"@id\":\"https:\\\/\\\/kt.gov.rs\\\/#organization\",\"name\":\"\u041a\u043e\u043e\u0440\u0434\u0438\u043d\u0430\u0446\u0438\u043e\u043d\u043e \u0442\u0435\u043b\u043e \u0412\u043b\u0430\u0434\u0435 \u0420\u0435\u043f\u0443\u0431\u043b\u0438\u043a\u0435 \u0421\u0440\u0431\u0438\u0458\u0435 \u0437\u0430 \u043e\u043f\u0448\u0442\u0438\u043d\u0435 \u041f\u0440\u0435\u0448\u0435\u0432\u043e, \u0411\u0443\u0458\u0430\u043d\u043e\u0432\u0430\u0446 \u0438 \u041c\u0435\u0434\u0432\u0435\u0452a\",\"alternateName\":\"\u041a\u043e\u043e\u0440\u0434\u0438\u043d\u0430\u0446\u0438\u043e\u043d\u043e \u0442\u0435\u043b\u043e\",\"url\":\"https:\\\/\\\/kt.gov.rs\\\/\",\"logo\":{\"@type\":\"ImageObject\",\"inLanguage\":\"sq-AL\",\"@id\":\"https:\\\/\\\/kt.gov.rs\\\/#\\\/schema\\\/logo\\\/image\\\/\",\"url\":\"https:\\\/\\\/kt.gov.rs\\\/wp-content\\\/uploads\\\/2024\\\/12\\\/koord2.jpg\",\"contentUrl\":\"https:\\\/\\\/kt.gov.rs\\\/wp-content\\\/uploads\\\/2024\\\/12\\\/koord2.jpg\",\"width\":640,\"height\":480,\"caption\":\"\u041a\u043e\u043e\u0440\u0434\u0438\u043d\u0430\u0446\u0438\u043e\u043d\u043e \u0442\u0435\u043b\u043e \u0412\u043b\u0430\u0434\u0435 \u0420\u0435\u043f\u0443\u0431\u043b\u0438\u043a\u0435 \u0421\u0440\u0431\u0438\u0458\u0435 \u0437\u0430 \u043e\u043f\u0448\u0442\u0438\u043d\u0435 \u041f\u0440\u0435\u0448\u0435\u0432\u043e, \u0411\u0443\u0458\u0430\u043d\u043e\u0432\u0430\u0446 \u0438 \u041c\u0435\u0434\u0432\u0435\u0452a\"},\"image\":{\"@id\":\"https:\\\/\\\/kt.gov.rs\\\/#\\\/schema\\\/logo\\\/image\\\/\"},\"sameAs\":[\"https:\\\/\\\/www.facebook.com\\\/SluzbaKoordinacionogTelaVladeRepublikeSrbije\",\"https:\\\/\\\/x.com\\\/kt_gov\",\"https:\\\/\\\/www.youtube.com\\\/@koordinacionotelo\"]},{\"@type\":\"Person\",\"@id\":\"https:\\\/\\\/kt.gov.rs\\\/#\\\/schema\\\/person\\\/e426459ddb4173309103390602694571\",\"name\":\"ktmin\",\"image\":{\"@type\":\"ImageObject\",\"inLanguage\":\"sq-AL\",\"@id\":\"https:\\\/\\\/secure.gravatar.com\\\/avatar\\\/3985c961109853010c3fbc7ba30365bfba5db3dd6c525831d9c595c7525a615a?s=96&d=mm&r=g\",\"url\":\"https:\\\/\\\/secure.gravatar.com\\\/avatar\\\/3985c961109853010c3fbc7ba30365bfba5db3dd6c525831d9c595c7525a615a?s=96&d=mm&r=g\",\"contentUrl\":\"https:\\\/\\\/secure.gravatar.com\\\/avatar\\\/3985c961109853010c3fbc7ba30365bfba5db3dd6c525831d9c595c7525a615a?s=96&d=mm&r=g\",\"caption\":\"ktmin\"},\"sameAs\":[\"https:\\\/\\\/kt.gov.rs\"],\"url\":\"https:\\\/\\\/kt.gov.rs\\\/sq\\\/author\\\/ktmin\\\/\"}]}<\/script>\n<!-- \/ Yoast SEO plugin. -->","yoast_head_json":{"title":"KUJTIM MBI PROF. DR. ZORAN STANKOVIQ - Republika e S\u00ebrbis\u00eb Trupi Koordinues p\u00ebr komunat Bujanoc, Preshev\u00eb dhe Medvegj\u00eb","robots":{"index":"index","follow":"follow","max-snippet":"max-snippet:-1","max-image-preview":"max-image-preview:large","max-video-preview":"max-video-preview:-1"},"canonical":"https:\/\/kt.gov.rs\/sq\/kujtim-mbi-prof-dr-zoran-stankoviq\/","og_locale":"sq_AL","og_type":"article","og_title":"KUJTIM MBI PROF. DR. ZORAN STANKOVIQ - Republika e S\u00ebrbis\u00eb Trupi Koordinues p\u00ebr komunat Bujanoc, Preshev\u00eb dhe Medvegj\u00eb","og_description":"Beograd\u00a0\u2013 N\u00eb k\u00ebt\u00eb dit\u00eb t\u00eb vitit 2021 ka nd\u00ebrruar jet\u00eb kryetari i Trupit Koordinues p\u00ebr komunat Preshev\u00eb, Bujanoc dhe Medvegj\u00eb, Zoran Stankoviq, si pasoj\u00eb e virusit Corona.","og_url":"https:\/\/kt.gov.rs\/sq\/kujtim-mbi-prof-dr-zoran-stankoviq\/","og_site_name":"Republika e S\u00ebrbis\u00eb Trupi Koordinues p\u00ebr komunat Bujanoc, Preshev\u00eb dhe Medvegj\u00eb","article_publisher":"https:\/\/www.facebook.com\/SluzbaKoordinacionogTelaVladeRepublikeSrbije","article_published_time":"2022-10-05T00:00:00+00:00","article_modified_time":"2024-07-30T17:56:01+00:00","og_image":[{"width":640,"height":400,"url":"https:\/\/kt.gov.rs\/wp-content\/uploads\/2024\/07\/1665050036_051022_4v-3.jpg","type":"image\/jpeg"}],"author":"ktmin","twitter_card":"summary_large_image","twitter_creator":"@kt_gov","twitter_site":"@kt_gov","twitter_misc":{"Written by":"ktmin","Est. reading time":"3 minutes"},"schema":{"@context":"https:\/\/schema.org","@graph":[{"@type":"Article","@id":"https:\/\/kt.gov.rs\/sq\/kujtim-mbi-prof-dr-zoran-stankoviq\/#article","isPartOf":{"@id":"https:\/\/kt.gov.rs\/sq\/kujtim-mbi-prof-dr-zoran-stankoviq\/"},"author":{"name":"ktmin","@id":"https:\/\/kt.gov.rs\/#\/schema\/person\/e426459ddb4173309103390602694571"},"headline":"KUJTIM MBI PROF. DR. ZORAN STANKOVIQ","datePublished":"2022-10-05T00:00:00+00:00","dateModified":"2024-07-30T17:56:01+00:00","mainEntityOfPage":{"@id":"https:\/\/kt.gov.rs\/sq\/kujtim-mbi-prof-dr-zoran-stankoviq\/"},"wordCount":527,"publisher":{"@id":"https:\/\/kt.gov.rs\/#organization"},"image":{"@id":"https:\/\/kt.gov.rs\/sq\/kujtim-mbi-prof-dr-zoran-stankoviq\/#primaryimage"},"thumbnailUrl":"https:\/\/kt.gov.rs\/wp-content\/uploads\/2024\/07\/1665050036_051022_4v-3.jpg","articleSection":["Lajme"],"inLanguage":"sq-AL"},{"@type":"WebPage","@id":"https:\/\/kt.gov.rs\/sq\/kujtim-mbi-prof-dr-zoran-stankoviq\/","url":"https:\/\/kt.gov.rs\/sq\/kujtim-mbi-prof-dr-zoran-stankoviq\/","name":"KUJTIM MBI PROF. DR. ZORAN STANKOVIQ - Republika e S\u00ebrbis\u00eb Trupi Koordinues p\u00ebr komunat Bujanoc, Preshev\u00eb dhe Medvegj\u00eb","isPartOf":{"@id":"https:\/\/kt.gov.rs\/#website"},"primaryImageOfPage":{"@id":"https:\/\/kt.gov.rs\/sq\/kujtim-mbi-prof-dr-zoran-stankoviq\/#primaryimage"},"image":{"@id":"https:\/\/kt.gov.rs\/sq\/kujtim-mbi-prof-dr-zoran-stankoviq\/#primaryimage"},"thumbnailUrl":"https:\/\/kt.gov.rs\/wp-content\/uploads\/2024\/07\/1665050036_051022_4v-3.jpg","datePublished":"2022-10-05T00:00:00+00:00","dateModified":"2024-07-30T17:56:01+00:00","breadcrumb":{"@id":"https:\/\/kt.gov.rs\/sq\/kujtim-mbi-prof-dr-zoran-stankoviq\/#breadcrumb"},"inLanguage":"sq-AL","potentialAction":[{"@type":"ReadAction","target":["https:\/\/kt.gov.rs\/sq\/kujtim-mbi-prof-dr-zoran-stankoviq\/"]}]},{"@type":"ImageObject","inLanguage":"sq-AL","@id":"https:\/\/kt.gov.rs\/sq\/kujtim-mbi-prof-dr-zoran-stankoviq\/#primaryimage","url":"https:\/\/kt.gov.rs\/wp-content\/uploads\/2024\/07\/1665050036_051022_4v-3.jpg","contentUrl":"https:\/\/kt.gov.rs\/wp-content\/uploads\/2024\/07\/1665050036_051022_4v-3.jpg","width":640,"height":400},{"@type":"BreadcrumbList","@id":"https:\/\/kt.gov.rs\/sq\/kujtim-mbi-prof-dr-zoran-stankoviq\/#breadcrumb","itemListElement":[{"@type":"ListItem","position":1,"name":"\u041f\u043e\u0447\u0435\u0442\u043d\u0430","item":"https:\/\/kt.gov.rs\/sq\/"},{"@type":"ListItem","position":2,"name":"KUJTIM MBI PROF. DR. ZORAN STANKOVIQ"}]},{"@type":"WebSite","@id":"https:\/\/kt.gov.rs\/#website","url":"https:\/\/kt.gov.rs\/","name":"\u041a\u043e\u043e\u0440\u0434\u0438\u043d\u0430\u0446\u0438\u043e\u043d\u043e \u0442\u0435\u043b\u043e \u0412\u043b\u0430\u0434\u0435 \u0420\u0435\u043f\u0443\u0431\u043b\u0438\u043a\u0435 \u0421\u0440\u0431\u0438\u0458\u0435 \u0437\u0430 \u043e\u043f\u0448\u0442\u0438\u043d\u0435 \u041f\u0440\u0435\u0448\u0435\u0432\u043e, \u0411\u0443\u0458\u0430\u043d\u043e\u0432\u0430\u0446 \u0438 \u041c\u0435\u0434\u0432\u0435\u0452a","description":"","publisher":{"@id":"https:\/\/kt.gov.rs\/#organization"},"alternateName":"\u041a\u043e\u043e\u0440\u0434\u0438\u043d\u0430\u0446\u0438\u043e\u043d\u043e \u0442\u0435\u043b\u043e","potentialAction":[{"@type":"SearchAction","target":{"@type":"EntryPoint","urlTemplate":"https:\/\/kt.gov.rs\/?s={search_term_string}"},"query-input":{"@type":"PropertyValueSpecification","valueRequired":true,"valueName":"search_term_string"}}],"inLanguage":"sq-AL"},{"@type":"Organization","@id":"https:\/\/kt.gov.rs\/#organization","name":"\u041a\u043e\u043e\u0440\u0434\u0438\u043d\u0430\u0446\u0438\u043e\u043d\u043e \u0442\u0435\u043b\u043e \u0412\u043b\u0430\u0434\u0435 \u0420\u0435\u043f\u0443\u0431\u043b\u0438\u043a\u0435 \u0421\u0440\u0431\u0438\u0458\u0435 \u0437\u0430 \u043e\u043f\u0448\u0442\u0438\u043d\u0435 \u041f\u0440\u0435\u0448\u0435\u0432\u043e, \u0411\u0443\u0458\u0430\u043d\u043e\u0432\u0430\u0446 \u0438 \u041c\u0435\u0434\u0432\u0435\u0452a","alternateName":"\u041a\u043e\u043e\u0440\u0434\u0438\u043d\u0430\u0446\u0438\u043e\u043d\u043e \u0442\u0435\u043b\u043e","url":"https:\/\/kt.gov.rs\/","logo":{"@type":"ImageObject","inLanguage":"sq-AL","@id":"https:\/\/kt.gov.rs\/#\/schema\/logo\/image\/","url":"https:\/\/kt.gov.rs\/wp-content\/uploads\/2024\/12\/koord2.jpg","contentUrl":"https:\/\/kt.gov.rs\/wp-content\/uploads\/2024\/12\/koord2.jpg","width":640,"height":480,"caption":"\u041a\u043e\u043e\u0440\u0434\u0438\u043d\u0430\u0446\u0438\u043e\u043d\u043e \u0442\u0435\u043b\u043e \u0412\u043b\u0430\u0434\u0435 \u0420\u0435\u043f\u0443\u0431\u043b\u0438\u043a\u0435 \u0421\u0440\u0431\u0438\u0458\u0435 \u0437\u0430 \u043e\u043f\u0448\u0442\u0438\u043d\u0435 \u041f\u0440\u0435\u0448\u0435\u0432\u043e, \u0411\u0443\u0458\u0430\u043d\u043e\u0432\u0430\u0446 \u0438 \u041c\u0435\u0434\u0432\u0435\u0452a"},"image":{"@id":"https:\/\/kt.gov.rs\/#\/schema\/logo\/image\/"},"sameAs":["https:\/\/www.facebook.com\/SluzbaKoordinacionogTelaVladeRepublikeSrbije","https:\/\/x.com\/kt_gov","https:\/\/www.youtube.com\/@koordinacionotelo"]},{"@type":"Person","@id":"https:\/\/kt.gov.rs\/#\/schema\/person\/e426459ddb4173309103390602694571","name":"ktmin","image":{"@type":"ImageObject","inLanguage":"sq-AL","@id":"https:\/\/secure.gravatar.com\/avatar\/3985c961109853010c3fbc7ba30365bfba5db3dd6c525831d9c595c7525a615a?s=96&d=mm&r=g","url":"https:\/\/secure.gravatar.com\/avatar\/3985c961109853010c3fbc7ba30365bfba5db3dd6c525831d9c595c7525a615a?s=96&d=mm&r=g","contentUrl":"https:\/\/secure.gravatar.com\/avatar\/3985c961109853010c3fbc7ba30365bfba5db3dd6c525831d9c595c7525a615a?s=96&d=mm&r=g","caption":"ktmin"},"sameAs":["https:\/\/kt.gov.rs"],"url":"https:\/\/kt.gov.rs\/sq\/author\/ktmin\/"}]}},"_links":{"self":[{"href":"https:\/\/kt.gov.rs\/sq\/wp-json\/wp\/v2\/posts\/107100","targetHints":{"allow":["GET"]}}],"collection":[{"href":"https:\/\/kt.gov.rs\/sq\/wp-json\/wp\/v2\/posts"}],"about":[{"href":"https:\/\/kt.gov.rs\/sq\/wp-json\/wp\/v2\/types\/post"}],"author":[{"embeddable":true,"href":"https:\/\/kt.gov.rs\/sq\/wp-json\/wp\/v2\/users\/1"}],"replies":[{"embeddable":true,"href":"https:\/\/kt.gov.rs\/sq\/wp-json\/wp\/v2\/comments?post=107100"}],"version-history":[{"count":1,"href":"https:\/\/kt.gov.rs\/sq\/wp-json\/wp\/v2\/posts\/107100\/revisions"}],"predecessor-version":[{"id":107104,"href":"https:\/\/kt.gov.rs\/sq\/wp-json\/wp\/v2\/posts\/107100\/revisions\/107104"}],"wp:featuredmedia":[{"embeddable":true,"href":"https:\/\/kt.gov.rs\/sq\/wp-json\/wp\/v2\/media\/107105"}],"wp:attachment":[{"href":"https:\/\/kt.gov.rs\/sq\/wp-json\/wp\/v2\/media?parent=107100"}],"wp:term":[{"taxonomy":"category","embeddable":true,"href":"https:\/\/kt.gov.rs\/sq\/wp-json\/wp\/v2\/categories?post=107100"},{"taxonomy":"post_tag","embeddable":true,"href":"https:\/\/kt.gov.rs\/sq\/wp-json\/wp\/v2\/tags?post=107100"}],"curies":[{"name":"wp","href":"https:\/\/api.w.org\/{rel}","templated":true}]}}