{"id":107052,"date":"2022-10-11T00:00:00","date_gmt":"2022-10-11T00:00:00","guid":{"rendered":"http:\/\/kt.printandscreen.rs\/ne-fakultetin-ekonomik-ne-bujanoc-eshte-pritur-gjenerata-e-12-e-studenteve\/"},"modified":"2024-07-30T17:55:57","modified_gmt":"2024-07-30T17:55:57","slug":"ne-fakultetin-ekonomik-ne-bujanoc-eshte-pritur-gjenerata-e-12-e-studenteve","status":"publish","type":"post","link":"https:\/\/kt.gov.rs\/sq\/ne-fakultetin-ekonomik-ne-bujanoc-eshte-pritur-gjenerata-e-12-e-studenteve\/","title":{"rendered":"N\u00cb FAKULTETIN EKONOMIK N\u00cb BUJANOC \u00cbSHT\u00cb PRITUR  GJENERATA E 12 E STUDENT\u00cbVE"},"content":{"rendered":"<p>\n\t<strong><img decoding=\"async\" alt=\"\" src=\"https:\/\/kt.gov.rs\/wp-content\/uploads\/2024\/07\/1665485382_111022_1-2.jpg\" style=\"width: 315px; height: 230px; float: left;\" \/>Bujanoc \u2013 Beograd <\/strong>\u2013 Gjenerata e dymb\u00ebdhjet\u00eb e student\u00ebve t\u00eb Fakultetit Ekonomik t\u00eb Subotic\u00ebs\u00a0 n\u00eb paralelen n\u00eb Bujanoc filluan studimet n\u00eb k\u00ebt\u00eb institucion t\u00eb arsimit t\u00eb lart\u00eb.<\/p>\n<p>\n\tViti i ri akademik n\u00eb fakultetin n\u00eb Bujanoc fillon me 82 student\u00eb, nd\u00ebrsa 62 student\u00eb serb\u00eb dhe 20 student\u00eb shqiptar\u00eb mor\u00ebn indekse.<\/p>\n<p>\n\tDekani i Fakultetit t\u00eb Subotic\u00ebs, profesor Dr. Nebojsha Gvozdenoviq, p\u00ebrkujtoi r\u00ebnd\u00ebsin\u00eb e arsimit t\u00eb lart\u00eb n\u00eb Bujanoc nd\u00ebrkaqgjenerat\u00ebs s\u00eb re t\u00eb student\u00ebve iu uroi mir\u00ebseardhje dhe studime t\u00eb suksesshme.<\/p>\n<p>\n\t\u00a0\u201e K\u00ebt\u00eb vit Fakulteti Ekonomik regjistroi mbi 800 student\u00eb n\u00eb Subotic\u00eb, Novi Sad dhe Bujanoc. Ne ekzistojm\u00eb dhe punojm\u00eb n\u00eb tre lokacione, ky \u00ebsht\u00eb m\u00eb i largu por jo m\u00eb pak i dashur p\u00ebr ne. Ftoj student\u00ebt e vitit t\u00eb par\u00eb t\u00eb aplikojn\u00eb dhe t\u00eb kalojn\u00eb dy jav\u00eb n\u00eb Subotic\u00eb, t\u00eb marrin pjes\u00eb n\u00eb jet\u00ebn studentore, t\u00eb njohin qytetin, miqt\u00eb e rinj dhe t\u00eb ndjehen se jan\u00eb pjes\u00eb e nj\u00eb familjeje t\u00eb madhe \u2013 tha dekani Gvozdenoviq.<\/p>\n<p>\n\tGjenerata e re e student\u00ebve u p\u00ebrsh\u00ebndet nga prodekani p\u00ebr m\u00ebsimdh\u00ebnie n\u00eb Fakultetin Ekonomik n\u00eb Subotic\u00eb, profesor Dr. Radenko Mariq, i cili fal\u00ebnderoi student\u00ebt p\u00ebr zgjedhjen e fakultetit.<\/p>\n<p>\n\t\u201cZgjedhja q\u00eb keni b\u00ebr\u00eb \u00ebsht\u00eb zgjedhja e duhur dhe shpresoj t\u00eb mos pendoheni, andaj uroj q\u00eb t\u00eb gjith\u00eb t\u00eb b\u00ebheni student\u00eb t\u00eb suksessh\u00ebm dhe q\u00eb diploma q\u00eb do t\u00eb merrni t\u00eb pasqyroj\u00eb statusin tuaj n\u00eb shoq\u00ebri, por edhe q\u00eb do t\u00eb arrini ta p\u00ebrdorni n\u00eb m\u00ebnyr\u00ebn m\u00eb t\u00eb duhur \u201d, tha Mariq<\/p>\n<p>\n\tN\u00eb ceremoni mor\u00ebn pjes\u00eb p\u00ebrfaq\u00ebsues t\u00eb vet\u00ebqeverisjes lokale t\u00eb Bujanocit, Sh\u00ebrbimit t\u00eb Trupit Koordinues p\u00ebr Preshev\u00eb, Bujanoc dhe Medvegj\u00eb, si dhe p\u00ebrfaq\u00ebsues t\u00eb Fakultetit Ekonomik nga Tetova.<\/p>\n<p>\n\tKujtojm\u00eb se n\u00eb vitin shkollor 2022\/23 ka pasur vende p\u00ebr 90 nx\u00ebn\u00ebs n\u00eb paralelen n\u00eb Bujanoc, dhe t\u00eb gjith\u00eb nx\u00ebn\u00ebsit e sapo regjistruar shkollohen n\u00eb shpenzimet e buxhetit t\u00eb shtetit.<\/p>\n<p>\n\tM\u00ebsimi zhvillohet n\u00eb fushat e Kontabilitetit dhe Auditimit, Marketingut, Informatik\u00ebs. dhe Financ\u00ebs s\u00eb Biznesit, Bank\u00ebs dhe Sigurimeve.<\/p>\n<p>\n\tVitin e kaluar jan\u00eb regjistruar 74 student\u00eb.<\/p>\n<p>\n\t<strong>Burimi: Bujanova\u00e7ke dhe Trupi Koordinues<\/strong><\/p>\n<p>\n\t\u00a0<\/p>\n","protected":false},"excerpt":{"rendered":"<p>Bujanoc \u2013 Beograd\u00a0\u2013 Gjenerata e dymb\u00ebdhjet\u00eb e student\u00ebve t\u00eb Fakultetit Ekonomik t\u00eb Subotic\u00ebs\u00a0 n\u00eb paralelen n\u00eb Bujanoc filluan studimet n\u00eb k\u00ebt\u00eb institucion t\u00eb arsimit t\u00eb lart\u00eb.<\/p>\n","protected":false},"author":1,"featured_media":107057,"comment_status":"closed","ping_status":"closed","sticky":false,"template":"","format":"standard","meta":{"footnotes":""},"categories":[55],"tags":[],"class_list":["post-107052","post","type-post","status-publish","format-standard","has-post-thumbnail","hentry","category-lajme"],"yoast_head":"<!-- This site is optimized with the Yoast SEO plugin v27.5 - https:\/\/yoast.com\/product\/yoast-seo-wordpress\/ -->\n<title>N\u00cb FAKULTETIN EKONOMIK N\u00cb BUJANOC \u00cbSHT\u00cb PRITUR GJENERATA E 12 E STUDENT\u00cbVE - Republika e S\u00ebrbis\u00eb Trupi Koordinues p\u00ebr komunat Bujanoc, Preshev\u00eb dhe Medvegj\u00eb<\/title>\n<meta name=\"robots\" content=\"index, follow, max-snippet:-1, max-image-preview:large, max-video-preview:-1\" \/>\n<link rel=\"canonical\" href=\"https:\/\/kt.gov.rs\/sq\/ne-fakultetin-ekonomik-ne-bujanoc-eshte-pritur-gjenerata-e-12-e-studenteve\/\" \/>\n<meta property=\"og:locale\" content=\"sq_AL\" \/>\n<meta property=\"og:type\" content=\"article\" \/>\n<meta property=\"og:title\" content=\"N\u00cb FAKULTETIN EKONOMIK N\u00cb BUJANOC \u00cbSHT\u00cb PRITUR GJENERATA E 12 E STUDENT\u00cbVE - Republika e S\u00ebrbis\u00eb Trupi Koordinues p\u00ebr komunat Bujanoc, Preshev\u00eb dhe Medvegj\u00eb\" \/>\n<meta property=\"og:description\" content=\"Bujanoc \u2013 Beograd\u00a0- Gjenerata e dymb\u00ebdhjet\u00eb e student\u00ebve t\u00eb Fakultetit Ekonomik t\u00eb Subotic\u00ebs\u00a0 n\u00eb paralelen n\u00eb Bujanoc filluan studimet n\u00eb k\u00ebt\u00eb institucion t\u00eb arsimit t\u00eb lart\u00eb.\" \/>\n<meta property=\"og:url\" content=\"https:\/\/kt.gov.rs\/sq\/ne-fakultetin-ekonomik-ne-bujanoc-eshte-pritur-gjenerata-e-12-e-studenteve\/\" \/>\n<meta property=\"og:site_name\" content=\"Republika e S\u00ebrbis\u00eb Trupi Koordinues p\u00ebr komunat Bujanoc, Preshev\u00eb dhe Medvegj\u00eb\" \/>\n<meta property=\"article:publisher\" content=\"https:\/\/www.facebook.com\/SluzbaKoordinacionogTelaVladeRepublikeSrbije\" \/>\n<meta property=\"article:published_time\" content=\"2022-10-11T00:00:00+00:00\" \/>\n<meta property=\"article:modified_time\" content=\"2024-07-30T17:55:57+00:00\" \/>\n<meta property=\"og:image\" content=\"https:\/\/kt.gov.rs\/wp-content\/uploads\/2024\/07\/1665485382_111022_1-3.jpg\" \/>\n\t<meta property=\"og:image:width\" content=\"315\" \/>\n\t<meta property=\"og:image:height\" content=\"230\" \/>\n\t<meta property=\"og:image:type\" content=\"image\/jpeg\" \/>\n<meta name=\"author\" content=\"ktmin\" \/>\n<meta name=\"twitter:card\" content=\"summary_large_image\" \/>\n<meta name=\"twitter:creator\" content=\"@kt_gov\" \/>\n<meta name=\"twitter:site\" content=\"@kt_gov\" \/>\n<meta name=\"twitter:label1\" content=\"Written by\" \/>\n\t<meta name=\"twitter:data1\" content=\"ktmin\" \/>\n\t<meta name=\"twitter:label2\" content=\"Est. reading time\" \/>\n\t<meta name=\"twitter:data2\" content=\"3 minutes\" \/>\n<script type=\"application\/ld+json\" class=\"yoast-schema-graph\">{\"@context\":\"https:\\\/\\\/schema.org\",\"@graph\":[{\"@type\":\"Article\",\"@id\":\"https:\\\/\\\/kt.gov.rs\\\/sq\\\/ne-fakultetin-ekonomik-ne-bujanoc-eshte-pritur-gjenerata-e-12-e-studenteve\\\/#article\",\"isPartOf\":{\"@id\":\"https:\\\/\\\/kt.gov.rs\\\/sq\\\/ne-fakultetin-ekonomik-ne-bujanoc-eshte-pritur-gjenerata-e-12-e-studenteve\\\/\"},\"author\":{\"name\":\"ktmin\",\"@id\":\"https:\\\/\\\/kt.gov.rs\\\/#\\\/schema\\\/person\\\/e426459ddb4173309103390602694571\"},\"headline\":\"N\u00cb FAKULTETIN EKONOMIK N\u00cb BUJANOC \u00cbSHT\u00cb PRITUR GJENERATA E 12 E STUDENT\u00cbVE\",\"datePublished\":\"2022-10-11T00:00:00+00:00\",\"dateModified\":\"2024-07-30T17:55:57+00:00\",\"mainEntityOfPage\":{\"@id\":\"https:\\\/\\\/kt.gov.rs\\\/sq\\\/ne-fakultetin-ekonomik-ne-bujanoc-eshte-pritur-gjenerata-e-12-e-studenteve\\\/\"},\"wordCount\":534,\"publisher\":{\"@id\":\"https:\\\/\\\/kt.gov.rs\\\/#organization\"},\"image\":{\"@id\":\"https:\\\/\\\/kt.gov.rs\\\/sq\\\/ne-fakultetin-ekonomik-ne-bujanoc-eshte-pritur-gjenerata-e-12-e-studenteve\\\/#primaryimage\"},\"thumbnailUrl\":\"https:\\\/\\\/kt.gov.rs\\\/wp-content\\\/uploads\\\/2024\\\/07\\\/1665485382_111022_1-3.jpg\",\"articleSection\":[\"Lajme\"],\"inLanguage\":\"sq-AL\"},{\"@type\":\"WebPage\",\"@id\":\"https:\\\/\\\/kt.gov.rs\\\/sq\\\/ne-fakultetin-ekonomik-ne-bujanoc-eshte-pritur-gjenerata-e-12-e-studenteve\\\/\",\"url\":\"https:\\\/\\\/kt.gov.rs\\\/sq\\\/ne-fakultetin-ekonomik-ne-bujanoc-eshte-pritur-gjenerata-e-12-e-studenteve\\\/\",\"name\":\"N\u00cb FAKULTETIN EKONOMIK N\u00cb BUJANOC \u00cbSHT\u00cb PRITUR GJENERATA E 12 E STUDENT\u00cbVE - Republika e S\u00ebrbis\u00eb Trupi Koordinues p\u00ebr komunat Bujanoc, Preshev\u00eb dhe Medvegj\u00eb\",\"isPartOf\":{\"@id\":\"https:\\\/\\\/kt.gov.rs\\\/#website\"},\"primaryImageOfPage\":{\"@id\":\"https:\\\/\\\/kt.gov.rs\\\/sq\\\/ne-fakultetin-ekonomik-ne-bujanoc-eshte-pritur-gjenerata-e-12-e-studenteve\\\/#primaryimage\"},\"image\":{\"@id\":\"https:\\\/\\\/kt.gov.rs\\\/sq\\\/ne-fakultetin-ekonomik-ne-bujanoc-eshte-pritur-gjenerata-e-12-e-studenteve\\\/#primaryimage\"},\"thumbnailUrl\":\"https:\\\/\\\/kt.gov.rs\\\/wp-content\\\/uploads\\\/2024\\\/07\\\/1665485382_111022_1-3.jpg\",\"datePublished\":\"2022-10-11T00:00:00+00:00\",\"dateModified\":\"2024-07-30T17:55:57+00:00\",\"breadcrumb\":{\"@id\":\"https:\\\/\\\/kt.gov.rs\\\/sq\\\/ne-fakultetin-ekonomik-ne-bujanoc-eshte-pritur-gjenerata-e-12-e-studenteve\\\/#breadcrumb\"},\"inLanguage\":\"sq-AL\",\"potentialAction\":[{\"@type\":\"ReadAction\",\"target\":[\"https:\\\/\\\/kt.gov.rs\\\/sq\\\/ne-fakultetin-ekonomik-ne-bujanoc-eshte-pritur-gjenerata-e-12-e-studenteve\\\/\"]}]},{\"@type\":\"ImageObject\",\"inLanguage\":\"sq-AL\",\"@id\":\"https:\\\/\\\/kt.gov.rs\\\/sq\\\/ne-fakultetin-ekonomik-ne-bujanoc-eshte-pritur-gjenerata-e-12-e-studenteve\\\/#primaryimage\",\"url\":\"https:\\\/\\\/kt.gov.rs\\\/wp-content\\\/uploads\\\/2024\\\/07\\\/1665485382_111022_1-3.jpg\",\"contentUrl\":\"https:\\\/\\\/kt.gov.rs\\\/wp-content\\\/uploads\\\/2024\\\/07\\\/1665485382_111022_1-3.jpg\",\"width\":315,\"height\":230},{\"@type\":\"BreadcrumbList\",\"@id\":\"https:\\\/\\\/kt.gov.rs\\\/sq\\\/ne-fakultetin-ekonomik-ne-bujanoc-eshte-pritur-gjenerata-e-12-e-studenteve\\\/#breadcrumb\",\"itemListElement\":[{\"@type\":\"ListItem\",\"position\":1,\"name\":\"\u041f\u043e\u0447\u0435\u0442\u043d\u0430\",\"item\":\"https:\\\/\\\/kt.gov.rs\\\/sq\\\/\"},{\"@type\":\"ListItem\",\"position\":2,\"name\":\"N\u00cb FAKULTETIN EKONOMIK N\u00cb BUJANOC \u00cbSHT\u00cb PRITUR GJENERATA E 12 E STUDENT\u00cbVE\"}]},{\"@type\":\"WebSite\",\"@id\":\"https:\\\/\\\/kt.gov.rs\\\/#website\",\"url\":\"https:\\\/\\\/kt.gov.rs\\\/\",\"name\":\"\u041a\u043e\u043e\u0440\u0434\u0438\u043d\u0430\u0446\u0438\u043e\u043d\u043e \u0442\u0435\u043b\u043e \u0412\u043b\u0430\u0434\u0435 \u0420\u0435\u043f\u0443\u0431\u043b\u0438\u043a\u0435 \u0421\u0440\u0431\u0438\u0458\u0435 \u0437\u0430 \u043e\u043f\u0448\u0442\u0438\u043d\u0435 \u041f\u0440\u0435\u0448\u0435\u0432\u043e, \u0411\u0443\u0458\u0430\u043d\u043e\u0432\u0430\u0446 \u0438 \u041c\u0435\u0434\u0432\u0435\u0452a\",\"description\":\"\",\"publisher\":{\"@id\":\"https:\\\/\\\/kt.gov.rs\\\/#organization\"},\"alternateName\":\"\u041a\u043e\u043e\u0440\u0434\u0438\u043d\u0430\u0446\u0438\u043e\u043d\u043e \u0442\u0435\u043b\u043e\",\"potentialAction\":[{\"@type\":\"SearchAction\",\"target\":{\"@type\":\"EntryPoint\",\"urlTemplate\":\"https:\\\/\\\/kt.gov.rs\\\/?s={search_term_string}\"},\"query-input\":{\"@type\":\"PropertyValueSpecification\",\"valueRequired\":true,\"valueName\":\"search_term_string\"}}],\"inLanguage\":\"sq-AL\"},{\"@type\":\"Organization\",\"@id\":\"https:\\\/\\\/kt.gov.rs\\\/#organization\",\"name\":\"\u041a\u043e\u043e\u0440\u0434\u0438\u043d\u0430\u0446\u0438\u043e\u043d\u043e \u0442\u0435\u043b\u043e \u0412\u043b\u0430\u0434\u0435 \u0420\u0435\u043f\u0443\u0431\u043b\u0438\u043a\u0435 \u0421\u0440\u0431\u0438\u0458\u0435 \u0437\u0430 \u043e\u043f\u0448\u0442\u0438\u043d\u0435 \u041f\u0440\u0435\u0448\u0435\u0432\u043e, \u0411\u0443\u0458\u0430\u043d\u043e\u0432\u0430\u0446 \u0438 \u041c\u0435\u0434\u0432\u0435\u0452a\",\"alternateName\":\"\u041a\u043e\u043e\u0440\u0434\u0438\u043d\u0430\u0446\u0438\u043e\u043d\u043e \u0442\u0435\u043b\u043e\",\"url\":\"https:\\\/\\\/kt.gov.rs\\\/\",\"logo\":{\"@type\":\"ImageObject\",\"inLanguage\":\"sq-AL\",\"@id\":\"https:\\\/\\\/kt.gov.rs\\\/#\\\/schema\\\/logo\\\/image\\\/\",\"url\":\"https:\\\/\\\/kt.gov.rs\\\/wp-content\\\/uploads\\\/2024\\\/12\\\/koord2.jpg\",\"contentUrl\":\"https:\\\/\\\/kt.gov.rs\\\/wp-content\\\/uploads\\\/2024\\\/12\\\/koord2.jpg\",\"width\":640,\"height\":480,\"caption\":\"\u041a\u043e\u043e\u0440\u0434\u0438\u043d\u0430\u0446\u0438\u043e\u043d\u043e \u0442\u0435\u043b\u043e \u0412\u043b\u0430\u0434\u0435 \u0420\u0435\u043f\u0443\u0431\u043b\u0438\u043a\u0435 \u0421\u0440\u0431\u0438\u0458\u0435 \u0437\u0430 \u043e\u043f\u0448\u0442\u0438\u043d\u0435 \u041f\u0440\u0435\u0448\u0435\u0432\u043e, \u0411\u0443\u0458\u0430\u043d\u043e\u0432\u0430\u0446 \u0438 \u041c\u0435\u0434\u0432\u0435\u0452a\"},\"image\":{\"@id\":\"https:\\\/\\\/kt.gov.rs\\\/#\\\/schema\\\/logo\\\/image\\\/\"},\"sameAs\":[\"https:\\\/\\\/www.facebook.com\\\/SluzbaKoordinacionogTelaVladeRepublikeSrbije\",\"https:\\\/\\\/x.com\\\/kt_gov\",\"https:\\\/\\\/www.youtube.com\\\/@koordinacionotelo\"]},{\"@type\":\"Person\",\"@id\":\"https:\\\/\\\/kt.gov.rs\\\/#\\\/schema\\\/person\\\/e426459ddb4173309103390602694571\",\"name\":\"ktmin\",\"image\":{\"@type\":\"ImageObject\",\"inLanguage\":\"sq-AL\",\"@id\":\"https:\\\/\\\/secure.gravatar.com\\\/avatar\\\/3985c961109853010c3fbc7ba30365bfba5db3dd6c525831d9c595c7525a615a?s=96&d=mm&r=g\",\"url\":\"https:\\\/\\\/secure.gravatar.com\\\/avatar\\\/3985c961109853010c3fbc7ba30365bfba5db3dd6c525831d9c595c7525a615a?s=96&d=mm&r=g\",\"contentUrl\":\"https:\\\/\\\/secure.gravatar.com\\\/avatar\\\/3985c961109853010c3fbc7ba30365bfba5db3dd6c525831d9c595c7525a615a?s=96&d=mm&r=g\",\"caption\":\"ktmin\"},\"sameAs\":[\"https:\\\/\\\/kt.gov.rs\"],\"url\":\"https:\\\/\\\/kt.gov.rs\\\/sq\\\/author\\\/ktmin\\\/\"}]}<\/script>\n<!-- \/ Yoast SEO plugin. -->","yoast_head_json":{"title":"N\u00cb FAKULTETIN EKONOMIK N\u00cb BUJANOC \u00cbSHT\u00cb PRITUR GJENERATA E 12 E STUDENT\u00cbVE - Republika e S\u00ebrbis\u00eb Trupi Koordinues p\u00ebr komunat Bujanoc, Preshev\u00eb dhe Medvegj\u00eb","robots":{"index":"index","follow":"follow","max-snippet":"max-snippet:-1","max-image-preview":"max-image-preview:large","max-video-preview":"max-video-preview:-1"},"canonical":"https:\/\/kt.gov.rs\/sq\/ne-fakultetin-ekonomik-ne-bujanoc-eshte-pritur-gjenerata-e-12-e-studenteve\/","og_locale":"sq_AL","og_type":"article","og_title":"N\u00cb FAKULTETIN EKONOMIK N\u00cb BUJANOC \u00cbSHT\u00cb PRITUR GJENERATA E 12 E STUDENT\u00cbVE - Republika e S\u00ebrbis\u00eb Trupi Koordinues p\u00ebr komunat Bujanoc, Preshev\u00eb dhe Medvegj\u00eb","og_description":"Bujanoc \u2013 Beograd\u00a0- Gjenerata e dymb\u00ebdhjet\u00eb e student\u00ebve t\u00eb Fakultetit Ekonomik t\u00eb Subotic\u00ebs\u00a0 n\u00eb paralelen n\u00eb Bujanoc filluan studimet n\u00eb k\u00ebt\u00eb institucion t\u00eb arsimit t\u00eb lart\u00eb.","og_url":"https:\/\/kt.gov.rs\/sq\/ne-fakultetin-ekonomik-ne-bujanoc-eshte-pritur-gjenerata-e-12-e-studenteve\/","og_site_name":"Republika e S\u00ebrbis\u00eb Trupi Koordinues p\u00ebr komunat Bujanoc, Preshev\u00eb dhe Medvegj\u00eb","article_publisher":"https:\/\/www.facebook.com\/SluzbaKoordinacionogTelaVladeRepublikeSrbije","article_published_time":"2022-10-11T00:00:00+00:00","article_modified_time":"2024-07-30T17:55:57+00:00","og_image":[{"width":315,"height":230,"url":"https:\/\/kt.gov.rs\/wp-content\/uploads\/2024\/07\/1665485382_111022_1-3.jpg","type":"image\/jpeg"}],"author":"ktmin","twitter_card":"summary_large_image","twitter_creator":"@kt_gov","twitter_site":"@kt_gov","twitter_misc":{"Written by":"ktmin","Est. reading time":"3 minutes"},"schema":{"@context":"https:\/\/schema.org","@graph":[{"@type":"Article","@id":"https:\/\/kt.gov.rs\/sq\/ne-fakultetin-ekonomik-ne-bujanoc-eshte-pritur-gjenerata-e-12-e-studenteve\/#article","isPartOf":{"@id":"https:\/\/kt.gov.rs\/sq\/ne-fakultetin-ekonomik-ne-bujanoc-eshte-pritur-gjenerata-e-12-e-studenteve\/"},"author":{"name":"ktmin","@id":"https:\/\/kt.gov.rs\/#\/schema\/person\/e426459ddb4173309103390602694571"},"headline":"N\u00cb FAKULTETIN EKONOMIK N\u00cb BUJANOC \u00cbSHT\u00cb PRITUR GJENERATA E 12 E STUDENT\u00cbVE","datePublished":"2022-10-11T00:00:00+00:00","dateModified":"2024-07-30T17:55:57+00:00","mainEntityOfPage":{"@id":"https:\/\/kt.gov.rs\/sq\/ne-fakultetin-ekonomik-ne-bujanoc-eshte-pritur-gjenerata-e-12-e-studenteve\/"},"wordCount":534,"publisher":{"@id":"https:\/\/kt.gov.rs\/#organization"},"image":{"@id":"https:\/\/kt.gov.rs\/sq\/ne-fakultetin-ekonomik-ne-bujanoc-eshte-pritur-gjenerata-e-12-e-studenteve\/#primaryimage"},"thumbnailUrl":"https:\/\/kt.gov.rs\/wp-content\/uploads\/2024\/07\/1665485382_111022_1-3.jpg","articleSection":["Lajme"],"inLanguage":"sq-AL"},{"@type":"WebPage","@id":"https:\/\/kt.gov.rs\/sq\/ne-fakultetin-ekonomik-ne-bujanoc-eshte-pritur-gjenerata-e-12-e-studenteve\/","url":"https:\/\/kt.gov.rs\/sq\/ne-fakultetin-ekonomik-ne-bujanoc-eshte-pritur-gjenerata-e-12-e-studenteve\/","name":"N\u00cb FAKULTETIN EKONOMIK N\u00cb BUJANOC \u00cbSHT\u00cb PRITUR GJENERATA E 12 E STUDENT\u00cbVE - Republika e S\u00ebrbis\u00eb Trupi Koordinues p\u00ebr komunat Bujanoc, Preshev\u00eb dhe Medvegj\u00eb","isPartOf":{"@id":"https:\/\/kt.gov.rs\/#website"},"primaryImageOfPage":{"@id":"https:\/\/kt.gov.rs\/sq\/ne-fakultetin-ekonomik-ne-bujanoc-eshte-pritur-gjenerata-e-12-e-studenteve\/#primaryimage"},"image":{"@id":"https:\/\/kt.gov.rs\/sq\/ne-fakultetin-ekonomik-ne-bujanoc-eshte-pritur-gjenerata-e-12-e-studenteve\/#primaryimage"},"thumbnailUrl":"https:\/\/kt.gov.rs\/wp-content\/uploads\/2024\/07\/1665485382_111022_1-3.jpg","datePublished":"2022-10-11T00:00:00+00:00","dateModified":"2024-07-30T17:55:57+00:00","breadcrumb":{"@id":"https:\/\/kt.gov.rs\/sq\/ne-fakultetin-ekonomik-ne-bujanoc-eshte-pritur-gjenerata-e-12-e-studenteve\/#breadcrumb"},"inLanguage":"sq-AL","potentialAction":[{"@type":"ReadAction","target":["https:\/\/kt.gov.rs\/sq\/ne-fakultetin-ekonomik-ne-bujanoc-eshte-pritur-gjenerata-e-12-e-studenteve\/"]}]},{"@type":"ImageObject","inLanguage":"sq-AL","@id":"https:\/\/kt.gov.rs\/sq\/ne-fakultetin-ekonomik-ne-bujanoc-eshte-pritur-gjenerata-e-12-e-studenteve\/#primaryimage","url":"https:\/\/kt.gov.rs\/wp-content\/uploads\/2024\/07\/1665485382_111022_1-3.jpg","contentUrl":"https:\/\/kt.gov.rs\/wp-content\/uploads\/2024\/07\/1665485382_111022_1-3.jpg","width":315,"height":230},{"@type":"BreadcrumbList","@id":"https:\/\/kt.gov.rs\/sq\/ne-fakultetin-ekonomik-ne-bujanoc-eshte-pritur-gjenerata-e-12-e-studenteve\/#breadcrumb","itemListElement":[{"@type":"ListItem","position":1,"name":"\u041f\u043e\u0447\u0435\u0442\u043d\u0430","item":"https:\/\/kt.gov.rs\/sq\/"},{"@type":"ListItem","position":2,"name":"N\u00cb FAKULTETIN EKONOMIK N\u00cb BUJANOC \u00cbSHT\u00cb PRITUR GJENERATA E 12 E STUDENT\u00cbVE"}]},{"@type":"WebSite","@id":"https:\/\/kt.gov.rs\/#website","url":"https:\/\/kt.gov.rs\/","name":"\u041a\u043e\u043e\u0440\u0434\u0438\u043d\u0430\u0446\u0438\u043e\u043d\u043e \u0442\u0435\u043b\u043e \u0412\u043b\u0430\u0434\u0435 \u0420\u0435\u043f\u0443\u0431\u043b\u0438\u043a\u0435 \u0421\u0440\u0431\u0438\u0458\u0435 \u0437\u0430 \u043e\u043f\u0448\u0442\u0438\u043d\u0435 \u041f\u0440\u0435\u0448\u0435\u0432\u043e, \u0411\u0443\u0458\u0430\u043d\u043e\u0432\u0430\u0446 \u0438 \u041c\u0435\u0434\u0432\u0435\u0452a","description":"","publisher":{"@id":"https:\/\/kt.gov.rs\/#organization"},"alternateName":"\u041a\u043e\u043e\u0440\u0434\u0438\u043d\u0430\u0446\u0438\u043e\u043d\u043e \u0442\u0435\u043b\u043e","potentialAction":[{"@type":"SearchAction","target":{"@type":"EntryPoint","urlTemplate":"https:\/\/kt.gov.rs\/?s={search_term_string}"},"query-input":{"@type":"PropertyValueSpecification","valueRequired":true,"valueName":"search_term_string"}}],"inLanguage":"sq-AL"},{"@type":"Organization","@id":"https:\/\/kt.gov.rs\/#organization","name":"\u041a\u043e\u043e\u0440\u0434\u0438\u043d\u0430\u0446\u0438\u043e\u043d\u043e \u0442\u0435\u043b\u043e \u0412\u043b\u0430\u0434\u0435 \u0420\u0435\u043f\u0443\u0431\u043b\u0438\u043a\u0435 \u0421\u0440\u0431\u0438\u0458\u0435 \u0437\u0430 \u043e\u043f\u0448\u0442\u0438\u043d\u0435 \u041f\u0440\u0435\u0448\u0435\u0432\u043e, \u0411\u0443\u0458\u0430\u043d\u043e\u0432\u0430\u0446 \u0438 \u041c\u0435\u0434\u0432\u0435\u0452a","alternateName":"\u041a\u043e\u043e\u0440\u0434\u0438\u043d\u0430\u0446\u0438\u043e\u043d\u043e \u0442\u0435\u043b\u043e","url":"https:\/\/kt.gov.rs\/","logo":{"@type":"ImageObject","inLanguage":"sq-AL","@id":"https:\/\/kt.gov.rs\/#\/schema\/logo\/image\/","url":"https:\/\/kt.gov.rs\/wp-content\/uploads\/2024\/12\/koord2.jpg","contentUrl":"https:\/\/kt.gov.rs\/wp-content\/uploads\/2024\/12\/koord2.jpg","width":640,"height":480,"caption":"\u041a\u043e\u043e\u0440\u0434\u0438\u043d\u0430\u0446\u0438\u043e\u043d\u043e \u0442\u0435\u043b\u043e \u0412\u043b\u0430\u0434\u0435 \u0420\u0435\u043f\u0443\u0431\u043b\u0438\u043a\u0435 \u0421\u0440\u0431\u0438\u0458\u0435 \u0437\u0430 \u043e\u043f\u0448\u0442\u0438\u043d\u0435 \u041f\u0440\u0435\u0448\u0435\u0432\u043e, \u0411\u0443\u0458\u0430\u043d\u043e\u0432\u0430\u0446 \u0438 \u041c\u0435\u0434\u0432\u0435\u0452a"},"image":{"@id":"https:\/\/kt.gov.rs\/#\/schema\/logo\/image\/"},"sameAs":["https:\/\/www.facebook.com\/SluzbaKoordinacionogTelaVladeRepublikeSrbije","https:\/\/x.com\/kt_gov","https:\/\/www.youtube.com\/@koordinacionotelo"]},{"@type":"Person","@id":"https:\/\/kt.gov.rs\/#\/schema\/person\/e426459ddb4173309103390602694571","name":"ktmin","image":{"@type":"ImageObject","inLanguage":"sq-AL","@id":"https:\/\/secure.gravatar.com\/avatar\/3985c961109853010c3fbc7ba30365bfba5db3dd6c525831d9c595c7525a615a?s=96&d=mm&r=g","url":"https:\/\/secure.gravatar.com\/avatar\/3985c961109853010c3fbc7ba30365bfba5db3dd6c525831d9c595c7525a615a?s=96&d=mm&r=g","contentUrl":"https:\/\/secure.gravatar.com\/avatar\/3985c961109853010c3fbc7ba30365bfba5db3dd6c525831d9c595c7525a615a?s=96&d=mm&r=g","caption":"ktmin"},"sameAs":["https:\/\/kt.gov.rs"],"url":"https:\/\/kt.gov.rs\/sq\/author\/ktmin\/"}]}},"_links":{"self":[{"href":"https:\/\/kt.gov.rs\/sq\/wp-json\/wp\/v2\/posts\/107052","targetHints":{"allow":["GET"]}}],"collection":[{"href":"https:\/\/kt.gov.rs\/sq\/wp-json\/wp\/v2\/posts"}],"about":[{"href":"https:\/\/kt.gov.rs\/sq\/wp-json\/wp\/v2\/types\/post"}],"author":[{"embeddable":true,"href":"https:\/\/kt.gov.rs\/sq\/wp-json\/wp\/v2\/users\/1"}],"replies":[{"embeddable":true,"href":"https:\/\/kt.gov.rs\/sq\/wp-json\/wp\/v2\/comments?post=107052"}],"version-history":[{"count":1,"href":"https:\/\/kt.gov.rs\/sq\/wp-json\/wp\/v2\/posts\/107052\/revisions"}],"predecessor-version":[{"id":107056,"href":"https:\/\/kt.gov.rs\/sq\/wp-json\/wp\/v2\/posts\/107052\/revisions\/107056"}],"wp:featuredmedia":[{"embeddable":true,"href":"https:\/\/kt.gov.rs\/sq\/wp-json\/wp\/v2\/media\/107057"}],"wp:attachment":[{"href":"https:\/\/kt.gov.rs\/sq\/wp-json\/wp\/v2\/media?parent=107052"}],"wp:term":[{"taxonomy":"category","embeddable":true,"href":"https:\/\/kt.gov.rs\/sq\/wp-json\/wp\/v2\/categories?post=107052"},{"taxonomy":"post_tag","embeddable":true,"href":"https:\/\/kt.gov.rs\/sq\/wp-json\/wp\/v2\/tags?post=107052"}],"curies":[{"name":"wp","href":"https:\/\/api.w.org\/{rel}","templated":true}]}}