{"id":107004,"date":"2022-10-19T00:00:00","date_gmt":"2022-10-19T00:00:00","guid":{"rendered":"http:\/\/kt.printandscreen.rs\/drejtoresha-e-shkolles-se-mesme-sveti-sava-shkolla-do-te-rinovohet-nga-themeli-deri-ne-cati\/"},"modified":"2024-07-30T17:55:52","modified_gmt":"2024-07-30T17:55:52","slug":"drejtoresha-e-shkolles-se-mesme-sveti-sava-shkolla-do-te-rinovohet-nga-themeli-deri-ne-cati","status":"publish","type":"post","link":"https:\/\/kt.gov.rs\/sq\/drejtoresha-e-shkolles-se-mesme-sveti-sava-shkolla-do-te-rinovohet-nga-themeli-deri-ne-cati\/","title":{"rendered":"DREJTORESHA E SHKOLL\u00cbS S\u00cb MESME \u201cSVETI SAVA\u201d: SHKOLLA DO T\u00cb RINOVOHET NGA THEMELI DERI N\u00cb \u00c7ATI"},"content":{"rendered":"<p>\n\t<strong><img decoding=\"async\" alt=\"\" src=\"https:\/\/kt.gov.rs\/wp-content\/uploads\/2024\/07\/1666175350_191022_2-2.jpg\" style=\"width: 315px; height: 230px; float: left;\" \/>Bujanoc \u2013 Beograd<\/strong>\u00a0\u2013 Shkolla e mesme e Bujanocit \u201cSveti Sava\u201d do t\u00eb rinovohet t\u00ebr\u00ebsisht, nga themeli deri n\u00eb \u00e7ati, n\u00eb m\u00ebnyr\u00eb q\u00eb shkolla t\u00eb marr\u00eb nj\u00eb pamje krejt\u00ebsisht t\u00eb re, tha drejtoresha Biserka Joviq. Ajo thot\u00eb se do t\u00eb rikonstruktohet edhe pun\u00ebtoria e shkoll\u00ebs, oborri, fusha sportive, por ndryshime do t\u00eb ket\u00eb edhe n\u00eb \u00a0sallen e edukates fizike.<\/p>\n<p>\n\t\u00a0\u201cDo t\u00eb b\u00ebhet gjith\u00e7ka, fuqizimi dhe hidroizolimi i themelit p\u00ebr t\u00eb parandaluar problemin e dep\u00ebrtimit t\u00eb ujit me t\u00eb cilin p\u00ebrballeshim me \u00e7do reshje t\u00eb vog\u00ebl shiu, pastaj nd\u00ebrrimi i plot\u00eb i zdrukthtaris\u00eb, instalimeve hidraulike, elektrike dhe ngroh\u00ebse, dyshemeve\u201d, tha Joviq.<\/p>\n<p>\n\tSi\u00e7 tha ajo, pas p\u00ebrfundimit t\u00eb punimeve, pun\u00ebtoria e shkoll\u00ebs do t\u00eb ket\u00eb nj\u00eb sall\u00eb t\u00eb madhe t\u00eb destinuar p\u00ebr takime dhe ngjarje m\u00eb t\u00eb vogla, nd\u00ebrsa pjesa tjet\u00ebr do t\u00eb p\u00ebrdoret p\u00ebr fusha t\u00eb pun\u00ebs ku \u00ebsht\u00eb e nevojshme ekzistimi i pun\u00ebtorive \u2013 inxhinieri mekanike dhe gatimi.<\/p>\n<p>\n\t\u00a0\u201cMakinat q\u00eb jan\u00eb p\u00ebrdorur dikur nuk p\u00ebrdoren m\u00eb, sepse ne kemi bashk\u00ebpunim me partner\u00ebt social\u00eb dhe nx\u00ebn\u00ebsit tan\u00eb praktikojn\u00eb me ta, k\u00ebshtu q\u00eb do t\u00eb ket\u00eb vet\u00ebm gj\u00ebrat m\u00eb elementare q\u00eb duhet t\u00eb ket\u00eb \u00e7do pun\u00ebtori q\u00eb t\u00eb funksionoj\u00eb profili arsimor\u201d, tha drejtoresha.<\/p>\n<p>\n\tAjo sqaron se rikonstruksioni i palestr\u00ebs p\u00ebrfshin ngritjen e lart\u00ebsis\u00eb s\u00eb tavanit, pasi ajo ekzistuese nuk i plot\u00ebson standardet p\u00ebr zhvillimin e or\u00ebve t\u00eb gjimnastik\u00ebs.<\/p>\n<p>\n\t\u00a0\u201cNuk do t\u00eb ket\u00eb shtesa, por do t\u00eb ket\u00eb nj\u00eb rikonstruksion t\u00eb plot\u00eb q\u00eb do t\u00eb ndryshoj\u00eb p\u00ebrshkrimin personal t\u00eb shkoll\u00ebs\u201d. Do t\u00eb rinovohet edhe oborri i shkoll\u00ebs, fusha sportive, rrethoja. Absolutisht gjith\u00e7ka\u201d, ka p\u00ebrfunduar drejtoresha Joviq.<\/p>\n<p>\n\tPortali i Prokurimit Publik ka publikuar thirrjen p\u00ebr aplikime n\u00eb vler\u00eb mbi 200 milion\u00eb dinar\u00eb pa TVSH, e cila do t\u00eb jet\u00eb e hapur deri m\u00eb 8 n\u00ebntor.<\/p>\n<p>\n\t<strong>Burimi: Bujanova\u00e7ke dhe Trupi Koordinues<\/strong><\/p>\n<p>\n\t\u00a0<\/p>\n","protected":false},"excerpt":{"rendered":"<p>Bujanoc \u2013 Beograd\u00a0\u2013 Shkolla e mesme e Bujanocit \u201cSveti Sava\u201d do t\u00eb rinovohet t\u00ebr\u00ebsisht, nga themeli deri n\u00eb \u00e7ati, n\u00eb m\u00ebnyr\u00eb q\u00eb shkolla t\u00eb marr\u00eb nj\u00eb pamje krejt\u00ebsisht t\u00eb re, tha drejtoresha Biserka Joviq. Ajo thot\u00eb se do t\u00eb rikonstruktohet edhe pun\u00ebtoria e shkoll\u00ebs, oborri, fusha sportive, por ndryshime do t\u00eb ket\u00eb edhe n\u00eb \u00a0sallen e edukates fizike.<\/p>\n","protected":false},"author":1,"featured_media":107009,"comment_status":"closed","ping_status":"closed","sticky":false,"template":"","format":"standard","meta":{"footnotes":""},"categories":[55],"tags":[],"class_list":["post-107004","post","type-post","status-publish","format-standard","has-post-thumbnail","hentry","category-lajme"],"yoast_head":"<!-- This site is optimized with the Yoast SEO plugin v27.5 - https:\/\/yoast.com\/product\/yoast-seo-wordpress\/ -->\n<title>DREJTORESHA E SHKOLL\u00cbS S\u00cb MESME \u201cSVETI SAVA\u201d: SHKOLLA DO T\u00cb RINOVOHET NGA THEMELI DERI N\u00cb \u00c7ATI - Republika e S\u00ebrbis\u00eb Trupi Koordinues p\u00ebr komunat Bujanoc, Preshev\u00eb dhe Medvegj\u00eb<\/title>\n<meta name=\"robots\" content=\"index, follow, max-snippet:-1, max-image-preview:large, max-video-preview:-1\" \/>\n<link rel=\"canonical\" href=\"https:\/\/kt.gov.rs\/sq\/drejtoresha-e-shkolles-se-mesme-sveti-sava-shkolla-do-te-rinovohet-nga-themeli-deri-ne-cati\/\" \/>\n<meta property=\"og:locale\" content=\"sq_AL\" \/>\n<meta property=\"og:type\" content=\"article\" \/>\n<meta property=\"og:title\" content=\"DREJTORESHA E SHKOLL\u00cbS S\u00cb MESME \u201cSVETI SAVA\u201d: SHKOLLA DO T\u00cb RINOVOHET NGA THEMELI DERI N\u00cb \u00c7ATI - Republika e S\u00ebrbis\u00eb Trupi Koordinues p\u00ebr komunat Bujanoc, Preshev\u00eb dhe Medvegj\u00eb\" \/>\n<meta property=\"og:description\" content=\"Bujanoc \u2013 Beograd\u00a0- Shkolla e mesme e Bujanocit \u201cSveti Sava\u201d do t\u00eb rinovohet t\u00ebr\u00ebsisht, nga themeli deri n\u00eb \u00e7ati, n\u00eb m\u00ebnyr\u00eb q\u00eb shkolla t\u00eb marr\u00eb nj\u00eb pamje krejt\u00ebsisht t\u00eb re, tha drejtoresha Biserka Joviq. Ajo thot\u00eb se do t\u00eb rikonstruktohet edhe pun\u00ebtoria e shkoll\u00ebs, oborri, fusha sportive, por ndryshime do t\u00eb ket\u00eb edhe n\u00eb \u00a0sallen e edukates fizike.\" \/>\n<meta property=\"og:url\" content=\"https:\/\/kt.gov.rs\/sq\/drejtoresha-e-shkolles-se-mesme-sveti-sava-shkolla-do-te-rinovohet-nga-themeli-deri-ne-cati\/\" \/>\n<meta property=\"og:site_name\" content=\"Republika e S\u00ebrbis\u00eb Trupi Koordinues p\u00ebr komunat Bujanoc, Preshev\u00eb dhe Medvegj\u00eb\" \/>\n<meta property=\"article:publisher\" content=\"https:\/\/www.facebook.com\/SluzbaKoordinacionogTelaVladeRepublikeSrbije\" \/>\n<meta property=\"article:published_time\" content=\"2022-10-19T00:00:00+00:00\" \/>\n<meta property=\"article:modified_time\" content=\"2024-07-30T17:55:52+00:00\" \/>\n<meta property=\"og:image\" content=\"https:\/\/kt.gov.rs\/wp-content\/uploads\/2024\/07\/1666175350_191022_2-3.jpg\" \/>\n\t<meta property=\"og:image:width\" content=\"315\" \/>\n\t<meta property=\"og:image:height\" content=\"230\" \/>\n\t<meta property=\"og:image:type\" content=\"image\/jpeg\" \/>\n<meta name=\"author\" content=\"ktmin\" \/>\n<meta name=\"twitter:card\" content=\"summary_large_image\" \/>\n<meta name=\"twitter:creator\" content=\"@kt_gov\" \/>\n<meta name=\"twitter:site\" content=\"@kt_gov\" \/>\n<meta name=\"twitter:label1\" content=\"Written by\" \/>\n\t<meta name=\"twitter:data1\" content=\"ktmin\" \/>\n\t<meta name=\"twitter:label2\" content=\"Est. reading time\" \/>\n\t<meta name=\"twitter:data2\" content=\"2 minutes\" \/>\n<script type=\"application\/ld+json\" class=\"yoast-schema-graph\">{\"@context\":\"https:\\\/\\\/schema.org\",\"@graph\":[{\"@type\":\"Article\",\"@id\":\"https:\\\/\\\/kt.gov.rs\\\/sq\\\/drejtoresha-e-shkolles-se-mesme-sveti-sava-shkolla-do-te-rinovohet-nga-themeli-deri-ne-cati\\\/#article\",\"isPartOf\":{\"@id\":\"https:\\\/\\\/kt.gov.rs\\\/sq\\\/drejtoresha-e-shkolles-se-mesme-sveti-sava-shkolla-do-te-rinovohet-nga-themeli-deri-ne-cati\\\/\"},\"author\":{\"name\":\"ktmin\",\"@id\":\"https:\\\/\\\/kt.gov.rs\\\/#\\\/schema\\\/person\\\/e426459ddb4173309103390602694571\"},\"headline\":\"DREJTORESHA E SHKOLL\u00cbS S\u00cb MESME \u201cSVETI SAVA\u201d: SHKOLLA DO T\u00cb RINOVOHET NGA THEMELI DERI N\u00cb \u00c7ATI\",\"datePublished\":\"2022-10-19T00:00:00+00:00\",\"dateModified\":\"2024-07-30T17:55:52+00:00\",\"mainEntityOfPage\":{\"@id\":\"https:\\\/\\\/kt.gov.rs\\\/sq\\\/drejtoresha-e-shkolles-se-mesme-sveti-sava-shkolla-do-te-rinovohet-nga-themeli-deri-ne-cati\\\/\"},\"wordCount\":490,\"publisher\":{\"@id\":\"https:\\\/\\\/kt.gov.rs\\\/#organization\"},\"image\":{\"@id\":\"https:\\\/\\\/kt.gov.rs\\\/sq\\\/drejtoresha-e-shkolles-se-mesme-sveti-sava-shkolla-do-te-rinovohet-nga-themeli-deri-ne-cati\\\/#primaryimage\"},\"thumbnailUrl\":\"https:\\\/\\\/kt.gov.rs\\\/wp-content\\\/uploads\\\/2024\\\/07\\\/1666175350_191022_2-3.jpg\",\"articleSection\":[\"Lajme\"],\"inLanguage\":\"sq-AL\"},{\"@type\":\"WebPage\",\"@id\":\"https:\\\/\\\/kt.gov.rs\\\/sq\\\/drejtoresha-e-shkolles-se-mesme-sveti-sava-shkolla-do-te-rinovohet-nga-themeli-deri-ne-cati\\\/\",\"url\":\"https:\\\/\\\/kt.gov.rs\\\/sq\\\/drejtoresha-e-shkolles-se-mesme-sveti-sava-shkolla-do-te-rinovohet-nga-themeli-deri-ne-cati\\\/\",\"name\":\"DREJTORESHA E SHKOLL\u00cbS S\u00cb MESME \u201cSVETI SAVA\u201d: SHKOLLA DO T\u00cb RINOVOHET NGA THEMELI DERI N\u00cb \u00c7ATI - Republika e S\u00ebrbis\u00eb Trupi Koordinues p\u00ebr komunat Bujanoc, Preshev\u00eb dhe Medvegj\u00eb\",\"isPartOf\":{\"@id\":\"https:\\\/\\\/kt.gov.rs\\\/#website\"},\"primaryImageOfPage\":{\"@id\":\"https:\\\/\\\/kt.gov.rs\\\/sq\\\/drejtoresha-e-shkolles-se-mesme-sveti-sava-shkolla-do-te-rinovohet-nga-themeli-deri-ne-cati\\\/#primaryimage\"},\"image\":{\"@id\":\"https:\\\/\\\/kt.gov.rs\\\/sq\\\/drejtoresha-e-shkolles-se-mesme-sveti-sava-shkolla-do-te-rinovohet-nga-themeli-deri-ne-cati\\\/#primaryimage\"},\"thumbnailUrl\":\"https:\\\/\\\/kt.gov.rs\\\/wp-content\\\/uploads\\\/2024\\\/07\\\/1666175350_191022_2-3.jpg\",\"datePublished\":\"2022-10-19T00:00:00+00:00\",\"dateModified\":\"2024-07-30T17:55:52+00:00\",\"breadcrumb\":{\"@id\":\"https:\\\/\\\/kt.gov.rs\\\/sq\\\/drejtoresha-e-shkolles-se-mesme-sveti-sava-shkolla-do-te-rinovohet-nga-themeli-deri-ne-cati\\\/#breadcrumb\"},\"inLanguage\":\"sq-AL\",\"potentialAction\":[{\"@type\":\"ReadAction\",\"target\":[\"https:\\\/\\\/kt.gov.rs\\\/sq\\\/drejtoresha-e-shkolles-se-mesme-sveti-sava-shkolla-do-te-rinovohet-nga-themeli-deri-ne-cati\\\/\"]}]},{\"@type\":\"ImageObject\",\"inLanguage\":\"sq-AL\",\"@id\":\"https:\\\/\\\/kt.gov.rs\\\/sq\\\/drejtoresha-e-shkolles-se-mesme-sveti-sava-shkolla-do-te-rinovohet-nga-themeli-deri-ne-cati\\\/#primaryimage\",\"url\":\"https:\\\/\\\/kt.gov.rs\\\/wp-content\\\/uploads\\\/2024\\\/07\\\/1666175350_191022_2-3.jpg\",\"contentUrl\":\"https:\\\/\\\/kt.gov.rs\\\/wp-content\\\/uploads\\\/2024\\\/07\\\/1666175350_191022_2-3.jpg\",\"width\":315,\"height\":230},{\"@type\":\"BreadcrumbList\",\"@id\":\"https:\\\/\\\/kt.gov.rs\\\/sq\\\/drejtoresha-e-shkolles-se-mesme-sveti-sava-shkolla-do-te-rinovohet-nga-themeli-deri-ne-cati\\\/#breadcrumb\",\"itemListElement\":[{\"@type\":\"ListItem\",\"position\":1,\"name\":\"\u041f\u043e\u0447\u0435\u0442\u043d\u0430\",\"item\":\"https:\\\/\\\/kt.gov.rs\\\/sq\\\/\"},{\"@type\":\"ListItem\",\"position\":2,\"name\":\"DREJTORESHA E SHKOLL\u00cbS S\u00cb MESME \u201cSVETI SAVA\u201d: SHKOLLA DO T\u00cb RINOVOHET NGA THEMELI DERI N\u00cb \u00c7ATI\"}]},{\"@type\":\"WebSite\",\"@id\":\"https:\\\/\\\/kt.gov.rs\\\/#website\",\"url\":\"https:\\\/\\\/kt.gov.rs\\\/\",\"name\":\"\u041a\u043e\u043e\u0440\u0434\u0438\u043d\u0430\u0446\u0438\u043e\u043d\u043e \u0442\u0435\u043b\u043e \u0412\u043b\u0430\u0434\u0435 \u0420\u0435\u043f\u0443\u0431\u043b\u0438\u043a\u0435 \u0421\u0440\u0431\u0438\u0458\u0435 \u0437\u0430 \u043e\u043f\u0448\u0442\u0438\u043d\u0435 \u041f\u0440\u0435\u0448\u0435\u0432\u043e, \u0411\u0443\u0458\u0430\u043d\u043e\u0432\u0430\u0446 \u0438 \u041c\u0435\u0434\u0432\u0435\u0452a\",\"description\":\"\",\"publisher\":{\"@id\":\"https:\\\/\\\/kt.gov.rs\\\/#organization\"},\"alternateName\":\"\u041a\u043e\u043e\u0440\u0434\u0438\u043d\u0430\u0446\u0438\u043e\u043d\u043e \u0442\u0435\u043b\u043e\",\"potentialAction\":[{\"@type\":\"SearchAction\",\"target\":{\"@type\":\"EntryPoint\",\"urlTemplate\":\"https:\\\/\\\/kt.gov.rs\\\/?s={search_term_string}\"},\"query-input\":{\"@type\":\"PropertyValueSpecification\",\"valueRequired\":true,\"valueName\":\"search_term_string\"}}],\"inLanguage\":\"sq-AL\"},{\"@type\":\"Organization\",\"@id\":\"https:\\\/\\\/kt.gov.rs\\\/#organization\",\"name\":\"\u041a\u043e\u043e\u0440\u0434\u0438\u043d\u0430\u0446\u0438\u043e\u043d\u043e \u0442\u0435\u043b\u043e \u0412\u043b\u0430\u0434\u0435 \u0420\u0435\u043f\u0443\u0431\u043b\u0438\u043a\u0435 \u0421\u0440\u0431\u0438\u0458\u0435 \u0437\u0430 \u043e\u043f\u0448\u0442\u0438\u043d\u0435 \u041f\u0440\u0435\u0448\u0435\u0432\u043e, \u0411\u0443\u0458\u0430\u043d\u043e\u0432\u0430\u0446 \u0438 \u041c\u0435\u0434\u0432\u0435\u0452a\",\"alternateName\":\"\u041a\u043e\u043e\u0440\u0434\u0438\u043d\u0430\u0446\u0438\u043e\u043d\u043e \u0442\u0435\u043b\u043e\",\"url\":\"https:\\\/\\\/kt.gov.rs\\\/\",\"logo\":{\"@type\":\"ImageObject\",\"inLanguage\":\"sq-AL\",\"@id\":\"https:\\\/\\\/kt.gov.rs\\\/#\\\/schema\\\/logo\\\/image\\\/\",\"url\":\"https:\\\/\\\/kt.gov.rs\\\/wp-content\\\/uploads\\\/2024\\\/12\\\/koord2.jpg\",\"contentUrl\":\"https:\\\/\\\/kt.gov.rs\\\/wp-content\\\/uploads\\\/2024\\\/12\\\/koord2.jpg\",\"width\":640,\"height\":480,\"caption\":\"\u041a\u043e\u043e\u0440\u0434\u0438\u043d\u0430\u0446\u0438\u043e\u043d\u043e \u0442\u0435\u043b\u043e \u0412\u043b\u0430\u0434\u0435 \u0420\u0435\u043f\u0443\u0431\u043b\u0438\u043a\u0435 \u0421\u0440\u0431\u0438\u0458\u0435 \u0437\u0430 \u043e\u043f\u0448\u0442\u0438\u043d\u0435 \u041f\u0440\u0435\u0448\u0435\u0432\u043e, \u0411\u0443\u0458\u0430\u043d\u043e\u0432\u0430\u0446 \u0438 \u041c\u0435\u0434\u0432\u0435\u0452a\"},\"image\":{\"@id\":\"https:\\\/\\\/kt.gov.rs\\\/#\\\/schema\\\/logo\\\/image\\\/\"},\"sameAs\":[\"https:\\\/\\\/www.facebook.com\\\/SluzbaKoordinacionogTelaVladeRepublikeSrbije\",\"https:\\\/\\\/x.com\\\/kt_gov\",\"https:\\\/\\\/www.youtube.com\\\/@koordinacionotelo\"]},{\"@type\":\"Person\",\"@id\":\"https:\\\/\\\/kt.gov.rs\\\/#\\\/schema\\\/person\\\/e426459ddb4173309103390602694571\",\"name\":\"ktmin\",\"image\":{\"@type\":\"ImageObject\",\"inLanguage\":\"sq-AL\",\"@id\":\"https:\\\/\\\/secure.gravatar.com\\\/avatar\\\/3985c961109853010c3fbc7ba30365bfba5db3dd6c525831d9c595c7525a615a?s=96&d=mm&r=g\",\"url\":\"https:\\\/\\\/secure.gravatar.com\\\/avatar\\\/3985c961109853010c3fbc7ba30365bfba5db3dd6c525831d9c595c7525a615a?s=96&d=mm&r=g\",\"contentUrl\":\"https:\\\/\\\/secure.gravatar.com\\\/avatar\\\/3985c961109853010c3fbc7ba30365bfba5db3dd6c525831d9c595c7525a615a?s=96&d=mm&r=g\",\"caption\":\"ktmin\"},\"sameAs\":[\"https:\\\/\\\/kt.gov.rs\"],\"url\":\"https:\\\/\\\/kt.gov.rs\\\/sq\\\/author\\\/ktmin\\\/\"}]}<\/script>\n<!-- \/ Yoast SEO plugin. -->","yoast_head_json":{"title":"DREJTORESHA E SHKOLL\u00cbS S\u00cb MESME \u201cSVETI SAVA\u201d: SHKOLLA DO T\u00cb RINOVOHET NGA THEMELI DERI N\u00cb \u00c7ATI - Republika e S\u00ebrbis\u00eb Trupi Koordinues p\u00ebr komunat Bujanoc, Preshev\u00eb dhe Medvegj\u00eb","robots":{"index":"index","follow":"follow","max-snippet":"max-snippet:-1","max-image-preview":"max-image-preview:large","max-video-preview":"max-video-preview:-1"},"canonical":"https:\/\/kt.gov.rs\/sq\/drejtoresha-e-shkolles-se-mesme-sveti-sava-shkolla-do-te-rinovohet-nga-themeli-deri-ne-cati\/","og_locale":"sq_AL","og_type":"article","og_title":"DREJTORESHA E SHKOLL\u00cbS S\u00cb MESME \u201cSVETI SAVA\u201d: SHKOLLA DO T\u00cb RINOVOHET NGA THEMELI DERI N\u00cb \u00c7ATI - Republika e S\u00ebrbis\u00eb Trupi Koordinues p\u00ebr komunat Bujanoc, Preshev\u00eb dhe Medvegj\u00eb","og_description":"Bujanoc \u2013 Beograd\u00a0- Shkolla e mesme e Bujanocit \u201cSveti Sava\u201d do t\u00eb rinovohet t\u00ebr\u00ebsisht, nga themeli deri n\u00eb \u00e7ati, n\u00eb m\u00ebnyr\u00eb q\u00eb shkolla t\u00eb marr\u00eb nj\u00eb pamje krejt\u00ebsisht t\u00eb re, tha drejtoresha Biserka Joviq. Ajo thot\u00eb se do t\u00eb rikonstruktohet edhe pun\u00ebtoria e shkoll\u00ebs, oborri, fusha sportive, por ndryshime do t\u00eb ket\u00eb edhe n\u00eb \u00a0sallen e edukates fizike.","og_url":"https:\/\/kt.gov.rs\/sq\/drejtoresha-e-shkolles-se-mesme-sveti-sava-shkolla-do-te-rinovohet-nga-themeli-deri-ne-cati\/","og_site_name":"Republika e S\u00ebrbis\u00eb Trupi Koordinues p\u00ebr komunat Bujanoc, Preshev\u00eb dhe Medvegj\u00eb","article_publisher":"https:\/\/www.facebook.com\/SluzbaKoordinacionogTelaVladeRepublikeSrbije","article_published_time":"2022-10-19T00:00:00+00:00","article_modified_time":"2024-07-30T17:55:52+00:00","og_image":[{"width":315,"height":230,"url":"https:\/\/kt.gov.rs\/wp-content\/uploads\/2024\/07\/1666175350_191022_2-3.jpg","type":"image\/jpeg"}],"author":"ktmin","twitter_card":"summary_large_image","twitter_creator":"@kt_gov","twitter_site":"@kt_gov","twitter_misc":{"Written by":"ktmin","Est. reading time":"2 minutes"},"schema":{"@context":"https:\/\/schema.org","@graph":[{"@type":"Article","@id":"https:\/\/kt.gov.rs\/sq\/drejtoresha-e-shkolles-se-mesme-sveti-sava-shkolla-do-te-rinovohet-nga-themeli-deri-ne-cati\/#article","isPartOf":{"@id":"https:\/\/kt.gov.rs\/sq\/drejtoresha-e-shkolles-se-mesme-sveti-sava-shkolla-do-te-rinovohet-nga-themeli-deri-ne-cati\/"},"author":{"name":"ktmin","@id":"https:\/\/kt.gov.rs\/#\/schema\/person\/e426459ddb4173309103390602694571"},"headline":"DREJTORESHA E SHKOLL\u00cbS S\u00cb MESME \u201cSVETI SAVA\u201d: SHKOLLA DO T\u00cb RINOVOHET NGA THEMELI DERI N\u00cb \u00c7ATI","datePublished":"2022-10-19T00:00:00+00:00","dateModified":"2024-07-30T17:55:52+00:00","mainEntityOfPage":{"@id":"https:\/\/kt.gov.rs\/sq\/drejtoresha-e-shkolles-se-mesme-sveti-sava-shkolla-do-te-rinovohet-nga-themeli-deri-ne-cati\/"},"wordCount":490,"publisher":{"@id":"https:\/\/kt.gov.rs\/#organization"},"image":{"@id":"https:\/\/kt.gov.rs\/sq\/drejtoresha-e-shkolles-se-mesme-sveti-sava-shkolla-do-te-rinovohet-nga-themeli-deri-ne-cati\/#primaryimage"},"thumbnailUrl":"https:\/\/kt.gov.rs\/wp-content\/uploads\/2024\/07\/1666175350_191022_2-3.jpg","articleSection":["Lajme"],"inLanguage":"sq-AL"},{"@type":"WebPage","@id":"https:\/\/kt.gov.rs\/sq\/drejtoresha-e-shkolles-se-mesme-sveti-sava-shkolla-do-te-rinovohet-nga-themeli-deri-ne-cati\/","url":"https:\/\/kt.gov.rs\/sq\/drejtoresha-e-shkolles-se-mesme-sveti-sava-shkolla-do-te-rinovohet-nga-themeli-deri-ne-cati\/","name":"DREJTORESHA E SHKOLL\u00cbS S\u00cb MESME \u201cSVETI SAVA\u201d: SHKOLLA DO T\u00cb RINOVOHET NGA THEMELI DERI N\u00cb \u00c7ATI - Republika e S\u00ebrbis\u00eb Trupi Koordinues p\u00ebr komunat Bujanoc, Preshev\u00eb dhe Medvegj\u00eb","isPartOf":{"@id":"https:\/\/kt.gov.rs\/#website"},"primaryImageOfPage":{"@id":"https:\/\/kt.gov.rs\/sq\/drejtoresha-e-shkolles-se-mesme-sveti-sava-shkolla-do-te-rinovohet-nga-themeli-deri-ne-cati\/#primaryimage"},"image":{"@id":"https:\/\/kt.gov.rs\/sq\/drejtoresha-e-shkolles-se-mesme-sveti-sava-shkolla-do-te-rinovohet-nga-themeli-deri-ne-cati\/#primaryimage"},"thumbnailUrl":"https:\/\/kt.gov.rs\/wp-content\/uploads\/2024\/07\/1666175350_191022_2-3.jpg","datePublished":"2022-10-19T00:00:00+00:00","dateModified":"2024-07-30T17:55:52+00:00","breadcrumb":{"@id":"https:\/\/kt.gov.rs\/sq\/drejtoresha-e-shkolles-se-mesme-sveti-sava-shkolla-do-te-rinovohet-nga-themeli-deri-ne-cati\/#breadcrumb"},"inLanguage":"sq-AL","potentialAction":[{"@type":"ReadAction","target":["https:\/\/kt.gov.rs\/sq\/drejtoresha-e-shkolles-se-mesme-sveti-sava-shkolla-do-te-rinovohet-nga-themeli-deri-ne-cati\/"]}]},{"@type":"ImageObject","inLanguage":"sq-AL","@id":"https:\/\/kt.gov.rs\/sq\/drejtoresha-e-shkolles-se-mesme-sveti-sava-shkolla-do-te-rinovohet-nga-themeli-deri-ne-cati\/#primaryimage","url":"https:\/\/kt.gov.rs\/wp-content\/uploads\/2024\/07\/1666175350_191022_2-3.jpg","contentUrl":"https:\/\/kt.gov.rs\/wp-content\/uploads\/2024\/07\/1666175350_191022_2-3.jpg","width":315,"height":230},{"@type":"BreadcrumbList","@id":"https:\/\/kt.gov.rs\/sq\/drejtoresha-e-shkolles-se-mesme-sveti-sava-shkolla-do-te-rinovohet-nga-themeli-deri-ne-cati\/#breadcrumb","itemListElement":[{"@type":"ListItem","position":1,"name":"\u041f\u043e\u0447\u0435\u0442\u043d\u0430","item":"https:\/\/kt.gov.rs\/sq\/"},{"@type":"ListItem","position":2,"name":"DREJTORESHA E SHKOLL\u00cbS S\u00cb MESME \u201cSVETI SAVA\u201d: SHKOLLA DO T\u00cb RINOVOHET NGA THEMELI DERI N\u00cb \u00c7ATI"}]},{"@type":"WebSite","@id":"https:\/\/kt.gov.rs\/#website","url":"https:\/\/kt.gov.rs\/","name":"\u041a\u043e\u043e\u0440\u0434\u0438\u043d\u0430\u0446\u0438\u043e\u043d\u043e \u0442\u0435\u043b\u043e \u0412\u043b\u0430\u0434\u0435 \u0420\u0435\u043f\u0443\u0431\u043b\u0438\u043a\u0435 \u0421\u0440\u0431\u0438\u0458\u0435 \u0437\u0430 \u043e\u043f\u0448\u0442\u0438\u043d\u0435 \u041f\u0440\u0435\u0448\u0435\u0432\u043e, \u0411\u0443\u0458\u0430\u043d\u043e\u0432\u0430\u0446 \u0438 \u041c\u0435\u0434\u0432\u0435\u0452a","description":"","publisher":{"@id":"https:\/\/kt.gov.rs\/#organization"},"alternateName":"\u041a\u043e\u043e\u0440\u0434\u0438\u043d\u0430\u0446\u0438\u043e\u043d\u043e \u0442\u0435\u043b\u043e","potentialAction":[{"@type":"SearchAction","target":{"@type":"EntryPoint","urlTemplate":"https:\/\/kt.gov.rs\/?s={search_term_string}"},"query-input":{"@type":"PropertyValueSpecification","valueRequired":true,"valueName":"search_term_string"}}],"inLanguage":"sq-AL"},{"@type":"Organization","@id":"https:\/\/kt.gov.rs\/#organization","name":"\u041a\u043e\u043e\u0440\u0434\u0438\u043d\u0430\u0446\u0438\u043e\u043d\u043e \u0442\u0435\u043b\u043e \u0412\u043b\u0430\u0434\u0435 \u0420\u0435\u043f\u0443\u0431\u043b\u0438\u043a\u0435 \u0421\u0440\u0431\u0438\u0458\u0435 \u0437\u0430 \u043e\u043f\u0448\u0442\u0438\u043d\u0435 \u041f\u0440\u0435\u0448\u0435\u0432\u043e, \u0411\u0443\u0458\u0430\u043d\u043e\u0432\u0430\u0446 \u0438 \u041c\u0435\u0434\u0432\u0435\u0452a","alternateName":"\u041a\u043e\u043e\u0440\u0434\u0438\u043d\u0430\u0446\u0438\u043e\u043d\u043e \u0442\u0435\u043b\u043e","url":"https:\/\/kt.gov.rs\/","logo":{"@type":"ImageObject","inLanguage":"sq-AL","@id":"https:\/\/kt.gov.rs\/#\/schema\/logo\/image\/","url":"https:\/\/kt.gov.rs\/wp-content\/uploads\/2024\/12\/koord2.jpg","contentUrl":"https:\/\/kt.gov.rs\/wp-content\/uploads\/2024\/12\/koord2.jpg","width":640,"height":480,"caption":"\u041a\u043e\u043e\u0440\u0434\u0438\u043d\u0430\u0446\u0438\u043e\u043d\u043e \u0442\u0435\u043b\u043e \u0412\u043b\u0430\u0434\u0435 \u0420\u0435\u043f\u0443\u0431\u043b\u0438\u043a\u0435 \u0421\u0440\u0431\u0438\u0458\u0435 \u0437\u0430 \u043e\u043f\u0448\u0442\u0438\u043d\u0435 \u041f\u0440\u0435\u0448\u0435\u0432\u043e, \u0411\u0443\u0458\u0430\u043d\u043e\u0432\u0430\u0446 \u0438 \u041c\u0435\u0434\u0432\u0435\u0452a"},"image":{"@id":"https:\/\/kt.gov.rs\/#\/schema\/logo\/image\/"},"sameAs":["https:\/\/www.facebook.com\/SluzbaKoordinacionogTelaVladeRepublikeSrbije","https:\/\/x.com\/kt_gov","https:\/\/www.youtube.com\/@koordinacionotelo"]},{"@type":"Person","@id":"https:\/\/kt.gov.rs\/#\/schema\/person\/e426459ddb4173309103390602694571","name":"ktmin","image":{"@type":"ImageObject","inLanguage":"sq-AL","@id":"https:\/\/secure.gravatar.com\/avatar\/3985c961109853010c3fbc7ba30365bfba5db3dd6c525831d9c595c7525a615a?s=96&d=mm&r=g","url":"https:\/\/secure.gravatar.com\/avatar\/3985c961109853010c3fbc7ba30365bfba5db3dd6c525831d9c595c7525a615a?s=96&d=mm&r=g","contentUrl":"https:\/\/secure.gravatar.com\/avatar\/3985c961109853010c3fbc7ba30365bfba5db3dd6c525831d9c595c7525a615a?s=96&d=mm&r=g","caption":"ktmin"},"sameAs":["https:\/\/kt.gov.rs"],"url":"https:\/\/kt.gov.rs\/sq\/author\/ktmin\/"}]}},"_links":{"self":[{"href":"https:\/\/kt.gov.rs\/sq\/wp-json\/wp\/v2\/posts\/107004","targetHints":{"allow":["GET"]}}],"collection":[{"href":"https:\/\/kt.gov.rs\/sq\/wp-json\/wp\/v2\/posts"}],"about":[{"href":"https:\/\/kt.gov.rs\/sq\/wp-json\/wp\/v2\/types\/post"}],"author":[{"embeddable":true,"href":"https:\/\/kt.gov.rs\/sq\/wp-json\/wp\/v2\/users\/1"}],"replies":[{"embeddable":true,"href":"https:\/\/kt.gov.rs\/sq\/wp-json\/wp\/v2\/comments?post=107004"}],"version-history":[{"count":1,"href":"https:\/\/kt.gov.rs\/sq\/wp-json\/wp\/v2\/posts\/107004\/revisions"}],"predecessor-version":[{"id":107008,"href":"https:\/\/kt.gov.rs\/sq\/wp-json\/wp\/v2\/posts\/107004\/revisions\/107008"}],"wp:featuredmedia":[{"embeddable":true,"href":"https:\/\/kt.gov.rs\/sq\/wp-json\/wp\/v2\/media\/107009"}],"wp:attachment":[{"href":"https:\/\/kt.gov.rs\/sq\/wp-json\/wp\/v2\/media?parent=107004"}],"wp:term":[{"taxonomy":"category","embeddable":true,"href":"https:\/\/kt.gov.rs\/sq\/wp-json\/wp\/v2\/categories?post=107004"},{"taxonomy":"post_tag","embeddable":true,"href":"https:\/\/kt.gov.rs\/sq\/wp-json\/wp\/v2\/tags?post=107004"}],"curies":[{"name":"wp","href":"https:\/\/api.w.org\/{rel}","templated":true}]}}