{"id":106996,"date":"2022-10-19T00:00:00","date_gmt":"2022-10-19T00:00:00","guid":{"rendered":"http:\/\/kt.printandscreen.rs\/lufta-kunder-trafikimit-me-qenie-njerezore-ne-bujanoc-eshte-ne-pritje-te-vendimit-nga-komuna\/"},"modified":"2024-07-30T17:55:52","modified_gmt":"2024-07-30T17:55:52","slug":"lufta-kunder-trafikimit-me-qenie-njerezore-ne-bujanoc-eshte-ne-pritje-te-vendimit-nga-komuna","status":"publish","type":"post","link":"https:\/\/kt.gov.rs\/sq\/lufta-kunder-trafikimit-me-qenie-njerezore-ne-bujanoc-eshte-ne-pritje-te-vendimit-nga-komuna\/","title":{"rendered":"LUFTA KUND\u00cbR TRAFIKIMIT ME QENIE NJER\u00cbZORE N\u00cb BUJANOC \u00cbSHT\u00cb N\u00cb PRITJE T\u00cb VENDIMIT NGA KOMUNA"},"content":{"rendered":"<p>\n\t<strong><img decoding=\"async\" alt=\"\" src=\"https:\/\/kt.gov.rs\/wp-content\/uploads\/2024\/07\/1666175430_191022_4-2.jpg\" style=\"width: 315px; height: 230px; float: left;\" \/>Bujanoc \u2013 Beograd<\/strong>\u00a0-Rrjeti lokal p\u00ebr luft\u00ebn kund\u00ebr trafikimit me qenie njer\u00ebzore n\u00eb Bujanoc do t\u00eb kompletohet deri n\u00eb fund t\u00eb vitit me bashk\u00ebpunim t\u00eb shtuar t\u00eb t\u00eb gjitha institucioneve relevante, u konkludua n\u00eb Bujanoc n\u00eb takimin e mbajtur me rastin e Dit\u00ebs Evropiane kund\u00ebr trafikimit me njer\u00ebz.<\/p>\n<p>\n\tSipas Suzana Antiq Ristiq nga Komiteti p\u00ebr t\u00eb Drejtat e Njeriut, bashk\u00ebpunimi institucional \u00ebsht\u00eb i nevojsh\u00ebm p\u00ebr shkak t\u00eb njohjes m\u00eb t\u00eb mir\u00eb t\u00eb problemit t\u00eb trafikimit t\u00eb qenieve njer\u00ebzore.<\/p>\n<p>\n\tIniciativa i \u00ebsht\u00eb dor\u00ebzuar K\u00ebshillit komunal. Ne kemi mb\u00ebshtetjen e vet\u00ebqeverisjes lokale dhe presim q\u00eb n\u00eb seancat e ardhshme t\u00eb miratohet vendimi i propozuar dhe Kuvendi zyrtarisht t\u00eb marr\u00eb vendim p\u00ebr formimin e rrjetit\u201d, tha Suzana Antiq Ristiq.<\/p>\n<p>\n\tNisma p\u00ebr t\u00eb formuar nj\u00eb rrjet lokal p\u00ebr t\u00eb luftuar trafikimin e qenieve njer\u00ebzore filloi nj\u00eb vit m\u00eb par\u00eb.<\/p>\n<p>\n\tDuke folur p\u00ebr r\u00ebnd\u00ebsin\u00eb dhe domosdoshm\u00ebrin\u00eb e formimit t\u00eb nj\u00eb rrjeti lokal p\u00ebr parandalimin dhe luftimin e trafikimit t\u00eb qenieve njer\u00ebzore, shefi i kabinetit\u00a0 t\u00eb kryetari t\u00eb komun\u00ebs, Sali Salihi, tha se vet\u00ebqeverisja lokale \u00ebsht\u00eb e interesuar t\u00eb ofroj\u00eb mb\u00ebshtetje dhe ndihm\u00eb n\u00eb realizimin e t\u00eb k\u00ebtij programi.<\/p>\n<p>\n\t\u00a0\u201cNe si komun\u00eb jemi t\u00eb interesuar q\u00eb t\u00eb nd\u00ebrgjegj\u00ebsojm\u00eb publikun p\u00ebr k\u00ebt\u00eb problem social dhe t\u00eb punojm\u00eb p\u00ebr parandalimin e tij. Nisma ekziston dhe besoj se do t\u00eb shqyrtohet dhe miratohet n\u00eb seancat e ardhshme t\u00eb K\u00ebshillit Komunal\u201d, tha Salihi.<\/p>\n<p>\n\tDuke folur p\u00ebr konceptin e trafikimit t\u00eb qenieve njer\u00ebzore, parandalimin dhe edukimin, pjes\u00ebmarr\u00ebsit e takimit ran\u00eb dakord se p\u00ebr zgjidhjen e problemit dhe njohjen e tij \u00ebsht\u00eb i nevojsh\u00ebm bashk\u00ebpunimi nd\u00ebrinstitucional i t\u00eb gjith\u00eb aktor\u00ebve.<\/p>\n<p>\n\t\u00a0\u201cKemi b\u00ebr\u00eb pjes\u00ebn m\u00eb t\u00eb v\u00ebshtir\u00eb t\u00eb pun\u00ebs. Iniciativa \u00ebsht\u00eb aty, ne kemi mb\u00ebshtetjen dhe na mbetet vet\u00ebm ta fusim n\u00eb kanalet ligjore\u201d, ka p\u00ebrfunduar Vlastimir Stojkoviq, bashk\u00ebpun\u00ebtor p\u00ebr aktivitete programore t\u00eb Kryqit t\u00eb Kuq.<\/p>\n<p>\n\tTakimi me rastin e vler\u00ebsimit t\u00eb aktiviteteve t\u00eb formimit t\u00eb rrjetit kund\u00ebr trafikimit n\u00eb Bujanoc \u00ebsht\u00eb mbajtur n\u00eb sall\u00ebn e vog\u00ebl t\u00eb Sht\u00ebpis\u00eb s\u00eb Kultur\u00ebs n\u00eb organizim t\u00eb Kryqit t\u00eb Kuq t\u00eb Bujanocit n\u00eb bashk\u00ebpunim me \u00a0K\u00ebshillin p\u00ebr\u00a0t\u00eb\u00a0drejtat e njeriut\u00a0nga Vranja.<\/p>\n<p>\n\tN\u00eb takim mor\u00ebn pjes\u00eb edhe p\u00ebrfaq\u00ebsues t\u00eb institucioneve publike n\u00eb Bujanoc.<\/p>\n<p>\n\t\u0415\u0432\u0440\u043e\u043f\u0441\u043a\u0430 \u043a\u043e\u043c\u0438\u0441\u0438\u0458\u0430 \u0458\u0435 \u043f\u0440\u043e\u0433\u043b\u0430\u0441\u0438\u043b\u0430 18. \u043e\u043a\u0442\u043e\u0431\u0430\u0440 \u0437\u0430 \u0415\u0432\u0440\u043e\u043f\u0441\u043a\u0438 \u0434\u0430\u043d \u0431\u043e\u0440\u0431\u0435 \u043f\u0440\u043e\u0442\u0438\u0432 \u0442\u0440\u0433\u043e\u0432\u0438\u043d\u0435 \u043b\u0458\u0443\u0434\u0438\u043c\u0430.<\/p>\n<p>\n\tKomisioni Evropian shpalli 18 tetorin si Dit\u00ebn Evropiane kund\u00ebr Trafikimit t\u00eb Qenieve Njer\u00ebzore.<\/p>\n<p>\n\tQ\u00eb at\u00ebher\u00eb, n\u00eb t\u00eb gjith\u00eb Evrop\u00ebn jan\u00eb organizuar aktivitete q\u00eb synojn\u00eb nd\u00ebrgjegj\u00ebsimin e publikut p\u00ebr problemin dhe pasojat e trafikimit t\u00eb qenieve njer\u00ebzore.<\/p>\n<p>\n\t<strong>Burimi: Bujanova\u00e7ke dhe Trupi Koordinues<\/strong><\/p>\n<p>\n\t\u00a0<\/p>\n","protected":false},"excerpt":{"rendered":"<p>Bujanoc \u2013 Beograd\u00a0-Rrjeti lokal p\u00ebr luft\u00ebn kund\u00ebr trafikimit me qenie njer\u00ebzore n\u00eb Bujanoc do t\u00eb kompletohet deri n\u00eb fund t\u00eb vitit me bashk\u00ebpunim t\u00eb shtuar t\u00eb t\u00eb gjitha institucioneve relevante, u konkludua n\u00eb Bujanoc n\u00eb takimin e mbajtur me rastin e Dit\u00ebs Evropiane kund\u00ebr trafikimit me njer\u00ebz.<\/p>\n","protected":false},"author":1,"featured_media":107001,"comment_status":"closed","ping_status":"closed","sticky":false,"template":"","format":"standard","meta":{"footnotes":""},"categories":[55],"tags":[],"class_list":["post-106996","post","type-post","status-publish","format-standard","has-post-thumbnail","hentry","category-lajme"],"yoast_head":"<!-- This site is optimized with the Yoast SEO plugin v27.5 - https:\/\/yoast.com\/product\/yoast-seo-wordpress\/ -->\n<title>LUFTA KUND\u00cbR TRAFIKIMIT ME QENIE NJER\u00cbZORE N\u00cb BUJANOC \u00cbSHT\u00cb N\u00cb PRITJE T\u00cb VENDIMIT NGA KOMUNA - Republika e S\u00ebrbis\u00eb Trupi Koordinues p\u00ebr komunat Bujanoc, Preshev\u00eb dhe Medvegj\u00eb<\/title>\n<meta name=\"robots\" content=\"index, follow, max-snippet:-1, max-image-preview:large, max-video-preview:-1\" \/>\n<link rel=\"canonical\" href=\"https:\/\/kt.gov.rs\/sq\/lufta-kunder-trafikimit-me-qenie-njerezore-ne-bujanoc-eshte-ne-pritje-te-vendimit-nga-komuna\/\" \/>\n<meta property=\"og:locale\" content=\"sq_AL\" \/>\n<meta property=\"og:type\" content=\"article\" \/>\n<meta property=\"og:title\" content=\"LUFTA KUND\u00cbR TRAFIKIMIT ME QENIE NJER\u00cbZORE N\u00cb BUJANOC \u00cbSHT\u00cb N\u00cb PRITJE T\u00cb VENDIMIT NGA KOMUNA - Republika e S\u00ebrbis\u00eb Trupi Koordinues p\u00ebr komunat Bujanoc, Preshev\u00eb dhe Medvegj\u00eb\" \/>\n<meta property=\"og:description\" content=\"Bujanoc \u2013 Beograd\u00a0-Rrjeti lokal p\u00ebr luft\u00ebn kund\u00ebr trafikimit me qenie njer\u00ebzore n\u00eb Bujanoc do t\u00eb kompletohet deri n\u00eb fund t\u00eb vitit me bashk\u00ebpunim t\u00eb shtuar t\u00eb t\u00eb gjitha institucioneve relevante, u konkludua n\u00eb Bujanoc n\u00eb takimin e mbajtur me rastin e Dit\u00ebs Evropiane kund\u00ebr trafikimit me njer\u00ebz.\" \/>\n<meta property=\"og:url\" content=\"https:\/\/kt.gov.rs\/sq\/lufta-kunder-trafikimit-me-qenie-njerezore-ne-bujanoc-eshte-ne-pritje-te-vendimit-nga-komuna\/\" \/>\n<meta property=\"og:site_name\" content=\"Republika e S\u00ebrbis\u00eb Trupi Koordinues p\u00ebr komunat Bujanoc, Preshev\u00eb dhe Medvegj\u00eb\" \/>\n<meta property=\"article:publisher\" content=\"https:\/\/www.facebook.com\/SluzbaKoordinacionogTelaVladeRepublikeSrbije\" \/>\n<meta property=\"article:published_time\" content=\"2022-10-19T00:00:00+00:00\" \/>\n<meta property=\"article:modified_time\" content=\"2024-07-30T17:55:52+00:00\" \/>\n<meta property=\"og:image\" content=\"https:\/\/kt.gov.rs\/wp-content\/uploads\/2024\/07\/1666175430_191022_4-3.jpg\" \/>\n\t<meta property=\"og:image:width\" content=\"315\" \/>\n\t<meta property=\"og:image:height\" content=\"230\" \/>\n\t<meta property=\"og:image:type\" content=\"image\/jpeg\" \/>\n<meta name=\"author\" content=\"ktmin\" \/>\n<meta name=\"twitter:card\" content=\"summary_large_image\" \/>\n<meta name=\"twitter:creator\" content=\"@kt_gov\" \/>\n<meta name=\"twitter:site\" content=\"@kt_gov\" \/>\n<meta name=\"twitter:label1\" content=\"Written by\" \/>\n\t<meta name=\"twitter:data1\" content=\"ktmin\" \/>\n\t<meta name=\"twitter:label2\" content=\"Est. reading time\" \/>\n\t<meta name=\"twitter:data2\" content=\"3 minutes\" \/>\n<script type=\"application\/ld+json\" class=\"yoast-schema-graph\">{\"@context\":\"https:\\\/\\\/schema.org\",\"@graph\":[{\"@type\":\"Article\",\"@id\":\"https:\\\/\\\/kt.gov.rs\\\/sq\\\/lufta-kunder-trafikimit-me-qenie-njerezore-ne-bujanoc-eshte-ne-pritje-te-vendimit-nga-komuna\\\/#article\",\"isPartOf\":{\"@id\":\"https:\\\/\\\/kt.gov.rs\\\/sq\\\/lufta-kunder-trafikimit-me-qenie-njerezore-ne-bujanoc-eshte-ne-pritje-te-vendimit-nga-komuna\\\/\"},\"author\":{\"name\":\"ktmin\",\"@id\":\"https:\\\/\\\/kt.gov.rs\\\/#\\\/schema\\\/person\\\/e426459ddb4173309103390602694571\"},\"headline\":\"LUFTA KUND\u00cbR TRAFIKIMIT ME QENIE NJER\u00cbZORE N\u00cb BUJANOC \u00cbSHT\u00cb N\u00cb PRITJE T\u00cb VENDIMIT NGA KOMUNA\",\"datePublished\":\"2022-10-19T00:00:00+00:00\",\"dateModified\":\"2024-07-30T17:55:52+00:00\",\"mainEntityOfPage\":{\"@id\":\"https:\\\/\\\/kt.gov.rs\\\/sq\\\/lufta-kunder-trafikimit-me-qenie-njerezore-ne-bujanoc-eshte-ne-pritje-te-vendimit-nga-komuna\\\/\"},\"wordCount\":690,\"publisher\":{\"@id\":\"https:\\\/\\\/kt.gov.rs\\\/#organization\"},\"image\":{\"@id\":\"https:\\\/\\\/kt.gov.rs\\\/sq\\\/lufta-kunder-trafikimit-me-qenie-njerezore-ne-bujanoc-eshte-ne-pritje-te-vendimit-nga-komuna\\\/#primaryimage\"},\"thumbnailUrl\":\"https:\\\/\\\/kt.gov.rs\\\/wp-content\\\/uploads\\\/2024\\\/07\\\/1666175430_191022_4-3.jpg\",\"articleSection\":[\"Lajme\"],\"inLanguage\":\"sq-AL\"},{\"@type\":\"WebPage\",\"@id\":\"https:\\\/\\\/kt.gov.rs\\\/sq\\\/lufta-kunder-trafikimit-me-qenie-njerezore-ne-bujanoc-eshte-ne-pritje-te-vendimit-nga-komuna\\\/\",\"url\":\"https:\\\/\\\/kt.gov.rs\\\/sq\\\/lufta-kunder-trafikimit-me-qenie-njerezore-ne-bujanoc-eshte-ne-pritje-te-vendimit-nga-komuna\\\/\",\"name\":\"LUFTA KUND\u00cbR TRAFIKIMIT ME QENIE NJER\u00cbZORE N\u00cb BUJANOC \u00cbSHT\u00cb N\u00cb PRITJE T\u00cb VENDIMIT NGA KOMUNA - Republika e S\u00ebrbis\u00eb Trupi Koordinues p\u00ebr komunat Bujanoc, Preshev\u00eb dhe Medvegj\u00eb\",\"isPartOf\":{\"@id\":\"https:\\\/\\\/kt.gov.rs\\\/#website\"},\"primaryImageOfPage\":{\"@id\":\"https:\\\/\\\/kt.gov.rs\\\/sq\\\/lufta-kunder-trafikimit-me-qenie-njerezore-ne-bujanoc-eshte-ne-pritje-te-vendimit-nga-komuna\\\/#primaryimage\"},\"image\":{\"@id\":\"https:\\\/\\\/kt.gov.rs\\\/sq\\\/lufta-kunder-trafikimit-me-qenie-njerezore-ne-bujanoc-eshte-ne-pritje-te-vendimit-nga-komuna\\\/#primaryimage\"},\"thumbnailUrl\":\"https:\\\/\\\/kt.gov.rs\\\/wp-content\\\/uploads\\\/2024\\\/07\\\/1666175430_191022_4-3.jpg\",\"datePublished\":\"2022-10-19T00:00:00+00:00\",\"dateModified\":\"2024-07-30T17:55:52+00:00\",\"breadcrumb\":{\"@id\":\"https:\\\/\\\/kt.gov.rs\\\/sq\\\/lufta-kunder-trafikimit-me-qenie-njerezore-ne-bujanoc-eshte-ne-pritje-te-vendimit-nga-komuna\\\/#breadcrumb\"},\"inLanguage\":\"sq-AL\",\"potentialAction\":[{\"@type\":\"ReadAction\",\"target\":[\"https:\\\/\\\/kt.gov.rs\\\/sq\\\/lufta-kunder-trafikimit-me-qenie-njerezore-ne-bujanoc-eshte-ne-pritje-te-vendimit-nga-komuna\\\/\"]}]},{\"@type\":\"ImageObject\",\"inLanguage\":\"sq-AL\",\"@id\":\"https:\\\/\\\/kt.gov.rs\\\/sq\\\/lufta-kunder-trafikimit-me-qenie-njerezore-ne-bujanoc-eshte-ne-pritje-te-vendimit-nga-komuna\\\/#primaryimage\",\"url\":\"https:\\\/\\\/kt.gov.rs\\\/wp-content\\\/uploads\\\/2024\\\/07\\\/1666175430_191022_4-3.jpg\",\"contentUrl\":\"https:\\\/\\\/kt.gov.rs\\\/wp-content\\\/uploads\\\/2024\\\/07\\\/1666175430_191022_4-3.jpg\",\"width\":315,\"height\":230},{\"@type\":\"BreadcrumbList\",\"@id\":\"https:\\\/\\\/kt.gov.rs\\\/sq\\\/lufta-kunder-trafikimit-me-qenie-njerezore-ne-bujanoc-eshte-ne-pritje-te-vendimit-nga-komuna\\\/#breadcrumb\",\"itemListElement\":[{\"@type\":\"ListItem\",\"position\":1,\"name\":\"\u041f\u043e\u0447\u0435\u0442\u043d\u0430\",\"item\":\"https:\\\/\\\/kt.gov.rs\\\/sq\\\/\"},{\"@type\":\"ListItem\",\"position\":2,\"name\":\"LUFTA KUND\u00cbR TRAFIKIMIT ME QENIE NJER\u00cbZORE N\u00cb BUJANOC \u00cbSHT\u00cb N\u00cb PRITJE T\u00cb VENDIMIT NGA KOMUNA\"}]},{\"@type\":\"WebSite\",\"@id\":\"https:\\\/\\\/kt.gov.rs\\\/#website\",\"url\":\"https:\\\/\\\/kt.gov.rs\\\/\",\"name\":\"\u041a\u043e\u043e\u0440\u0434\u0438\u043d\u0430\u0446\u0438\u043e\u043d\u043e \u0442\u0435\u043b\u043e \u0412\u043b\u0430\u0434\u0435 \u0420\u0435\u043f\u0443\u0431\u043b\u0438\u043a\u0435 \u0421\u0440\u0431\u0438\u0458\u0435 \u0437\u0430 \u043e\u043f\u0448\u0442\u0438\u043d\u0435 \u041f\u0440\u0435\u0448\u0435\u0432\u043e, \u0411\u0443\u0458\u0430\u043d\u043e\u0432\u0430\u0446 \u0438 \u041c\u0435\u0434\u0432\u0435\u0452a\",\"description\":\"\",\"publisher\":{\"@id\":\"https:\\\/\\\/kt.gov.rs\\\/#organization\"},\"alternateName\":\"\u041a\u043e\u043e\u0440\u0434\u0438\u043d\u0430\u0446\u0438\u043e\u043d\u043e \u0442\u0435\u043b\u043e\",\"potentialAction\":[{\"@type\":\"SearchAction\",\"target\":{\"@type\":\"EntryPoint\",\"urlTemplate\":\"https:\\\/\\\/kt.gov.rs\\\/?s={search_term_string}\"},\"query-input\":{\"@type\":\"PropertyValueSpecification\",\"valueRequired\":true,\"valueName\":\"search_term_string\"}}],\"inLanguage\":\"sq-AL\"},{\"@type\":\"Organization\",\"@id\":\"https:\\\/\\\/kt.gov.rs\\\/#organization\",\"name\":\"\u041a\u043e\u043e\u0440\u0434\u0438\u043d\u0430\u0446\u0438\u043e\u043d\u043e \u0442\u0435\u043b\u043e \u0412\u043b\u0430\u0434\u0435 \u0420\u0435\u043f\u0443\u0431\u043b\u0438\u043a\u0435 \u0421\u0440\u0431\u0438\u0458\u0435 \u0437\u0430 \u043e\u043f\u0448\u0442\u0438\u043d\u0435 \u041f\u0440\u0435\u0448\u0435\u0432\u043e, \u0411\u0443\u0458\u0430\u043d\u043e\u0432\u0430\u0446 \u0438 \u041c\u0435\u0434\u0432\u0435\u0452a\",\"alternateName\":\"\u041a\u043e\u043e\u0440\u0434\u0438\u043d\u0430\u0446\u0438\u043e\u043d\u043e \u0442\u0435\u043b\u043e\",\"url\":\"https:\\\/\\\/kt.gov.rs\\\/\",\"logo\":{\"@type\":\"ImageObject\",\"inLanguage\":\"sq-AL\",\"@id\":\"https:\\\/\\\/kt.gov.rs\\\/#\\\/schema\\\/logo\\\/image\\\/\",\"url\":\"https:\\\/\\\/kt.gov.rs\\\/wp-content\\\/uploads\\\/2024\\\/12\\\/koord2.jpg\",\"contentUrl\":\"https:\\\/\\\/kt.gov.rs\\\/wp-content\\\/uploads\\\/2024\\\/12\\\/koord2.jpg\",\"width\":640,\"height\":480,\"caption\":\"\u041a\u043e\u043e\u0440\u0434\u0438\u043d\u0430\u0446\u0438\u043e\u043d\u043e \u0442\u0435\u043b\u043e \u0412\u043b\u0430\u0434\u0435 \u0420\u0435\u043f\u0443\u0431\u043b\u0438\u043a\u0435 \u0421\u0440\u0431\u0438\u0458\u0435 \u0437\u0430 \u043e\u043f\u0448\u0442\u0438\u043d\u0435 \u041f\u0440\u0435\u0448\u0435\u0432\u043e, \u0411\u0443\u0458\u0430\u043d\u043e\u0432\u0430\u0446 \u0438 \u041c\u0435\u0434\u0432\u0435\u0452a\"},\"image\":{\"@id\":\"https:\\\/\\\/kt.gov.rs\\\/#\\\/schema\\\/logo\\\/image\\\/\"},\"sameAs\":[\"https:\\\/\\\/www.facebook.com\\\/SluzbaKoordinacionogTelaVladeRepublikeSrbije\",\"https:\\\/\\\/x.com\\\/kt_gov\",\"https:\\\/\\\/www.youtube.com\\\/@koordinacionotelo\"]},{\"@type\":\"Person\",\"@id\":\"https:\\\/\\\/kt.gov.rs\\\/#\\\/schema\\\/person\\\/e426459ddb4173309103390602694571\",\"name\":\"ktmin\",\"image\":{\"@type\":\"ImageObject\",\"inLanguage\":\"sq-AL\",\"@id\":\"https:\\\/\\\/secure.gravatar.com\\\/avatar\\\/3985c961109853010c3fbc7ba30365bfba5db3dd6c525831d9c595c7525a615a?s=96&d=mm&r=g\",\"url\":\"https:\\\/\\\/secure.gravatar.com\\\/avatar\\\/3985c961109853010c3fbc7ba30365bfba5db3dd6c525831d9c595c7525a615a?s=96&d=mm&r=g\",\"contentUrl\":\"https:\\\/\\\/secure.gravatar.com\\\/avatar\\\/3985c961109853010c3fbc7ba30365bfba5db3dd6c525831d9c595c7525a615a?s=96&d=mm&r=g\",\"caption\":\"ktmin\"},\"sameAs\":[\"https:\\\/\\\/kt.gov.rs\"],\"url\":\"https:\\\/\\\/kt.gov.rs\\\/sq\\\/author\\\/ktmin\\\/\"}]}<\/script>\n<!-- \/ Yoast SEO plugin. -->","yoast_head_json":{"title":"LUFTA KUND\u00cbR TRAFIKIMIT ME QENIE NJER\u00cbZORE N\u00cb BUJANOC \u00cbSHT\u00cb N\u00cb PRITJE T\u00cb VENDIMIT NGA KOMUNA - Republika e S\u00ebrbis\u00eb Trupi Koordinues p\u00ebr komunat Bujanoc, Preshev\u00eb dhe Medvegj\u00eb","robots":{"index":"index","follow":"follow","max-snippet":"max-snippet:-1","max-image-preview":"max-image-preview:large","max-video-preview":"max-video-preview:-1"},"canonical":"https:\/\/kt.gov.rs\/sq\/lufta-kunder-trafikimit-me-qenie-njerezore-ne-bujanoc-eshte-ne-pritje-te-vendimit-nga-komuna\/","og_locale":"sq_AL","og_type":"article","og_title":"LUFTA KUND\u00cbR TRAFIKIMIT ME QENIE NJER\u00cbZORE N\u00cb BUJANOC \u00cbSHT\u00cb N\u00cb PRITJE T\u00cb VENDIMIT NGA KOMUNA - Republika e S\u00ebrbis\u00eb Trupi Koordinues p\u00ebr komunat Bujanoc, Preshev\u00eb dhe Medvegj\u00eb","og_description":"Bujanoc \u2013 Beograd\u00a0-Rrjeti lokal p\u00ebr luft\u00ebn kund\u00ebr trafikimit me qenie njer\u00ebzore n\u00eb Bujanoc do t\u00eb kompletohet deri n\u00eb fund t\u00eb vitit me bashk\u00ebpunim t\u00eb shtuar t\u00eb t\u00eb gjitha institucioneve relevante, u konkludua n\u00eb Bujanoc n\u00eb takimin e mbajtur me rastin e Dit\u00ebs Evropiane kund\u00ebr trafikimit me njer\u00ebz.","og_url":"https:\/\/kt.gov.rs\/sq\/lufta-kunder-trafikimit-me-qenie-njerezore-ne-bujanoc-eshte-ne-pritje-te-vendimit-nga-komuna\/","og_site_name":"Republika e S\u00ebrbis\u00eb Trupi Koordinues p\u00ebr komunat Bujanoc, Preshev\u00eb dhe Medvegj\u00eb","article_publisher":"https:\/\/www.facebook.com\/SluzbaKoordinacionogTelaVladeRepublikeSrbije","article_published_time":"2022-10-19T00:00:00+00:00","article_modified_time":"2024-07-30T17:55:52+00:00","og_image":[{"width":315,"height":230,"url":"https:\/\/kt.gov.rs\/wp-content\/uploads\/2024\/07\/1666175430_191022_4-3.jpg","type":"image\/jpeg"}],"author":"ktmin","twitter_card":"summary_large_image","twitter_creator":"@kt_gov","twitter_site":"@kt_gov","twitter_misc":{"Written by":"ktmin","Est. reading time":"3 minutes"},"schema":{"@context":"https:\/\/schema.org","@graph":[{"@type":"Article","@id":"https:\/\/kt.gov.rs\/sq\/lufta-kunder-trafikimit-me-qenie-njerezore-ne-bujanoc-eshte-ne-pritje-te-vendimit-nga-komuna\/#article","isPartOf":{"@id":"https:\/\/kt.gov.rs\/sq\/lufta-kunder-trafikimit-me-qenie-njerezore-ne-bujanoc-eshte-ne-pritje-te-vendimit-nga-komuna\/"},"author":{"name":"ktmin","@id":"https:\/\/kt.gov.rs\/#\/schema\/person\/e426459ddb4173309103390602694571"},"headline":"LUFTA KUND\u00cbR TRAFIKIMIT ME QENIE NJER\u00cbZORE N\u00cb BUJANOC \u00cbSHT\u00cb N\u00cb PRITJE T\u00cb VENDIMIT NGA KOMUNA","datePublished":"2022-10-19T00:00:00+00:00","dateModified":"2024-07-30T17:55:52+00:00","mainEntityOfPage":{"@id":"https:\/\/kt.gov.rs\/sq\/lufta-kunder-trafikimit-me-qenie-njerezore-ne-bujanoc-eshte-ne-pritje-te-vendimit-nga-komuna\/"},"wordCount":690,"publisher":{"@id":"https:\/\/kt.gov.rs\/#organization"},"image":{"@id":"https:\/\/kt.gov.rs\/sq\/lufta-kunder-trafikimit-me-qenie-njerezore-ne-bujanoc-eshte-ne-pritje-te-vendimit-nga-komuna\/#primaryimage"},"thumbnailUrl":"https:\/\/kt.gov.rs\/wp-content\/uploads\/2024\/07\/1666175430_191022_4-3.jpg","articleSection":["Lajme"],"inLanguage":"sq-AL"},{"@type":"WebPage","@id":"https:\/\/kt.gov.rs\/sq\/lufta-kunder-trafikimit-me-qenie-njerezore-ne-bujanoc-eshte-ne-pritje-te-vendimit-nga-komuna\/","url":"https:\/\/kt.gov.rs\/sq\/lufta-kunder-trafikimit-me-qenie-njerezore-ne-bujanoc-eshte-ne-pritje-te-vendimit-nga-komuna\/","name":"LUFTA KUND\u00cbR TRAFIKIMIT ME QENIE NJER\u00cbZORE N\u00cb BUJANOC \u00cbSHT\u00cb N\u00cb PRITJE T\u00cb VENDIMIT NGA KOMUNA - Republika e S\u00ebrbis\u00eb Trupi Koordinues p\u00ebr komunat Bujanoc, Preshev\u00eb dhe Medvegj\u00eb","isPartOf":{"@id":"https:\/\/kt.gov.rs\/#website"},"primaryImageOfPage":{"@id":"https:\/\/kt.gov.rs\/sq\/lufta-kunder-trafikimit-me-qenie-njerezore-ne-bujanoc-eshte-ne-pritje-te-vendimit-nga-komuna\/#primaryimage"},"image":{"@id":"https:\/\/kt.gov.rs\/sq\/lufta-kunder-trafikimit-me-qenie-njerezore-ne-bujanoc-eshte-ne-pritje-te-vendimit-nga-komuna\/#primaryimage"},"thumbnailUrl":"https:\/\/kt.gov.rs\/wp-content\/uploads\/2024\/07\/1666175430_191022_4-3.jpg","datePublished":"2022-10-19T00:00:00+00:00","dateModified":"2024-07-30T17:55:52+00:00","breadcrumb":{"@id":"https:\/\/kt.gov.rs\/sq\/lufta-kunder-trafikimit-me-qenie-njerezore-ne-bujanoc-eshte-ne-pritje-te-vendimit-nga-komuna\/#breadcrumb"},"inLanguage":"sq-AL","potentialAction":[{"@type":"ReadAction","target":["https:\/\/kt.gov.rs\/sq\/lufta-kunder-trafikimit-me-qenie-njerezore-ne-bujanoc-eshte-ne-pritje-te-vendimit-nga-komuna\/"]}]},{"@type":"ImageObject","inLanguage":"sq-AL","@id":"https:\/\/kt.gov.rs\/sq\/lufta-kunder-trafikimit-me-qenie-njerezore-ne-bujanoc-eshte-ne-pritje-te-vendimit-nga-komuna\/#primaryimage","url":"https:\/\/kt.gov.rs\/wp-content\/uploads\/2024\/07\/1666175430_191022_4-3.jpg","contentUrl":"https:\/\/kt.gov.rs\/wp-content\/uploads\/2024\/07\/1666175430_191022_4-3.jpg","width":315,"height":230},{"@type":"BreadcrumbList","@id":"https:\/\/kt.gov.rs\/sq\/lufta-kunder-trafikimit-me-qenie-njerezore-ne-bujanoc-eshte-ne-pritje-te-vendimit-nga-komuna\/#breadcrumb","itemListElement":[{"@type":"ListItem","position":1,"name":"\u041f\u043e\u0447\u0435\u0442\u043d\u0430","item":"https:\/\/kt.gov.rs\/sq\/"},{"@type":"ListItem","position":2,"name":"LUFTA KUND\u00cbR TRAFIKIMIT ME QENIE NJER\u00cbZORE N\u00cb BUJANOC \u00cbSHT\u00cb N\u00cb PRITJE T\u00cb VENDIMIT NGA KOMUNA"}]},{"@type":"WebSite","@id":"https:\/\/kt.gov.rs\/#website","url":"https:\/\/kt.gov.rs\/","name":"\u041a\u043e\u043e\u0440\u0434\u0438\u043d\u0430\u0446\u0438\u043e\u043d\u043e \u0442\u0435\u043b\u043e \u0412\u043b\u0430\u0434\u0435 \u0420\u0435\u043f\u0443\u0431\u043b\u0438\u043a\u0435 \u0421\u0440\u0431\u0438\u0458\u0435 \u0437\u0430 \u043e\u043f\u0448\u0442\u0438\u043d\u0435 \u041f\u0440\u0435\u0448\u0435\u0432\u043e, \u0411\u0443\u0458\u0430\u043d\u043e\u0432\u0430\u0446 \u0438 \u041c\u0435\u0434\u0432\u0435\u0452a","description":"","publisher":{"@id":"https:\/\/kt.gov.rs\/#organization"},"alternateName":"\u041a\u043e\u043e\u0440\u0434\u0438\u043d\u0430\u0446\u0438\u043e\u043d\u043e \u0442\u0435\u043b\u043e","potentialAction":[{"@type":"SearchAction","target":{"@type":"EntryPoint","urlTemplate":"https:\/\/kt.gov.rs\/?s={search_term_string}"},"query-input":{"@type":"PropertyValueSpecification","valueRequired":true,"valueName":"search_term_string"}}],"inLanguage":"sq-AL"},{"@type":"Organization","@id":"https:\/\/kt.gov.rs\/#organization","name":"\u041a\u043e\u043e\u0440\u0434\u0438\u043d\u0430\u0446\u0438\u043e\u043d\u043e \u0442\u0435\u043b\u043e \u0412\u043b\u0430\u0434\u0435 \u0420\u0435\u043f\u0443\u0431\u043b\u0438\u043a\u0435 \u0421\u0440\u0431\u0438\u0458\u0435 \u0437\u0430 \u043e\u043f\u0448\u0442\u0438\u043d\u0435 \u041f\u0440\u0435\u0448\u0435\u0432\u043e, \u0411\u0443\u0458\u0430\u043d\u043e\u0432\u0430\u0446 \u0438 \u041c\u0435\u0434\u0432\u0435\u0452a","alternateName":"\u041a\u043e\u043e\u0440\u0434\u0438\u043d\u0430\u0446\u0438\u043e\u043d\u043e \u0442\u0435\u043b\u043e","url":"https:\/\/kt.gov.rs\/","logo":{"@type":"ImageObject","inLanguage":"sq-AL","@id":"https:\/\/kt.gov.rs\/#\/schema\/logo\/image\/","url":"https:\/\/kt.gov.rs\/wp-content\/uploads\/2024\/12\/koord2.jpg","contentUrl":"https:\/\/kt.gov.rs\/wp-content\/uploads\/2024\/12\/koord2.jpg","width":640,"height":480,"caption":"\u041a\u043e\u043e\u0440\u0434\u0438\u043d\u0430\u0446\u0438\u043e\u043d\u043e \u0442\u0435\u043b\u043e \u0412\u043b\u0430\u0434\u0435 \u0420\u0435\u043f\u0443\u0431\u043b\u0438\u043a\u0435 \u0421\u0440\u0431\u0438\u0458\u0435 \u0437\u0430 \u043e\u043f\u0448\u0442\u0438\u043d\u0435 \u041f\u0440\u0435\u0448\u0435\u0432\u043e, \u0411\u0443\u0458\u0430\u043d\u043e\u0432\u0430\u0446 \u0438 \u041c\u0435\u0434\u0432\u0435\u0452a"},"image":{"@id":"https:\/\/kt.gov.rs\/#\/schema\/logo\/image\/"},"sameAs":["https:\/\/www.facebook.com\/SluzbaKoordinacionogTelaVladeRepublikeSrbije","https:\/\/x.com\/kt_gov","https:\/\/www.youtube.com\/@koordinacionotelo"]},{"@type":"Person","@id":"https:\/\/kt.gov.rs\/#\/schema\/person\/e426459ddb4173309103390602694571","name":"ktmin","image":{"@type":"ImageObject","inLanguage":"sq-AL","@id":"https:\/\/secure.gravatar.com\/avatar\/3985c961109853010c3fbc7ba30365bfba5db3dd6c525831d9c595c7525a615a?s=96&d=mm&r=g","url":"https:\/\/secure.gravatar.com\/avatar\/3985c961109853010c3fbc7ba30365bfba5db3dd6c525831d9c595c7525a615a?s=96&d=mm&r=g","contentUrl":"https:\/\/secure.gravatar.com\/avatar\/3985c961109853010c3fbc7ba30365bfba5db3dd6c525831d9c595c7525a615a?s=96&d=mm&r=g","caption":"ktmin"},"sameAs":["https:\/\/kt.gov.rs"],"url":"https:\/\/kt.gov.rs\/sq\/author\/ktmin\/"}]}},"_links":{"self":[{"href":"https:\/\/kt.gov.rs\/sq\/wp-json\/wp\/v2\/posts\/106996","targetHints":{"allow":["GET"]}}],"collection":[{"href":"https:\/\/kt.gov.rs\/sq\/wp-json\/wp\/v2\/posts"}],"about":[{"href":"https:\/\/kt.gov.rs\/sq\/wp-json\/wp\/v2\/types\/post"}],"author":[{"embeddable":true,"href":"https:\/\/kt.gov.rs\/sq\/wp-json\/wp\/v2\/users\/1"}],"replies":[{"embeddable":true,"href":"https:\/\/kt.gov.rs\/sq\/wp-json\/wp\/v2\/comments?post=106996"}],"version-history":[{"count":1,"href":"https:\/\/kt.gov.rs\/sq\/wp-json\/wp\/v2\/posts\/106996\/revisions"}],"predecessor-version":[{"id":107000,"href":"https:\/\/kt.gov.rs\/sq\/wp-json\/wp\/v2\/posts\/106996\/revisions\/107000"}],"wp:featuredmedia":[{"embeddable":true,"href":"https:\/\/kt.gov.rs\/sq\/wp-json\/wp\/v2\/media\/107001"}],"wp:attachment":[{"href":"https:\/\/kt.gov.rs\/sq\/wp-json\/wp\/v2\/media?parent=106996"}],"wp:term":[{"taxonomy":"category","embeddable":true,"href":"https:\/\/kt.gov.rs\/sq\/wp-json\/wp\/v2\/categories?post=106996"},{"taxonomy":"post_tag","embeddable":true,"href":"https:\/\/kt.gov.rs\/sq\/wp-json\/wp\/v2\/tags?post=106996"}],"curies":[{"name":"wp","href":"https:\/\/api.w.org\/{rel}","templated":true}]}}