{"id":106972,"date":"2022-10-26T00:00:00","date_gmt":"2022-10-26T00:00:00","guid":{"rendered":"http:\/\/kt.printandscreen.rs\/komisioneri-i-larte-per-pakicat-nacionale-i-osbes-e-kajrat-abdrahmanov-ne-takim-me-perfaqesuesit-e-trupit-koordinues\/"},"modified":"2024-07-30T17:55:49","modified_gmt":"2024-07-30T17:55:49","slug":"komisioneri-i-larte-per-pakicat-nacionale-i-osbes-e-kajrat-abdrahmanov-ne-takim-me-perfaqesuesit-e-trupit-koordinues","status":"publish","type":"post","link":"https:\/\/kt.gov.rs\/sq\/komisioneri-i-larte-per-pakicat-nacionale-i-osbes-e-kajrat-abdrahmanov-ne-takim-me-perfaqesuesit-e-trupit-koordinues\/","title":{"rendered":"KOMISIONERI I LART\u00cb P\u00cbR PAKICAT NACIONALE I OSBES-\u00cb KAJRAT ABDRAHMANOV N\u00cb TAKIM ME P\u00cbRFAQ\u00cbSUESIT E TRUPIT KOORDINUES"},"content":{"rendered":"<p>\n\t<strong><img decoding=\"async\" alt=\"\" src=\"https:\/\/kt.gov.rs\/wp-content\/uploads\/2024\/07\/1666791802_261022_2v-2.jpg\" style=\"width: 640px; height: 226px;\" \/><\/strong><\/p>\n<p>\n\t<strong>Beograd<\/strong> \u2013 Danijela Nenadiq ushtruese detyre e Sh\u00ebrbimit t\u00eb Trupit koordinues t\u00eb Qeveris\u00eb s\u00eb Republik\u00ebs s\u00eb Serbis\u00eb p\u00ebr komunat Preshev\u00eb, Bujanoc dhe Medvegj\u00eb ka biseduar me Kajrat Abdrahmanov p\u00ebr aktivitetet dhe programet m\u00eb t\u00eb r\u00ebnd\u00ebsishme n\u00eb tri komuna n\u00eb jug t\u00eb Serbis\u00eb.<\/p>\n<p>\n\tN\u00eb takim u diskutua p\u00ebr rezultatet e arritura si dhe p\u00ebr planet dhe aktivitetet e Sh\u00ebrbimit t\u00eb Trupit koordinues n\u00eb periudh\u00ebn e ardhshme.<\/p>\n<p>\n\tN\u00eb takim u diskutua edhe p\u00ebr regjistrimin e popullsis\u00eb, si dhe p\u00ebr aktivitetet e Grupit t\u00eb posa\u00e7\u00ebm punues p\u00ebr integrimin e shqiptar\u00ebve n\u00eb institucionet shtet\u00ebrore. Nenadiq foli p\u00ebr investimet e Sh\u00ebrbimit n\u00eb k\u00ebto tri komuna, si dhe p\u00ebr koordinimin dhe bashk\u00ebpunimin me institucionet dhe organet tjera shtet\u00ebrore n\u00eb projekte t\u00eb r\u00ebnd\u00ebsishme p\u00ebr banor\u00ebt e Preshev\u00ebs, Bujanocit dhe Medvegj\u00ebs.<\/p>\n<p>\n\tKomisioneri i lart\u00eb Abdrahmanov shprehu k\u00ebnaq\u00ebsin\u00eb e tij p\u00ebr vizit\u00ebn dhe konfirmoi p\u00ebrkushtimin e tij p\u00ebr projekte t\u00eb p\u00ebrbashk\u00ebta, duke p\u00ebrfshir\u00eb m\u00ebsimin e serbishtes si gjuh\u00eb joamtare dhe mb\u00ebshtetjen e pun\u00ebs s\u00eb departamentit t\u00eb Bujanocit t\u00eb Fakultetit Ekonomik n\u00eb Universitetin e Novi Sadit.<\/p>\n<p>\n\tAbdrahmanov t\u00eb premten do t\u00eb vizitoj\u00eb Bujanocin, ku do t\u00eb mbahet K\u00ebshilli i pal\u00ebve t\u00eb interesuara t\u00eb Fakultetit Ekonomik nga Subotica, departamenti i Bujanocit.<\/p>\n<p>\n\t<strong>Burimi<\/strong>: <strong>Sh\u00ebrbimi i Trupit koordinus<\/strong><\/p>\n<p>\n\t\u00a0<\/p>\n","protected":false},"excerpt":{"rendered":"<p>Beograd\u00a0\u2013 Danijela Nenadiq ushtruese detyre e Sh\u00ebrbimit t\u00eb Trupit koordinues t\u00eb Qeveris\u00eb s\u00eb Republik\u00ebs s\u00eb Serbis\u00eb p\u00ebr komunat Preshev\u00eb, Bujanoc dhe Medvegj\u00eb ka biseduar me Kajrat Abdrahmanov p\u00ebr aktivitetet dhe programet m\u00eb t\u00eb r\u00ebnd\u00ebsishme n\u00eb tri komuna n\u00eb jug t\u00eb Serbis\u00eb.<\/p>\n","protected":false},"author":1,"featured_media":106977,"comment_status":"closed","ping_status":"closed","sticky":false,"template":"","format":"standard","meta":{"footnotes":""},"categories":[55],"tags":[],"class_list":["post-106972","post","type-post","status-publish","format-standard","has-post-thumbnail","hentry","category-lajme"],"yoast_head":"<!-- This site is optimized with the Yoast SEO plugin v27.5 - https:\/\/yoast.com\/product\/yoast-seo-wordpress\/ -->\n<title>KOMISIONERI I LART\u00cb P\u00cbR PAKICAT NACIONALE I OSBES-\u00cb KAJRAT ABDRAHMANOV N\u00cb TAKIM ME P\u00cbRFAQ\u00cbSUESIT E TRUPIT KOORDINUES - Republika e S\u00ebrbis\u00eb Trupi Koordinues p\u00ebr komunat Bujanoc, Preshev\u00eb dhe Medvegj\u00eb<\/title>\n<meta name=\"robots\" content=\"index, follow, max-snippet:-1, max-image-preview:large, max-video-preview:-1\" \/>\n<link rel=\"canonical\" href=\"https:\/\/kt.gov.rs\/sq\/komisioneri-i-larte-per-pakicat-nacionale-i-osbes-e-kajrat-abdrahmanov-ne-takim-me-perfaqesuesit-e-trupit-koordinues\/\" \/>\n<meta property=\"og:locale\" content=\"sq_AL\" \/>\n<meta property=\"og:type\" content=\"article\" \/>\n<meta property=\"og:title\" content=\"KOMISIONERI I LART\u00cb P\u00cbR PAKICAT NACIONALE I OSBES-\u00cb KAJRAT ABDRAHMANOV N\u00cb TAKIM ME P\u00cbRFAQ\u00cbSUESIT E TRUPIT KOORDINUES - Republika e S\u00ebrbis\u00eb Trupi Koordinues p\u00ebr komunat Bujanoc, Preshev\u00eb dhe Medvegj\u00eb\" \/>\n<meta property=\"og:description\" content=\"Beograd\u00a0- Danijela Nenadiq ushtruese detyre e Sh\u00ebrbimit t\u00eb Trupit koordinues t\u00eb Qeveris\u00eb s\u00eb Republik\u00ebs s\u00eb Serbis\u00eb p\u00ebr komunat Preshev\u00eb, Bujanoc dhe Medvegj\u00eb ka biseduar me Kajrat Abdrahmanov p\u00ebr aktivitetet dhe programet m\u00eb t\u00eb r\u00ebnd\u00ebsishme n\u00eb tri komuna n\u00eb jug t\u00eb Serbis\u00eb.\" \/>\n<meta property=\"og:url\" content=\"https:\/\/kt.gov.rs\/sq\/komisioneri-i-larte-per-pakicat-nacionale-i-osbes-e-kajrat-abdrahmanov-ne-takim-me-perfaqesuesit-e-trupit-koordinues\/\" \/>\n<meta property=\"og:site_name\" content=\"Republika e S\u00ebrbis\u00eb Trupi Koordinues p\u00ebr komunat Bujanoc, Preshev\u00eb dhe Medvegj\u00eb\" \/>\n<meta property=\"article:publisher\" content=\"https:\/\/www.facebook.com\/SluzbaKoordinacionogTelaVladeRepublikeSrbije\" \/>\n<meta property=\"article:published_time\" content=\"2022-10-26T00:00:00+00:00\" \/>\n<meta property=\"article:modified_time\" content=\"2024-07-30T17:55:49+00:00\" \/>\n<meta property=\"og:image\" content=\"https:\/\/kt.gov.rs\/wp-content\/uploads\/2024\/07\/1666791802_261022_2v-3.jpg\" \/>\n\t<meta property=\"og:image:width\" content=\"640\" \/>\n\t<meta property=\"og:image:height\" content=\"226\" \/>\n\t<meta property=\"og:image:type\" content=\"image\/jpeg\" \/>\n<meta name=\"author\" content=\"ktmin\" \/>\n<meta name=\"twitter:card\" content=\"summary_large_image\" \/>\n<meta name=\"twitter:creator\" content=\"@kt_gov\" \/>\n<meta name=\"twitter:site\" content=\"@kt_gov\" \/>\n<meta name=\"twitter:label1\" content=\"Written by\" \/>\n\t<meta name=\"twitter:data1\" content=\"ktmin\" \/>\n\t<meta name=\"twitter:label2\" content=\"Est. reading time\" \/>\n\t<meta name=\"twitter:data2\" content=\"2 minutes\" \/>\n<script type=\"application\/ld+json\" class=\"yoast-schema-graph\">{\"@context\":\"https:\\\/\\\/schema.org\",\"@graph\":[{\"@type\":\"Article\",\"@id\":\"https:\\\/\\\/kt.gov.rs\\\/sq\\\/komisioneri-i-larte-per-pakicat-nacionale-i-osbes-e-kajrat-abdrahmanov-ne-takim-me-perfaqesuesit-e-trupit-koordinues\\\/#article\",\"isPartOf\":{\"@id\":\"https:\\\/\\\/kt.gov.rs\\\/sq\\\/komisioneri-i-larte-per-pakicat-nacionale-i-osbes-e-kajrat-abdrahmanov-ne-takim-me-perfaqesuesit-e-trupit-koordinues\\\/\"},\"author\":{\"name\":\"ktmin\",\"@id\":\"https:\\\/\\\/kt.gov.rs\\\/#\\\/schema\\\/person\\\/e426459ddb4173309103390602694571\"},\"headline\":\"KOMISIONERI I LART\u00cb P\u00cbR PAKICAT NACIONALE I OSBES-\u00cb KAJRAT ABDRAHMANOV N\u00cb TAKIM ME P\u00cbRFAQ\u00cbSUESIT E TRUPIT KOORDINUES\",\"datePublished\":\"2022-10-26T00:00:00+00:00\",\"dateModified\":\"2024-07-30T17:55:49+00:00\",\"mainEntityOfPage\":{\"@id\":\"https:\\\/\\\/kt.gov.rs\\\/sq\\\/komisioneri-i-larte-per-pakicat-nacionale-i-osbes-e-kajrat-abdrahmanov-ne-takim-me-perfaqesuesit-e-trupit-koordinues\\\/\"},\"wordCount\":342,\"publisher\":{\"@id\":\"https:\\\/\\\/kt.gov.rs\\\/#organization\"},\"image\":{\"@id\":\"https:\\\/\\\/kt.gov.rs\\\/sq\\\/komisioneri-i-larte-per-pakicat-nacionale-i-osbes-e-kajrat-abdrahmanov-ne-takim-me-perfaqesuesit-e-trupit-koordinues\\\/#primaryimage\"},\"thumbnailUrl\":\"https:\\\/\\\/kt.gov.rs\\\/wp-content\\\/uploads\\\/2024\\\/07\\\/1666791802_261022_2v-3.jpg\",\"articleSection\":[\"Lajme\"],\"inLanguage\":\"sq-AL\"},{\"@type\":\"WebPage\",\"@id\":\"https:\\\/\\\/kt.gov.rs\\\/sq\\\/komisioneri-i-larte-per-pakicat-nacionale-i-osbes-e-kajrat-abdrahmanov-ne-takim-me-perfaqesuesit-e-trupit-koordinues\\\/\",\"url\":\"https:\\\/\\\/kt.gov.rs\\\/sq\\\/komisioneri-i-larte-per-pakicat-nacionale-i-osbes-e-kajrat-abdrahmanov-ne-takim-me-perfaqesuesit-e-trupit-koordinues\\\/\",\"name\":\"KOMISIONERI I LART\u00cb P\u00cbR PAKICAT NACIONALE I OSBES-\u00cb KAJRAT ABDRAHMANOV N\u00cb TAKIM ME P\u00cbRFAQ\u00cbSUESIT E TRUPIT KOORDINUES - Republika e S\u00ebrbis\u00eb Trupi Koordinues p\u00ebr komunat Bujanoc, Preshev\u00eb dhe Medvegj\u00eb\",\"isPartOf\":{\"@id\":\"https:\\\/\\\/kt.gov.rs\\\/#website\"},\"primaryImageOfPage\":{\"@id\":\"https:\\\/\\\/kt.gov.rs\\\/sq\\\/komisioneri-i-larte-per-pakicat-nacionale-i-osbes-e-kajrat-abdrahmanov-ne-takim-me-perfaqesuesit-e-trupit-koordinues\\\/#primaryimage\"},\"image\":{\"@id\":\"https:\\\/\\\/kt.gov.rs\\\/sq\\\/komisioneri-i-larte-per-pakicat-nacionale-i-osbes-e-kajrat-abdrahmanov-ne-takim-me-perfaqesuesit-e-trupit-koordinues\\\/#primaryimage\"},\"thumbnailUrl\":\"https:\\\/\\\/kt.gov.rs\\\/wp-content\\\/uploads\\\/2024\\\/07\\\/1666791802_261022_2v-3.jpg\",\"datePublished\":\"2022-10-26T00:00:00+00:00\",\"dateModified\":\"2024-07-30T17:55:49+00:00\",\"breadcrumb\":{\"@id\":\"https:\\\/\\\/kt.gov.rs\\\/sq\\\/komisioneri-i-larte-per-pakicat-nacionale-i-osbes-e-kajrat-abdrahmanov-ne-takim-me-perfaqesuesit-e-trupit-koordinues\\\/#breadcrumb\"},\"inLanguage\":\"sq-AL\",\"potentialAction\":[{\"@type\":\"ReadAction\",\"target\":[\"https:\\\/\\\/kt.gov.rs\\\/sq\\\/komisioneri-i-larte-per-pakicat-nacionale-i-osbes-e-kajrat-abdrahmanov-ne-takim-me-perfaqesuesit-e-trupit-koordinues\\\/\"]}]},{\"@type\":\"ImageObject\",\"inLanguage\":\"sq-AL\",\"@id\":\"https:\\\/\\\/kt.gov.rs\\\/sq\\\/komisioneri-i-larte-per-pakicat-nacionale-i-osbes-e-kajrat-abdrahmanov-ne-takim-me-perfaqesuesit-e-trupit-koordinues\\\/#primaryimage\",\"url\":\"https:\\\/\\\/kt.gov.rs\\\/wp-content\\\/uploads\\\/2024\\\/07\\\/1666791802_261022_2v-3.jpg\",\"contentUrl\":\"https:\\\/\\\/kt.gov.rs\\\/wp-content\\\/uploads\\\/2024\\\/07\\\/1666791802_261022_2v-3.jpg\",\"width\":640,\"height\":226},{\"@type\":\"BreadcrumbList\",\"@id\":\"https:\\\/\\\/kt.gov.rs\\\/sq\\\/komisioneri-i-larte-per-pakicat-nacionale-i-osbes-e-kajrat-abdrahmanov-ne-takim-me-perfaqesuesit-e-trupit-koordinues\\\/#breadcrumb\",\"itemListElement\":[{\"@type\":\"ListItem\",\"position\":1,\"name\":\"\u041f\u043e\u0447\u0435\u0442\u043d\u0430\",\"item\":\"https:\\\/\\\/kt.gov.rs\\\/sq\\\/\"},{\"@type\":\"ListItem\",\"position\":2,\"name\":\"KOMISIONERI I LART\u00cb P\u00cbR PAKICAT NACIONALE I OSBES-\u00cb KAJRAT ABDRAHMANOV N\u00cb TAKIM ME P\u00cbRFAQ\u00cbSUESIT E TRUPIT KOORDINUES\"}]},{\"@type\":\"WebSite\",\"@id\":\"https:\\\/\\\/kt.gov.rs\\\/#website\",\"url\":\"https:\\\/\\\/kt.gov.rs\\\/\",\"name\":\"\u041a\u043e\u043e\u0440\u0434\u0438\u043d\u0430\u0446\u0438\u043e\u043d\u043e \u0442\u0435\u043b\u043e \u0412\u043b\u0430\u0434\u0435 \u0420\u0435\u043f\u0443\u0431\u043b\u0438\u043a\u0435 \u0421\u0440\u0431\u0438\u0458\u0435 \u0437\u0430 \u043e\u043f\u0448\u0442\u0438\u043d\u0435 \u041f\u0440\u0435\u0448\u0435\u0432\u043e, \u0411\u0443\u0458\u0430\u043d\u043e\u0432\u0430\u0446 \u0438 \u041c\u0435\u0434\u0432\u0435\u0452a\",\"description\":\"\",\"publisher\":{\"@id\":\"https:\\\/\\\/kt.gov.rs\\\/#organization\"},\"alternateName\":\"\u041a\u043e\u043e\u0440\u0434\u0438\u043d\u0430\u0446\u0438\u043e\u043d\u043e \u0442\u0435\u043b\u043e\",\"potentialAction\":[{\"@type\":\"SearchAction\",\"target\":{\"@type\":\"EntryPoint\",\"urlTemplate\":\"https:\\\/\\\/kt.gov.rs\\\/?s={search_term_string}\"},\"query-input\":{\"@type\":\"PropertyValueSpecification\",\"valueRequired\":true,\"valueName\":\"search_term_string\"}}],\"inLanguage\":\"sq-AL\"},{\"@type\":\"Organization\",\"@id\":\"https:\\\/\\\/kt.gov.rs\\\/#organization\",\"name\":\"\u041a\u043e\u043e\u0440\u0434\u0438\u043d\u0430\u0446\u0438\u043e\u043d\u043e \u0442\u0435\u043b\u043e \u0412\u043b\u0430\u0434\u0435 \u0420\u0435\u043f\u0443\u0431\u043b\u0438\u043a\u0435 \u0421\u0440\u0431\u0438\u0458\u0435 \u0437\u0430 \u043e\u043f\u0448\u0442\u0438\u043d\u0435 \u041f\u0440\u0435\u0448\u0435\u0432\u043e, \u0411\u0443\u0458\u0430\u043d\u043e\u0432\u0430\u0446 \u0438 \u041c\u0435\u0434\u0432\u0435\u0452a\",\"alternateName\":\"\u041a\u043e\u043e\u0440\u0434\u0438\u043d\u0430\u0446\u0438\u043e\u043d\u043e \u0442\u0435\u043b\u043e\",\"url\":\"https:\\\/\\\/kt.gov.rs\\\/\",\"logo\":{\"@type\":\"ImageObject\",\"inLanguage\":\"sq-AL\",\"@id\":\"https:\\\/\\\/kt.gov.rs\\\/#\\\/schema\\\/logo\\\/image\\\/\",\"url\":\"https:\\\/\\\/kt.gov.rs\\\/wp-content\\\/uploads\\\/2024\\\/12\\\/koord2.jpg\",\"contentUrl\":\"https:\\\/\\\/kt.gov.rs\\\/wp-content\\\/uploads\\\/2024\\\/12\\\/koord2.jpg\",\"width\":640,\"height\":480,\"caption\":\"\u041a\u043e\u043e\u0440\u0434\u0438\u043d\u0430\u0446\u0438\u043e\u043d\u043e \u0442\u0435\u043b\u043e \u0412\u043b\u0430\u0434\u0435 \u0420\u0435\u043f\u0443\u0431\u043b\u0438\u043a\u0435 \u0421\u0440\u0431\u0438\u0458\u0435 \u0437\u0430 \u043e\u043f\u0448\u0442\u0438\u043d\u0435 \u041f\u0440\u0435\u0448\u0435\u0432\u043e, \u0411\u0443\u0458\u0430\u043d\u043e\u0432\u0430\u0446 \u0438 \u041c\u0435\u0434\u0432\u0435\u0452a\"},\"image\":{\"@id\":\"https:\\\/\\\/kt.gov.rs\\\/#\\\/schema\\\/logo\\\/image\\\/\"},\"sameAs\":[\"https:\\\/\\\/www.facebook.com\\\/SluzbaKoordinacionogTelaVladeRepublikeSrbije\",\"https:\\\/\\\/x.com\\\/kt_gov\",\"https:\\\/\\\/www.youtube.com\\\/@koordinacionotelo\"]},{\"@type\":\"Person\",\"@id\":\"https:\\\/\\\/kt.gov.rs\\\/#\\\/schema\\\/person\\\/e426459ddb4173309103390602694571\",\"name\":\"ktmin\",\"image\":{\"@type\":\"ImageObject\",\"inLanguage\":\"sq-AL\",\"@id\":\"https:\\\/\\\/secure.gravatar.com\\\/avatar\\\/3985c961109853010c3fbc7ba30365bfba5db3dd6c525831d9c595c7525a615a?s=96&d=mm&r=g\",\"url\":\"https:\\\/\\\/secure.gravatar.com\\\/avatar\\\/3985c961109853010c3fbc7ba30365bfba5db3dd6c525831d9c595c7525a615a?s=96&d=mm&r=g\",\"contentUrl\":\"https:\\\/\\\/secure.gravatar.com\\\/avatar\\\/3985c961109853010c3fbc7ba30365bfba5db3dd6c525831d9c595c7525a615a?s=96&d=mm&r=g\",\"caption\":\"ktmin\"},\"sameAs\":[\"https:\\\/\\\/kt.gov.rs\"],\"url\":\"https:\\\/\\\/kt.gov.rs\\\/sq\\\/author\\\/ktmin\\\/\"}]}<\/script>\n<!-- \/ Yoast SEO plugin. -->","yoast_head_json":{"title":"KOMISIONERI I LART\u00cb P\u00cbR PAKICAT NACIONALE I OSBES-\u00cb KAJRAT ABDRAHMANOV N\u00cb TAKIM ME P\u00cbRFAQ\u00cbSUESIT E TRUPIT KOORDINUES - Republika e S\u00ebrbis\u00eb Trupi Koordinues p\u00ebr komunat Bujanoc, Preshev\u00eb dhe Medvegj\u00eb","robots":{"index":"index","follow":"follow","max-snippet":"max-snippet:-1","max-image-preview":"max-image-preview:large","max-video-preview":"max-video-preview:-1"},"canonical":"https:\/\/kt.gov.rs\/sq\/komisioneri-i-larte-per-pakicat-nacionale-i-osbes-e-kajrat-abdrahmanov-ne-takim-me-perfaqesuesit-e-trupit-koordinues\/","og_locale":"sq_AL","og_type":"article","og_title":"KOMISIONERI I LART\u00cb P\u00cbR PAKICAT NACIONALE I OSBES-\u00cb KAJRAT ABDRAHMANOV N\u00cb TAKIM ME P\u00cbRFAQ\u00cbSUESIT E TRUPIT KOORDINUES - Republika e S\u00ebrbis\u00eb Trupi Koordinues p\u00ebr komunat Bujanoc, Preshev\u00eb dhe Medvegj\u00eb","og_description":"Beograd\u00a0- Danijela Nenadiq ushtruese detyre e Sh\u00ebrbimit t\u00eb Trupit koordinues t\u00eb Qeveris\u00eb s\u00eb Republik\u00ebs s\u00eb Serbis\u00eb p\u00ebr komunat Preshev\u00eb, Bujanoc dhe Medvegj\u00eb ka biseduar me Kajrat Abdrahmanov p\u00ebr aktivitetet dhe programet m\u00eb t\u00eb r\u00ebnd\u00ebsishme n\u00eb tri komuna n\u00eb jug t\u00eb Serbis\u00eb.","og_url":"https:\/\/kt.gov.rs\/sq\/komisioneri-i-larte-per-pakicat-nacionale-i-osbes-e-kajrat-abdrahmanov-ne-takim-me-perfaqesuesit-e-trupit-koordinues\/","og_site_name":"Republika e S\u00ebrbis\u00eb Trupi Koordinues p\u00ebr komunat Bujanoc, Preshev\u00eb dhe Medvegj\u00eb","article_publisher":"https:\/\/www.facebook.com\/SluzbaKoordinacionogTelaVladeRepublikeSrbije","article_published_time":"2022-10-26T00:00:00+00:00","article_modified_time":"2024-07-30T17:55:49+00:00","og_image":[{"width":640,"height":226,"url":"https:\/\/kt.gov.rs\/wp-content\/uploads\/2024\/07\/1666791802_261022_2v-3.jpg","type":"image\/jpeg"}],"author":"ktmin","twitter_card":"summary_large_image","twitter_creator":"@kt_gov","twitter_site":"@kt_gov","twitter_misc":{"Written by":"ktmin","Est. reading time":"2 minutes"},"schema":{"@context":"https:\/\/schema.org","@graph":[{"@type":"Article","@id":"https:\/\/kt.gov.rs\/sq\/komisioneri-i-larte-per-pakicat-nacionale-i-osbes-e-kajrat-abdrahmanov-ne-takim-me-perfaqesuesit-e-trupit-koordinues\/#article","isPartOf":{"@id":"https:\/\/kt.gov.rs\/sq\/komisioneri-i-larte-per-pakicat-nacionale-i-osbes-e-kajrat-abdrahmanov-ne-takim-me-perfaqesuesit-e-trupit-koordinues\/"},"author":{"name":"ktmin","@id":"https:\/\/kt.gov.rs\/#\/schema\/person\/e426459ddb4173309103390602694571"},"headline":"KOMISIONERI I LART\u00cb P\u00cbR PAKICAT NACIONALE I OSBES-\u00cb KAJRAT ABDRAHMANOV N\u00cb TAKIM ME P\u00cbRFAQ\u00cbSUESIT E TRUPIT KOORDINUES","datePublished":"2022-10-26T00:00:00+00:00","dateModified":"2024-07-30T17:55:49+00:00","mainEntityOfPage":{"@id":"https:\/\/kt.gov.rs\/sq\/komisioneri-i-larte-per-pakicat-nacionale-i-osbes-e-kajrat-abdrahmanov-ne-takim-me-perfaqesuesit-e-trupit-koordinues\/"},"wordCount":342,"publisher":{"@id":"https:\/\/kt.gov.rs\/#organization"},"image":{"@id":"https:\/\/kt.gov.rs\/sq\/komisioneri-i-larte-per-pakicat-nacionale-i-osbes-e-kajrat-abdrahmanov-ne-takim-me-perfaqesuesit-e-trupit-koordinues\/#primaryimage"},"thumbnailUrl":"https:\/\/kt.gov.rs\/wp-content\/uploads\/2024\/07\/1666791802_261022_2v-3.jpg","articleSection":["Lajme"],"inLanguage":"sq-AL"},{"@type":"WebPage","@id":"https:\/\/kt.gov.rs\/sq\/komisioneri-i-larte-per-pakicat-nacionale-i-osbes-e-kajrat-abdrahmanov-ne-takim-me-perfaqesuesit-e-trupit-koordinues\/","url":"https:\/\/kt.gov.rs\/sq\/komisioneri-i-larte-per-pakicat-nacionale-i-osbes-e-kajrat-abdrahmanov-ne-takim-me-perfaqesuesit-e-trupit-koordinues\/","name":"KOMISIONERI I LART\u00cb P\u00cbR PAKICAT NACIONALE I OSBES-\u00cb KAJRAT ABDRAHMANOV N\u00cb TAKIM ME P\u00cbRFAQ\u00cbSUESIT E TRUPIT KOORDINUES - Republika e S\u00ebrbis\u00eb Trupi Koordinues p\u00ebr komunat Bujanoc, Preshev\u00eb dhe Medvegj\u00eb","isPartOf":{"@id":"https:\/\/kt.gov.rs\/#website"},"primaryImageOfPage":{"@id":"https:\/\/kt.gov.rs\/sq\/komisioneri-i-larte-per-pakicat-nacionale-i-osbes-e-kajrat-abdrahmanov-ne-takim-me-perfaqesuesit-e-trupit-koordinues\/#primaryimage"},"image":{"@id":"https:\/\/kt.gov.rs\/sq\/komisioneri-i-larte-per-pakicat-nacionale-i-osbes-e-kajrat-abdrahmanov-ne-takim-me-perfaqesuesit-e-trupit-koordinues\/#primaryimage"},"thumbnailUrl":"https:\/\/kt.gov.rs\/wp-content\/uploads\/2024\/07\/1666791802_261022_2v-3.jpg","datePublished":"2022-10-26T00:00:00+00:00","dateModified":"2024-07-30T17:55:49+00:00","breadcrumb":{"@id":"https:\/\/kt.gov.rs\/sq\/komisioneri-i-larte-per-pakicat-nacionale-i-osbes-e-kajrat-abdrahmanov-ne-takim-me-perfaqesuesit-e-trupit-koordinues\/#breadcrumb"},"inLanguage":"sq-AL","potentialAction":[{"@type":"ReadAction","target":["https:\/\/kt.gov.rs\/sq\/komisioneri-i-larte-per-pakicat-nacionale-i-osbes-e-kajrat-abdrahmanov-ne-takim-me-perfaqesuesit-e-trupit-koordinues\/"]}]},{"@type":"ImageObject","inLanguage":"sq-AL","@id":"https:\/\/kt.gov.rs\/sq\/komisioneri-i-larte-per-pakicat-nacionale-i-osbes-e-kajrat-abdrahmanov-ne-takim-me-perfaqesuesit-e-trupit-koordinues\/#primaryimage","url":"https:\/\/kt.gov.rs\/wp-content\/uploads\/2024\/07\/1666791802_261022_2v-3.jpg","contentUrl":"https:\/\/kt.gov.rs\/wp-content\/uploads\/2024\/07\/1666791802_261022_2v-3.jpg","width":640,"height":226},{"@type":"BreadcrumbList","@id":"https:\/\/kt.gov.rs\/sq\/komisioneri-i-larte-per-pakicat-nacionale-i-osbes-e-kajrat-abdrahmanov-ne-takim-me-perfaqesuesit-e-trupit-koordinues\/#breadcrumb","itemListElement":[{"@type":"ListItem","position":1,"name":"\u041f\u043e\u0447\u0435\u0442\u043d\u0430","item":"https:\/\/kt.gov.rs\/sq\/"},{"@type":"ListItem","position":2,"name":"KOMISIONERI I LART\u00cb P\u00cbR PAKICAT NACIONALE I OSBES-\u00cb KAJRAT ABDRAHMANOV N\u00cb TAKIM ME P\u00cbRFAQ\u00cbSUESIT E TRUPIT KOORDINUES"}]},{"@type":"WebSite","@id":"https:\/\/kt.gov.rs\/#website","url":"https:\/\/kt.gov.rs\/","name":"\u041a\u043e\u043e\u0440\u0434\u0438\u043d\u0430\u0446\u0438\u043e\u043d\u043e \u0442\u0435\u043b\u043e \u0412\u043b\u0430\u0434\u0435 \u0420\u0435\u043f\u0443\u0431\u043b\u0438\u043a\u0435 \u0421\u0440\u0431\u0438\u0458\u0435 \u0437\u0430 \u043e\u043f\u0448\u0442\u0438\u043d\u0435 \u041f\u0440\u0435\u0448\u0435\u0432\u043e, \u0411\u0443\u0458\u0430\u043d\u043e\u0432\u0430\u0446 \u0438 \u041c\u0435\u0434\u0432\u0435\u0452a","description":"","publisher":{"@id":"https:\/\/kt.gov.rs\/#organization"},"alternateName":"\u041a\u043e\u043e\u0440\u0434\u0438\u043d\u0430\u0446\u0438\u043e\u043d\u043e \u0442\u0435\u043b\u043e","potentialAction":[{"@type":"SearchAction","target":{"@type":"EntryPoint","urlTemplate":"https:\/\/kt.gov.rs\/?s={search_term_string}"},"query-input":{"@type":"PropertyValueSpecification","valueRequired":true,"valueName":"search_term_string"}}],"inLanguage":"sq-AL"},{"@type":"Organization","@id":"https:\/\/kt.gov.rs\/#organization","name":"\u041a\u043e\u043e\u0440\u0434\u0438\u043d\u0430\u0446\u0438\u043e\u043d\u043e \u0442\u0435\u043b\u043e \u0412\u043b\u0430\u0434\u0435 \u0420\u0435\u043f\u0443\u0431\u043b\u0438\u043a\u0435 \u0421\u0440\u0431\u0438\u0458\u0435 \u0437\u0430 \u043e\u043f\u0448\u0442\u0438\u043d\u0435 \u041f\u0440\u0435\u0448\u0435\u0432\u043e, \u0411\u0443\u0458\u0430\u043d\u043e\u0432\u0430\u0446 \u0438 \u041c\u0435\u0434\u0432\u0435\u0452a","alternateName":"\u041a\u043e\u043e\u0440\u0434\u0438\u043d\u0430\u0446\u0438\u043e\u043d\u043e \u0442\u0435\u043b\u043e","url":"https:\/\/kt.gov.rs\/","logo":{"@type":"ImageObject","inLanguage":"sq-AL","@id":"https:\/\/kt.gov.rs\/#\/schema\/logo\/image\/","url":"https:\/\/kt.gov.rs\/wp-content\/uploads\/2024\/12\/koord2.jpg","contentUrl":"https:\/\/kt.gov.rs\/wp-content\/uploads\/2024\/12\/koord2.jpg","width":640,"height":480,"caption":"\u041a\u043e\u043e\u0440\u0434\u0438\u043d\u0430\u0446\u0438\u043e\u043d\u043e \u0442\u0435\u043b\u043e \u0412\u043b\u0430\u0434\u0435 \u0420\u0435\u043f\u0443\u0431\u043b\u0438\u043a\u0435 \u0421\u0440\u0431\u0438\u0458\u0435 \u0437\u0430 \u043e\u043f\u0448\u0442\u0438\u043d\u0435 \u041f\u0440\u0435\u0448\u0435\u0432\u043e, \u0411\u0443\u0458\u0430\u043d\u043e\u0432\u0430\u0446 \u0438 \u041c\u0435\u0434\u0432\u0435\u0452a"},"image":{"@id":"https:\/\/kt.gov.rs\/#\/schema\/logo\/image\/"},"sameAs":["https:\/\/www.facebook.com\/SluzbaKoordinacionogTelaVladeRepublikeSrbije","https:\/\/x.com\/kt_gov","https:\/\/www.youtube.com\/@koordinacionotelo"]},{"@type":"Person","@id":"https:\/\/kt.gov.rs\/#\/schema\/person\/e426459ddb4173309103390602694571","name":"ktmin","image":{"@type":"ImageObject","inLanguage":"sq-AL","@id":"https:\/\/secure.gravatar.com\/avatar\/3985c961109853010c3fbc7ba30365bfba5db3dd6c525831d9c595c7525a615a?s=96&d=mm&r=g","url":"https:\/\/secure.gravatar.com\/avatar\/3985c961109853010c3fbc7ba30365bfba5db3dd6c525831d9c595c7525a615a?s=96&d=mm&r=g","contentUrl":"https:\/\/secure.gravatar.com\/avatar\/3985c961109853010c3fbc7ba30365bfba5db3dd6c525831d9c595c7525a615a?s=96&d=mm&r=g","caption":"ktmin"},"sameAs":["https:\/\/kt.gov.rs"],"url":"https:\/\/kt.gov.rs\/sq\/author\/ktmin\/"}]}},"_links":{"self":[{"href":"https:\/\/kt.gov.rs\/sq\/wp-json\/wp\/v2\/posts\/106972","targetHints":{"allow":["GET"]}}],"collection":[{"href":"https:\/\/kt.gov.rs\/sq\/wp-json\/wp\/v2\/posts"}],"about":[{"href":"https:\/\/kt.gov.rs\/sq\/wp-json\/wp\/v2\/types\/post"}],"author":[{"embeddable":true,"href":"https:\/\/kt.gov.rs\/sq\/wp-json\/wp\/v2\/users\/1"}],"replies":[{"embeddable":true,"href":"https:\/\/kt.gov.rs\/sq\/wp-json\/wp\/v2\/comments?post=106972"}],"version-history":[{"count":1,"href":"https:\/\/kt.gov.rs\/sq\/wp-json\/wp\/v2\/posts\/106972\/revisions"}],"predecessor-version":[{"id":106976,"href":"https:\/\/kt.gov.rs\/sq\/wp-json\/wp\/v2\/posts\/106972\/revisions\/106976"}],"wp:featuredmedia":[{"embeddable":true,"href":"https:\/\/kt.gov.rs\/sq\/wp-json\/wp\/v2\/media\/106977"}],"wp:attachment":[{"href":"https:\/\/kt.gov.rs\/sq\/wp-json\/wp\/v2\/media?parent=106972"}],"wp:term":[{"taxonomy":"category","embeddable":true,"href":"https:\/\/kt.gov.rs\/sq\/wp-json\/wp\/v2\/categories?post=106972"},{"taxonomy":"post_tag","embeddable":true,"href":"https:\/\/kt.gov.rs\/sq\/wp-json\/wp\/v2\/tags?post=106972"}],"curies":[{"name":"wp","href":"https:\/\/api.w.org\/{rel}","templated":true}]}}