{"id":106956,"date":"2022-10-31T00:00:00","date_gmt":"2022-10-31T00:00:00","guid":{"rendered":"http:\/\/kt.printandscreen.rs\/brankovet-me-moshataret-nga-turqia-dhe-bugaria-arti-eshte-gjith-andej\/"},"modified":"2024-07-30T17:55:48","modified_gmt":"2024-07-30T17:55:48","slug":"brankovet-me-moshataret-nga-turqia-dhe-bugaria-arti-eshte-gjith-andej","status":"publish","type":"post","link":"https:\/\/kt.gov.rs\/sq\/brankovet-me-moshataret-nga-turqia-dhe-bugaria-arti-eshte-gjith-andej\/","title":{"rendered":"\u201cBRANKOV\u00cbT\u201d ME MOSHATAR\u00cbT NGA TURQIA DHE BUGARIA: ARTI \u00cbSHT\u00cb GJITH ANDEJ"},"content":{"rendered":"<p>\n\t<strong><img decoding=\"async\" alt=\"\" src=\"https:\/\/kt.gov.rs\/wp-content\/uploads\/2024\/07\/1667236069_311022_1-2.jpg\" style=\"width: 315px; height: 230px; float: left;\" \/><\/strong><strong>Bujanoc \u2013 Beograd<\/strong> \u2013 Nx\u00ebn\u00ebsit dhe m\u00ebsuesit e shkoll\u00ebs fillore &quot;Branko Radi\u00e7eviq&quot; N\u00eb dy jav\u00ebt e fundit ishin nikoqir t\u00eb pun\u00ebtoris\u00eb t\u00eb l\u00ebviz\u00ebshme virtual \u00a0t\u00eb quajtura &quot;Arti \u00ebsht\u00eb kudo&quot; si pjes\u00eb e projektit t\u00eb dyt\u00eb Erasmus+ \u201cSteam Powered education\u201c.<\/p>\n<p>\n\tDuke zhvilluar aktivizmin rinor n\u00eb bashk\u00ebpunim me shkollat \u200b\u200bme orientim t\u00eb ngjash\u00ebm nga jasht\u00eb, nx\u00ebn\u00ebsit pat\u00ebn mund\u00ebsin\u00eb t\u00eb angazhohen n\u00eb art p\u00ebrmes prizmit t\u00eb matematik\u00ebs dhe fizik\u00ebs.<\/p>\n<p>\n\tKoordinatorja e projektit, m\u00ebsuesja Marija Stojkoviq, tregon p\u00ebr portalin ton\u00eb se pjesa e par\u00eb e pun\u00ebtorive kishte t\u00eb b\u00ebnte me matematikanin italian Leonardo Fibonacci, sekuenc\u00ebn e numrave t\u00eb Fibona\u00e7it, mesatarja e art\u00eb dhe zbatimin e mesatar\u00ebs s\u00eb art\u00eb n\u00eb art.<\/p>\n<p>\n\t\u201cMe nj\u00eb qasje interaktive, nx\u00ebn\u00ebsit nd\u00ebrthur\u00ebn artin dhe matematik\u00ebn, duke shfryt\u00ebzuar mund\u00ebsin\u00eb p\u00ebr t\u00eb shprehur kreativitetin e tyre dhe p\u00ebr t\u00eb krijuar vepra interesante si shprehje e frym\u00ebzimit t\u00eb tyre\u201d, thot\u00eb Stojkoviq.<\/p>\n<p>\n\tPjesa e dyt\u00eb e l\u00ebvizshm\u00ebris\u00eb, shton m\u00ebsuesja, trajtonte konceptin e lavjerr\u00ebsit n\u00eb fizik\u00eb dhe art.<\/p>\n<p>\n\t&quot;Nx\u00ebn\u00ebsit e shkoll\u00ebs son\u00eb demonstruan shkenc\u00ebn pas ligjeve t\u00eb l\u00ebvizjes dhe inercis\u00eb duke krijuar vepra t\u00eb jasht\u00ebzakonshme arti,&quot; thot\u00eb ajo.<\/p>\n<p>\n\tNga t\u00eb gjitha pun\u00ebtorit\u00eb, sipas organizator\u00ebve t\u00eb k\u00ebtij mobiliteti, nx\u00ebn\u00ebsve m\u00eb s\u00eb shumti u p\u00eblqeu arti i fizik\u00ebs dhe p\u00ebr shkak t\u00eb interesimit t\u00eb madh, n\u00eb pun\u00ebtori ishin m\u00eb shum\u00eb se 20 nx\u00ebn\u00ebs.<\/p>\n<p>\n\tN\u00eb fund t\u00eb mobilitetit, pati nj\u00eb kuiz q\u00eb p\u00ebrmbylli shoq\u00ebrimin e k\u00ebndsh\u00ebm dhe t\u00eb gjitha njohurit\u00eb e marra n\u00eb dy jav\u00ebt e fundit. \u00cbsht\u00eb planifikuar edhe ekspozita e punimeve t\u00eb krijuara nga k\u00ebto pun\u00ebtori\u201d, ka p\u00ebrfunduar Stojkoviq.<\/p>\n<p>\n\t\u041f\u043e\u0434\u0441\u0435\u0442\u0438\u043c\u043e, \u043f\u0440\u0432\u0443 \u0430\u043a\u0442\u0438\u0432\u043d\u043e\u0441\u0442 \u0443 \u043e\u043a\u0432\u0438\u0440\u0443 \u043e\u0432\u043e\u0433 \u043f\u0440\u043e\u0458\u0435\u043a\u0442\u0430 \u0411\u0440\u0430\u043d\u043a\u043e\u0432\u0446\u0438 \u0441\u0443 \u0438\u043c\u0430\u043b\u0438 \u0443 \u0433\u0440\u0430\u0434\u0443 \u041d\u0430\u0437\u0438\u043b\u0438 \u0443 \u0422\u0443\u0440\u0441\u043a\u043e\u0458, \u043e\u0434 19. \u0434\u043e 23. \u0441\u0435\u043f\u0442\u0435\u043c\u0431\u0440\u0430, \u0433\u0434\u0435 \u0441\u0443 \u0443\u0447\u0435\u043d\u0438\u0446\u0438 \u0434\u043e\u0431\u0438\u043b\u0438 \u043f\u0440\u0438\u043b\u0438\u043a\u0443 \u0434\u0430 \u0440\u0430\u0437\u0432\u0438\u0458\u0430\u0458\u0443 \u0441\u0442\u0440\u0443\u0447\u043d\u0435 \u0432\u0435\u0448\u0442\u0438\u043d\u0435 \u0443 \u0434\u043e\u043c\u0435\u043d\u0443 \u043d\u043e\u0432\u0438\u0445 \u0442\u0435\u0445\u043d\u043e\u043b\u043e\u0433\u0438\u0458\u0430, \u043f\u0440\u0435 \u0441\u0432\u0435\u0433\u0430 \u0440\u043e\u0431\u043e\u0442\u0438\u043a\u0435.<\/p>\n<p>\n\t\u0412\u0438\u0440\u0442\u0443\u0435\u043b\u043d\u0430 \u043c\u043e\u0431\u0438\u043b\u043d\u043e\u0441\u0442 \u043f\u043e\u0434 \u043d\u0430\u0437\u0438\u0432\u043e\u043c \u201cArt is everywhere\u201d \u0440\u0435\u0430\u043b\u0438\u0437\u043e\u0432\u0430\u043d\u0430 \u0458\u0435 \u0441\u0430 \u043f\u0430\u0440\u0442\u043d\u0435\u0440\u0438\u043c\u0430 \u0438\u0437 \u0411\u0443\u0433\u0430\u0440\u0441\u043a\u0435 \u0438 \u0422\u0443\u0440\u0441\u043a\u0435 \u043f\u0443\u0442\u0435\u043c \u0417\u043e\u043e\u043c \u043f\u043b\u0430\u0442\u0444\u043e\u0440\u043c\u0435.<\/p>\n<p>\n\tKujtojm\u00eb se aktivitetin e par\u00eb n\u00eb kuad\u00ebr t\u00eb k\u00ebtij projekti e mbajt\u00ebn Brankov\u00ebt n\u00eb Nazili t\u00eb Turqis\u00eb nga data 19 deri m\u00eb 23 shtator, ku nx\u00ebn\u00ebsit pat\u00ebn mund\u00ebsi t\u00eb zhvillojn\u00eb aft\u00ebsi profesionale n\u00eb fush\u00ebn e teknologjive t\u00eb reja, n\u00eb radh\u00eb t\u00eb par\u00eb t\u00eb robotik\u00ebs.<\/p>\n<p>\n\tL\u00ebvizshm\u00ebria virtuale e quajtur \u201cArt is everywhere\u201d u realizua me partner\u00eb nga Bullgaria dhe Turqia p\u00ebrmes platform\u00ebs Zoom.<\/p>\n<p>\n\t<strong>Burimi: Bujanovacke,Trupi koordinus<\/strong><\/p>\n<p>\n\t\u00a0<\/p>\n","protected":false},"excerpt":{"rendered":"<p>Bujanoc \u2013 Beograd\u00a0\u2013 Nx\u00ebn\u00ebsit dhe m\u00ebsuesit e shkoll\u00ebs fillore &quot;Branko Radi\u00e7eviq&quot; N\u00eb dy jav\u00ebt e fundit ishin nikoqir t\u00eb pun\u00ebtoris\u00eb t\u00eb l\u00ebviz\u00ebshme virtual \u00a0t\u00eb quajtura &quot;Arti \u00ebsht\u00eb kudo&quot; si pjes\u00eb e projektit t\u00eb dyt\u00eb Erasmus+ \u201cSteam Powered education\u201c.<\/p>\n","protected":false},"author":1,"featured_media":106961,"comment_status":"closed","ping_status":"closed","sticky":false,"template":"","format":"standard","meta":{"footnotes":""},"categories":[55],"tags":[],"class_list":["post-106956","post","type-post","status-publish","format-standard","has-post-thumbnail","hentry","category-lajme"],"yoast_head":"<!-- This site is optimized with the Yoast SEO plugin v27.5 - https:\/\/yoast.com\/product\/yoast-seo-wordpress\/ -->\n<title>\u201cBRANKOV\u00cbT\u201d ME MOSHATAR\u00cbT NGA TURQIA DHE BUGARIA: ARTI \u00cbSHT\u00cb GJITH ANDEJ - Republika e S\u00ebrbis\u00eb Trupi Koordinues p\u00ebr komunat Bujanoc, Preshev\u00eb dhe Medvegj\u00eb<\/title>\n<meta name=\"robots\" content=\"index, follow, max-snippet:-1, max-image-preview:large, max-video-preview:-1\" \/>\n<link rel=\"canonical\" href=\"https:\/\/kt.gov.rs\/sq\/brankovet-me-moshataret-nga-turqia-dhe-bugaria-arti-eshte-gjith-andej\/\" \/>\n<meta property=\"og:locale\" content=\"sq_AL\" \/>\n<meta property=\"og:type\" content=\"article\" \/>\n<meta property=\"og:title\" content=\"\u201cBRANKOV\u00cbT\u201d ME MOSHATAR\u00cbT NGA TURQIA DHE BUGARIA: ARTI \u00cbSHT\u00cb GJITH ANDEJ - Republika e S\u00ebrbis\u00eb Trupi Koordinues p\u00ebr komunat Bujanoc, Preshev\u00eb dhe Medvegj\u00eb\" \/>\n<meta property=\"og:description\" content=\"Bujanoc - Beograd\u00a0- Nx\u00ebn\u00ebsit dhe m\u00ebsuesit e shkoll\u00ebs fillore &quot;Branko Radi\u00e7eviq&quot; N\u00eb dy jav\u00ebt e fundit ishin nikoqir t\u00eb pun\u00ebtoris\u00eb t\u00eb l\u00ebviz\u00ebshme virtual \u00a0t\u00eb quajtura &quot;Arti \u00ebsht\u00eb kudo&quot; si pjes\u00eb e projektit t\u00eb dyt\u00eb Erasmus+ \u201cSteam Powered education\u201c.\" \/>\n<meta property=\"og:url\" content=\"https:\/\/kt.gov.rs\/sq\/brankovet-me-moshataret-nga-turqia-dhe-bugaria-arti-eshte-gjith-andej\/\" \/>\n<meta property=\"og:site_name\" content=\"Republika e S\u00ebrbis\u00eb Trupi Koordinues p\u00ebr komunat Bujanoc, Preshev\u00eb dhe Medvegj\u00eb\" \/>\n<meta property=\"article:publisher\" content=\"https:\/\/www.facebook.com\/SluzbaKoordinacionogTelaVladeRepublikeSrbije\" \/>\n<meta property=\"article:published_time\" content=\"2022-10-31T00:00:00+00:00\" \/>\n<meta property=\"article:modified_time\" content=\"2024-07-30T17:55:48+00:00\" \/>\n<meta property=\"og:image\" content=\"https:\/\/kt.gov.rs\/wp-content\/uploads\/2024\/07\/1667236069_311022_1-3.jpg\" \/>\n\t<meta property=\"og:image:width\" content=\"315\" \/>\n\t<meta property=\"og:image:height\" content=\"230\" \/>\n\t<meta property=\"og:image:type\" content=\"image\/jpeg\" \/>\n<meta name=\"author\" content=\"ktmin\" \/>\n<meta name=\"twitter:card\" content=\"summary_large_image\" \/>\n<meta name=\"twitter:creator\" content=\"@kt_gov\" \/>\n<meta name=\"twitter:site\" content=\"@kt_gov\" \/>\n<meta name=\"twitter:label1\" content=\"Written by\" \/>\n\t<meta name=\"twitter:data1\" content=\"ktmin\" \/>\n\t<meta name=\"twitter:label2\" content=\"Est. reading time\" \/>\n\t<meta name=\"twitter:data2\" content=\"3 minutes\" \/>\n<script type=\"application\/ld+json\" class=\"yoast-schema-graph\">{\"@context\":\"https:\\\/\\\/schema.org\",\"@graph\":[{\"@type\":\"Article\",\"@id\":\"https:\\\/\\\/kt.gov.rs\\\/sq\\\/brankovet-me-moshataret-nga-turqia-dhe-bugaria-arti-eshte-gjith-andej\\\/#article\",\"isPartOf\":{\"@id\":\"https:\\\/\\\/kt.gov.rs\\\/sq\\\/brankovet-me-moshataret-nga-turqia-dhe-bugaria-arti-eshte-gjith-andej\\\/\"},\"author\":{\"name\":\"ktmin\",\"@id\":\"https:\\\/\\\/kt.gov.rs\\\/#\\\/schema\\\/person\\\/e426459ddb4173309103390602694571\"},\"headline\":\"\u201cBRANKOV\u00cbT\u201d ME MOSHATAR\u00cbT NGA TURQIA DHE BUGARIA: ARTI \u00cbSHT\u00cb GJITH ANDEJ\",\"datePublished\":\"2022-10-31T00:00:00+00:00\",\"dateModified\":\"2024-07-30T17:55:48+00:00\",\"mainEntityOfPage\":{\"@id\":\"https:\\\/\\\/kt.gov.rs\\\/sq\\\/brankovet-me-moshataret-nga-turqia-dhe-bugaria-arti-eshte-gjith-andej\\\/\"},\"wordCount\":625,\"publisher\":{\"@id\":\"https:\\\/\\\/kt.gov.rs\\\/#organization\"},\"image\":{\"@id\":\"https:\\\/\\\/kt.gov.rs\\\/sq\\\/brankovet-me-moshataret-nga-turqia-dhe-bugaria-arti-eshte-gjith-andej\\\/#primaryimage\"},\"thumbnailUrl\":\"https:\\\/\\\/kt.gov.rs\\\/wp-content\\\/uploads\\\/2024\\\/07\\\/1667236069_311022_1-3.jpg\",\"articleSection\":[\"Lajme\"],\"inLanguage\":\"sq-AL\"},{\"@type\":\"WebPage\",\"@id\":\"https:\\\/\\\/kt.gov.rs\\\/sq\\\/brankovet-me-moshataret-nga-turqia-dhe-bugaria-arti-eshte-gjith-andej\\\/\",\"url\":\"https:\\\/\\\/kt.gov.rs\\\/sq\\\/brankovet-me-moshataret-nga-turqia-dhe-bugaria-arti-eshte-gjith-andej\\\/\",\"name\":\"\u201cBRANKOV\u00cbT\u201d ME MOSHATAR\u00cbT NGA TURQIA DHE BUGARIA: ARTI \u00cbSHT\u00cb GJITH ANDEJ - Republika e S\u00ebrbis\u00eb Trupi Koordinues p\u00ebr komunat Bujanoc, Preshev\u00eb dhe Medvegj\u00eb\",\"isPartOf\":{\"@id\":\"https:\\\/\\\/kt.gov.rs\\\/#website\"},\"primaryImageOfPage\":{\"@id\":\"https:\\\/\\\/kt.gov.rs\\\/sq\\\/brankovet-me-moshataret-nga-turqia-dhe-bugaria-arti-eshte-gjith-andej\\\/#primaryimage\"},\"image\":{\"@id\":\"https:\\\/\\\/kt.gov.rs\\\/sq\\\/brankovet-me-moshataret-nga-turqia-dhe-bugaria-arti-eshte-gjith-andej\\\/#primaryimage\"},\"thumbnailUrl\":\"https:\\\/\\\/kt.gov.rs\\\/wp-content\\\/uploads\\\/2024\\\/07\\\/1667236069_311022_1-3.jpg\",\"datePublished\":\"2022-10-31T00:00:00+00:00\",\"dateModified\":\"2024-07-30T17:55:48+00:00\",\"breadcrumb\":{\"@id\":\"https:\\\/\\\/kt.gov.rs\\\/sq\\\/brankovet-me-moshataret-nga-turqia-dhe-bugaria-arti-eshte-gjith-andej\\\/#breadcrumb\"},\"inLanguage\":\"sq-AL\",\"potentialAction\":[{\"@type\":\"ReadAction\",\"target\":[\"https:\\\/\\\/kt.gov.rs\\\/sq\\\/brankovet-me-moshataret-nga-turqia-dhe-bugaria-arti-eshte-gjith-andej\\\/\"]}]},{\"@type\":\"ImageObject\",\"inLanguage\":\"sq-AL\",\"@id\":\"https:\\\/\\\/kt.gov.rs\\\/sq\\\/brankovet-me-moshataret-nga-turqia-dhe-bugaria-arti-eshte-gjith-andej\\\/#primaryimage\",\"url\":\"https:\\\/\\\/kt.gov.rs\\\/wp-content\\\/uploads\\\/2024\\\/07\\\/1667236069_311022_1-3.jpg\",\"contentUrl\":\"https:\\\/\\\/kt.gov.rs\\\/wp-content\\\/uploads\\\/2024\\\/07\\\/1667236069_311022_1-3.jpg\",\"width\":315,\"height\":230},{\"@type\":\"BreadcrumbList\",\"@id\":\"https:\\\/\\\/kt.gov.rs\\\/sq\\\/brankovet-me-moshataret-nga-turqia-dhe-bugaria-arti-eshte-gjith-andej\\\/#breadcrumb\",\"itemListElement\":[{\"@type\":\"ListItem\",\"position\":1,\"name\":\"\u041f\u043e\u0447\u0435\u0442\u043d\u0430\",\"item\":\"https:\\\/\\\/kt.gov.rs\\\/sq\\\/\"},{\"@type\":\"ListItem\",\"position\":2,\"name\":\"\u201cBRANKOV\u00cbT\u201d ME MOSHATAR\u00cbT NGA TURQIA DHE BUGARIA: ARTI \u00cbSHT\u00cb GJITH ANDEJ\"}]},{\"@type\":\"WebSite\",\"@id\":\"https:\\\/\\\/kt.gov.rs\\\/#website\",\"url\":\"https:\\\/\\\/kt.gov.rs\\\/\",\"name\":\"\u041a\u043e\u043e\u0440\u0434\u0438\u043d\u0430\u0446\u0438\u043e\u043d\u043e \u0442\u0435\u043b\u043e \u0412\u043b\u0430\u0434\u0435 \u0420\u0435\u043f\u0443\u0431\u043b\u0438\u043a\u0435 \u0421\u0440\u0431\u0438\u0458\u0435 \u0437\u0430 \u043e\u043f\u0448\u0442\u0438\u043d\u0435 \u041f\u0440\u0435\u0448\u0435\u0432\u043e, \u0411\u0443\u0458\u0430\u043d\u043e\u0432\u0430\u0446 \u0438 \u041c\u0435\u0434\u0432\u0435\u0452a\",\"description\":\"\",\"publisher\":{\"@id\":\"https:\\\/\\\/kt.gov.rs\\\/#organization\"},\"alternateName\":\"\u041a\u043e\u043e\u0440\u0434\u0438\u043d\u0430\u0446\u0438\u043e\u043d\u043e \u0442\u0435\u043b\u043e\",\"potentialAction\":[{\"@type\":\"SearchAction\",\"target\":{\"@type\":\"EntryPoint\",\"urlTemplate\":\"https:\\\/\\\/kt.gov.rs\\\/?s={search_term_string}\"},\"query-input\":{\"@type\":\"PropertyValueSpecification\",\"valueRequired\":true,\"valueName\":\"search_term_string\"}}],\"inLanguage\":\"sq-AL\"},{\"@type\":\"Organization\",\"@id\":\"https:\\\/\\\/kt.gov.rs\\\/#organization\",\"name\":\"\u041a\u043e\u043e\u0440\u0434\u0438\u043d\u0430\u0446\u0438\u043e\u043d\u043e \u0442\u0435\u043b\u043e \u0412\u043b\u0430\u0434\u0435 \u0420\u0435\u043f\u0443\u0431\u043b\u0438\u043a\u0435 \u0421\u0440\u0431\u0438\u0458\u0435 \u0437\u0430 \u043e\u043f\u0448\u0442\u0438\u043d\u0435 \u041f\u0440\u0435\u0448\u0435\u0432\u043e, \u0411\u0443\u0458\u0430\u043d\u043e\u0432\u0430\u0446 \u0438 \u041c\u0435\u0434\u0432\u0435\u0452a\",\"alternateName\":\"\u041a\u043e\u043e\u0440\u0434\u0438\u043d\u0430\u0446\u0438\u043e\u043d\u043e \u0442\u0435\u043b\u043e\",\"url\":\"https:\\\/\\\/kt.gov.rs\\\/\",\"logo\":{\"@type\":\"ImageObject\",\"inLanguage\":\"sq-AL\",\"@id\":\"https:\\\/\\\/kt.gov.rs\\\/#\\\/schema\\\/logo\\\/image\\\/\",\"url\":\"https:\\\/\\\/kt.gov.rs\\\/wp-content\\\/uploads\\\/2024\\\/12\\\/koord2.jpg\",\"contentUrl\":\"https:\\\/\\\/kt.gov.rs\\\/wp-content\\\/uploads\\\/2024\\\/12\\\/koord2.jpg\",\"width\":640,\"height\":480,\"caption\":\"\u041a\u043e\u043e\u0440\u0434\u0438\u043d\u0430\u0446\u0438\u043e\u043d\u043e \u0442\u0435\u043b\u043e \u0412\u043b\u0430\u0434\u0435 \u0420\u0435\u043f\u0443\u0431\u043b\u0438\u043a\u0435 \u0421\u0440\u0431\u0438\u0458\u0435 \u0437\u0430 \u043e\u043f\u0448\u0442\u0438\u043d\u0435 \u041f\u0440\u0435\u0448\u0435\u0432\u043e, \u0411\u0443\u0458\u0430\u043d\u043e\u0432\u0430\u0446 \u0438 \u041c\u0435\u0434\u0432\u0435\u0452a\"},\"image\":{\"@id\":\"https:\\\/\\\/kt.gov.rs\\\/#\\\/schema\\\/logo\\\/image\\\/\"},\"sameAs\":[\"https:\\\/\\\/www.facebook.com\\\/SluzbaKoordinacionogTelaVladeRepublikeSrbije\",\"https:\\\/\\\/x.com\\\/kt_gov\",\"https:\\\/\\\/www.youtube.com\\\/@koordinacionotelo\"]},{\"@type\":\"Person\",\"@id\":\"https:\\\/\\\/kt.gov.rs\\\/#\\\/schema\\\/person\\\/e426459ddb4173309103390602694571\",\"name\":\"ktmin\",\"image\":{\"@type\":\"ImageObject\",\"inLanguage\":\"sq-AL\",\"@id\":\"https:\\\/\\\/secure.gravatar.com\\\/avatar\\\/3985c961109853010c3fbc7ba30365bfba5db3dd6c525831d9c595c7525a615a?s=96&d=mm&r=g\",\"url\":\"https:\\\/\\\/secure.gravatar.com\\\/avatar\\\/3985c961109853010c3fbc7ba30365bfba5db3dd6c525831d9c595c7525a615a?s=96&d=mm&r=g\",\"contentUrl\":\"https:\\\/\\\/secure.gravatar.com\\\/avatar\\\/3985c961109853010c3fbc7ba30365bfba5db3dd6c525831d9c595c7525a615a?s=96&d=mm&r=g\",\"caption\":\"ktmin\"},\"sameAs\":[\"https:\\\/\\\/kt.gov.rs\"],\"url\":\"https:\\\/\\\/kt.gov.rs\\\/sq\\\/author\\\/ktmin\\\/\"}]}<\/script>\n<!-- \/ Yoast SEO plugin. -->","yoast_head_json":{"title":"\u201cBRANKOV\u00cbT\u201d ME MOSHATAR\u00cbT NGA TURQIA DHE BUGARIA: ARTI \u00cbSHT\u00cb GJITH ANDEJ - Republika e S\u00ebrbis\u00eb Trupi Koordinues p\u00ebr komunat Bujanoc, Preshev\u00eb dhe Medvegj\u00eb","robots":{"index":"index","follow":"follow","max-snippet":"max-snippet:-1","max-image-preview":"max-image-preview:large","max-video-preview":"max-video-preview:-1"},"canonical":"https:\/\/kt.gov.rs\/sq\/brankovet-me-moshataret-nga-turqia-dhe-bugaria-arti-eshte-gjith-andej\/","og_locale":"sq_AL","og_type":"article","og_title":"\u201cBRANKOV\u00cbT\u201d ME MOSHATAR\u00cbT NGA TURQIA DHE BUGARIA: ARTI \u00cbSHT\u00cb GJITH ANDEJ - Republika e S\u00ebrbis\u00eb Trupi Koordinues p\u00ebr komunat Bujanoc, Preshev\u00eb dhe Medvegj\u00eb","og_description":"Bujanoc - Beograd\u00a0- Nx\u00ebn\u00ebsit dhe m\u00ebsuesit e shkoll\u00ebs fillore &quot;Branko Radi\u00e7eviq&quot; N\u00eb dy jav\u00ebt e fundit ishin nikoqir t\u00eb pun\u00ebtoris\u00eb t\u00eb l\u00ebviz\u00ebshme virtual \u00a0t\u00eb quajtura &quot;Arti \u00ebsht\u00eb kudo&quot; si pjes\u00eb e projektit t\u00eb dyt\u00eb Erasmus+ \u201cSteam Powered education\u201c.","og_url":"https:\/\/kt.gov.rs\/sq\/brankovet-me-moshataret-nga-turqia-dhe-bugaria-arti-eshte-gjith-andej\/","og_site_name":"Republika e S\u00ebrbis\u00eb Trupi Koordinues p\u00ebr komunat Bujanoc, Preshev\u00eb dhe Medvegj\u00eb","article_publisher":"https:\/\/www.facebook.com\/SluzbaKoordinacionogTelaVladeRepublikeSrbije","article_published_time":"2022-10-31T00:00:00+00:00","article_modified_time":"2024-07-30T17:55:48+00:00","og_image":[{"width":315,"height":230,"url":"https:\/\/kt.gov.rs\/wp-content\/uploads\/2024\/07\/1667236069_311022_1-3.jpg","type":"image\/jpeg"}],"author":"ktmin","twitter_card":"summary_large_image","twitter_creator":"@kt_gov","twitter_site":"@kt_gov","twitter_misc":{"Written by":"ktmin","Est. reading time":"3 minutes"},"schema":{"@context":"https:\/\/schema.org","@graph":[{"@type":"Article","@id":"https:\/\/kt.gov.rs\/sq\/brankovet-me-moshataret-nga-turqia-dhe-bugaria-arti-eshte-gjith-andej\/#article","isPartOf":{"@id":"https:\/\/kt.gov.rs\/sq\/brankovet-me-moshataret-nga-turqia-dhe-bugaria-arti-eshte-gjith-andej\/"},"author":{"name":"ktmin","@id":"https:\/\/kt.gov.rs\/#\/schema\/person\/e426459ddb4173309103390602694571"},"headline":"\u201cBRANKOV\u00cbT\u201d ME MOSHATAR\u00cbT NGA TURQIA DHE BUGARIA: ARTI \u00cbSHT\u00cb GJITH ANDEJ","datePublished":"2022-10-31T00:00:00+00:00","dateModified":"2024-07-30T17:55:48+00:00","mainEntityOfPage":{"@id":"https:\/\/kt.gov.rs\/sq\/brankovet-me-moshataret-nga-turqia-dhe-bugaria-arti-eshte-gjith-andej\/"},"wordCount":625,"publisher":{"@id":"https:\/\/kt.gov.rs\/#organization"},"image":{"@id":"https:\/\/kt.gov.rs\/sq\/brankovet-me-moshataret-nga-turqia-dhe-bugaria-arti-eshte-gjith-andej\/#primaryimage"},"thumbnailUrl":"https:\/\/kt.gov.rs\/wp-content\/uploads\/2024\/07\/1667236069_311022_1-3.jpg","articleSection":["Lajme"],"inLanguage":"sq-AL"},{"@type":"WebPage","@id":"https:\/\/kt.gov.rs\/sq\/brankovet-me-moshataret-nga-turqia-dhe-bugaria-arti-eshte-gjith-andej\/","url":"https:\/\/kt.gov.rs\/sq\/brankovet-me-moshataret-nga-turqia-dhe-bugaria-arti-eshte-gjith-andej\/","name":"\u201cBRANKOV\u00cbT\u201d ME MOSHATAR\u00cbT NGA TURQIA DHE BUGARIA: ARTI \u00cbSHT\u00cb GJITH ANDEJ - Republika e S\u00ebrbis\u00eb Trupi Koordinues p\u00ebr komunat Bujanoc, Preshev\u00eb dhe Medvegj\u00eb","isPartOf":{"@id":"https:\/\/kt.gov.rs\/#website"},"primaryImageOfPage":{"@id":"https:\/\/kt.gov.rs\/sq\/brankovet-me-moshataret-nga-turqia-dhe-bugaria-arti-eshte-gjith-andej\/#primaryimage"},"image":{"@id":"https:\/\/kt.gov.rs\/sq\/brankovet-me-moshataret-nga-turqia-dhe-bugaria-arti-eshte-gjith-andej\/#primaryimage"},"thumbnailUrl":"https:\/\/kt.gov.rs\/wp-content\/uploads\/2024\/07\/1667236069_311022_1-3.jpg","datePublished":"2022-10-31T00:00:00+00:00","dateModified":"2024-07-30T17:55:48+00:00","breadcrumb":{"@id":"https:\/\/kt.gov.rs\/sq\/brankovet-me-moshataret-nga-turqia-dhe-bugaria-arti-eshte-gjith-andej\/#breadcrumb"},"inLanguage":"sq-AL","potentialAction":[{"@type":"ReadAction","target":["https:\/\/kt.gov.rs\/sq\/brankovet-me-moshataret-nga-turqia-dhe-bugaria-arti-eshte-gjith-andej\/"]}]},{"@type":"ImageObject","inLanguage":"sq-AL","@id":"https:\/\/kt.gov.rs\/sq\/brankovet-me-moshataret-nga-turqia-dhe-bugaria-arti-eshte-gjith-andej\/#primaryimage","url":"https:\/\/kt.gov.rs\/wp-content\/uploads\/2024\/07\/1667236069_311022_1-3.jpg","contentUrl":"https:\/\/kt.gov.rs\/wp-content\/uploads\/2024\/07\/1667236069_311022_1-3.jpg","width":315,"height":230},{"@type":"BreadcrumbList","@id":"https:\/\/kt.gov.rs\/sq\/brankovet-me-moshataret-nga-turqia-dhe-bugaria-arti-eshte-gjith-andej\/#breadcrumb","itemListElement":[{"@type":"ListItem","position":1,"name":"\u041f\u043e\u0447\u0435\u0442\u043d\u0430","item":"https:\/\/kt.gov.rs\/sq\/"},{"@type":"ListItem","position":2,"name":"\u201cBRANKOV\u00cbT\u201d ME MOSHATAR\u00cbT NGA TURQIA DHE BUGARIA: ARTI \u00cbSHT\u00cb GJITH ANDEJ"}]},{"@type":"WebSite","@id":"https:\/\/kt.gov.rs\/#website","url":"https:\/\/kt.gov.rs\/","name":"\u041a\u043e\u043e\u0440\u0434\u0438\u043d\u0430\u0446\u0438\u043e\u043d\u043e \u0442\u0435\u043b\u043e \u0412\u043b\u0430\u0434\u0435 \u0420\u0435\u043f\u0443\u0431\u043b\u0438\u043a\u0435 \u0421\u0440\u0431\u0438\u0458\u0435 \u0437\u0430 \u043e\u043f\u0448\u0442\u0438\u043d\u0435 \u041f\u0440\u0435\u0448\u0435\u0432\u043e, \u0411\u0443\u0458\u0430\u043d\u043e\u0432\u0430\u0446 \u0438 \u041c\u0435\u0434\u0432\u0435\u0452a","description":"","publisher":{"@id":"https:\/\/kt.gov.rs\/#organization"},"alternateName":"\u041a\u043e\u043e\u0440\u0434\u0438\u043d\u0430\u0446\u0438\u043e\u043d\u043e \u0442\u0435\u043b\u043e","potentialAction":[{"@type":"SearchAction","target":{"@type":"EntryPoint","urlTemplate":"https:\/\/kt.gov.rs\/?s={search_term_string}"},"query-input":{"@type":"PropertyValueSpecification","valueRequired":true,"valueName":"search_term_string"}}],"inLanguage":"sq-AL"},{"@type":"Organization","@id":"https:\/\/kt.gov.rs\/#organization","name":"\u041a\u043e\u043e\u0440\u0434\u0438\u043d\u0430\u0446\u0438\u043e\u043d\u043e \u0442\u0435\u043b\u043e \u0412\u043b\u0430\u0434\u0435 \u0420\u0435\u043f\u0443\u0431\u043b\u0438\u043a\u0435 \u0421\u0440\u0431\u0438\u0458\u0435 \u0437\u0430 \u043e\u043f\u0448\u0442\u0438\u043d\u0435 \u041f\u0440\u0435\u0448\u0435\u0432\u043e, \u0411\u0443\u0458\u0430\u043d\u043e\u0432\u0430\u0446 \u0438 \u041c\u0435\u0434\u0432\u0435\u0452a","alternateName":"\u041a\u043e\u043e\u0440\u0434\u0438\u043d\u0430\u0446\u0438\u043e\u043d\u043e \u0442\u0435\u043b\u043e","url":"https:\/\/kt.gov.rs\/","logo":{"@type":"ImageObject","inLanguage":"sq-AL","@id":"https:\/\/kt.gov.rs\/#\/schema\/logo\/image\/","url":"https:\/\/kt.gov.rs\/wp-content\/uploads\/2024\/12\/koord2.jpg","contentUrl":"https:\/\/kt.gov.rs\/wp-content\/uploads\/2024\/12\/koord2.jpg","width":640,"height":480,"caption":"\u041a\u043e\u043e\u0440\u0434\u0438\u043d\u0430\u0446\u0438\u043e\u043d\u043e \u0442\u0435\u043b\u043e \u0412\u043b\u0430\u0434\u0435 \u0420\u0435\u043f\u0443\u0431\u043b\u0438\u043a\u0435 \u0421\u0440\u0431\u0438\u0458\u0435 \u0437\u0430 \u043e\u043f\u0448\u0442\u0438\u043d\u0435 \u041f\u0440\u0435\u0448\u0435\u0432\u043e, \u0411\u0443\u0458\u0430\u043d\u043e\u0432\u0430\u0446 \u0438 \u041c\u0435\u0434\u0432\u0435\u0452a"},"image":{"@id":"https:\/\/kt.gov.rs\/#\/schema\/logo\/image\/"},"sameAs":["https:\/\/www.facebook.com\/SluzbaKoordinacionogTelaVladeRepublikeSrbije","https:\/\/x.com\/kt_gov","https:\/\/www.youtube.com\/@koordinacionotelo"]},{"@type":"Person","@id":"https:\/\/kt.gov.rs\/#\/schema\/person\/e426459ddb4173309103390602694571","name":"ktmin","image":{"@type":"ImageObject","inLanguage":"sq-AL","@id":"https:\/\/secure.gravatar.com\/avatar\/3985c961109853010c3fbc7ba30365bfba5db3dd6c525831d9c595c7525a615a?s=96&d=mm&r=g","url":"https:\/\/secure.gravatar.com\/avatar\/3985c961109853010c3fbc7ba30365bfba5db3dd6c525831d9c595c7525a615a?s=96&d=mm&r=g","contentUrl":"https:\/\/secure.gravatar.com\/avatar\/3985c961109853010c3fbc7ba30365bfba5db3dd6c525831d9c595c7525a615a?s=96&d=mm&r=g","caption":"ktmin"},"sameAs":["https:\/\/kt.gov.rs"],"url":"https:\/\/kt.gov.rs\/sq\/author\/ktmin\/"}]}},"_links":{"self":[{"href":"https:\/\/kt.gov.rs\/sq\/wp-json\/wp\/v2\/posts\/106956","targetHints":{"allow":["GET"]}}],"collection":[{"href":"https:\/\/kt.gov.rs\/sq\/wp-json\/wp\/v2\/posts"}],"about":[{"href":"https:\/\/kt.gov.rs\/sq\/wp-json\/wp\/v2\/types\/post"}],"author":[{"embeddable":true,"href":"https:\/\/kt.gov.rs\/sq\/wp-json\/wp\/v2\/users\/1"}],"replies":[{"embeddable":true,"href":"https:\/\/kt.gov.rs\/sq\/wp-json\/wp\/v2\/comments?post=106956"}],"version-history":[{"count":1,"href":"https:\/\/kt.gov.rs\/sq\/wp-json\/wp\/v2\/posts\/106956\/revisions"}],"predecessor-version":[{"id":106960,"href":"https:\/\/kt.gov.rs\/sq\/wp-json\/wp\/v2\/posts\/106956\/revisions\/106960"}],"wp:featuredmedia":[{"embeddable":true,"href":"https:\/\/kt.gov.rs\/sq\/wp-json\/wp\/v2\/media\/106961"}],"wp:attachment":[{"href":"https:\/\/kt.gov.rs\/sq\/wp-json\/wp\/v2\/media?parent=106956"}],"wp:term":[{"taxonomy":"category","embeddable":true,"href":"https:\/\/kt.gov.rs\/sq\/wp-json\/wp\/v2\/categories?post=106956"},{"taxonomy":"post_tag","embeddable":true,"href":"https:\/\/kt.gov.rs\/sq\/wp-json\/wp\/v2\/tags?post=106956"}],"curies":[{"name":"wp","href":"https:\/\/api.w.org\/{rel}","templated":true}]}}