{"id":106948,"date":"2022-10-31T00:00:00","date_gmt":"2022-10-31T00:00:00","guid":{"rendered":"http:\/\/kt.printandscreen.rs\/ne-levosoje-eshte-mbajtur-edukim-per-prodhuesit-e-qumshtit-nga-bujanoci-dhe-presheva\/"},"modified":"2024-07-30T17:55:47","modified_gmt":"2024-07-30T17:55:47","slug":"ne-levosoje-eshte-mbajtur-edukim-per-prodhuesit-e-qumshtit-nga-bujanoci-dhe-presheva","status":"publish","type":"post","link":"https:\/\/kt.gov.rs\/sq\/ne-levosoje-eshte-mbajtur-edukim-per-prodhuesit-e-qumshtit-nga-bujanoci-dhe-presheva\/","title":{"rendered":"N\u00cb LEVOSOJ\u00cb \u00cbSHT\u00cb MBAJTUR EDUKIM P\u00cbR PRODHUESIT E QUMSHTIT NGA BUJANOCI DHE PRESHEVA"},"content":{"rendered":"<p>\n\t<strong><img decoding=\"async\" alt=\"\" src=\"https:\/\/kt.gov.rs\/wp-content\/uploads\/2024\/07\/1667236121_311022_2-2.jpg\" style=\"width: 315px; height: 230px; float: left;\" \/><\/strong><strong>Bujanoc \u2013 Beograd<\/strong> \u2013 Edukimi me tem\u00ebn \u201cQum\u00ebshtor\u00ebt dhe bag\u00ebtia e majme \u00a0n\u00eb jug t\u00eb Serbis\u00eb&quot; u mbajt n\u00eb Levosoj p\u00ebr prodhuesit e qum\u00ebshtit \u00a0nga Presheva dhe Bujanoci p\u00ebr demat t\u00eb maj\u00ebm, organizuar nga Shoqata e blegtorive simental &quot;Kravica&quot; nga Bujanoci.<\/p>\n<p>\n\tP\u00ebr prodhimin dhe mbledhjen e qum\u00ebshtit, zhvillimin e blegtoris\u00eb n\u00eb k\u00ebto komuna fol\u00ebn mysafir\u00ebt, agroanalisti \u00c7edomir Keco nga Novi Sadi dhe Radoje Cvetiq, pronari i &quot;Master Frigo&quot; dhe i Kombinatit bujq\u00ebsor &quot;Zlatibor&quot;, i cili filloi mbledhjen e qum\u00ebshtit n\u00eb territorin e Bujanocit e t\u00eb Preshev\u00ebs dhe Vraj\u00ebs.<\/p>\n<p>\n\tSipas organizator\u00ebve, shfaqja e nj\u00eb bler\u00ebsi t\u00eb ri qum\u00ebshti n\u00eb k\u00ebto zona ka nj\u00eb r\u00ebnd\u00ebsi t\u00eb madhe p\u00ebr prodhuesit vendas t\u00eb qum\u00ebshtit.<\/p>\n<p>\n\t\u201cP\u00ebrve\u00e7 bler\u00ebsve vendor\u00eb, q\u00eb para dy muajsh kemi edhe nj\u00eb tjet\u00ebr me kapacitet t\u00eb madh sepse ka qum\u00ebshtore n\u00eb Zlatibor dhe Blac me mbi 40 ton\u00eb p\u00ebrpunim qum\u00ebshti n\u00eb dit\u00eb. Krahas rritjes s\u00eb \u00e7mimit t\u00eb blerjes s\u00eb qum\u00ebshtit n\u00eb 60 dinar\u00eb, jan\u00eb shp\u00ebrndar\u00eb edhe laktofriz p\u00ebr t\u00eb ruajtur cil\u00ebsin\u00eb e qum\u00ebshtit\u201d, kan\u00eb th\u00ebn\u00eb nga Shoqata.<\/p>\n<p>\n\tN\u00eb takim mor\u00ebn pjes\u00eb mbi 50 pjes\u00ebmarr\u00ebs nga fusha e prodhimit t\u00eb qum\u00ebshtit dhe majm\u00ebris\u00eb s\u00eb demave, t\u00eb cil\u00ebt pat\u00ebn mund\u00ebsin\u00eb t\u00eb m\u00ebsojn\u00eb p\u00ebr situat\u00ebn dhe perspektivat aktuale.<\/p>\n<p>\n\tShoqata e Blegtorive Simental &quot;Kravica&quot; nga Bujanoci \u00ebsht\u00eb an\u00ebtare e Shoqat\u00ebs qendrore t\u00eb blegtorive simental t\u00eb Serbis\u00eb.<\/p>\n<p>\n\t<strong>Burimi:Bujanovacke, Trupi koordinus\u00a0<\/strong><\/p>\n<p>\n\t\u00a0<\/p>\n","protected":false},"excerpt":{"rendered":"<p>Bujanoc \u2013 Beograd\u00a0\u2013 Edukimi me tem\u00ebn \u201cQum\u00ebshtor\u00ebt dhe bag\u00ebtia e majme \u00a0n\u00eb jug t\u00eb Serbis\u00eb&quot; u mbajt n\u00eb Levosoj p\u00ebr prodhuesit e qum\u00ebshtit \u00a0nga Presheva dhe Bujanoci p\u00ebr demat t\u00eb maj\u00ebm, organizuar nga Shoqata e blegtorive simental &quot;Kravica&quot; nga Bujanoci.<\/p>\n","protected":false},"author":1,"featured_media":106953,"comment_status":"closed","ping_status":"closed","sticky":false,"template":"","format":"standard","meta":{"footnotes":""},"categories":[55],"tags":[],"class_list":["post-106948","post","type-post","status-publish","format-standard","has-post-thumbnail","hentry","category-lajme"],"yoast_head":"<!-- This site is optimized with the Yoast SEO plugin v27.5 - https:\/\/yoast.com\/product\/yoast-seo-wordpress\/ -->\n<title>N\u00cb LEVOSOJ\u00cb \u00cbSHT\u00cb MBAJTUR EDUKIM P\u00cbR PRODHUESIT E QUMSHTIT NGA BUJANOCI DHE PRESHEVA - Republika e S\u00ebrbis\u00eb Trupi Koordinues p\u00ebr komunat Bujanoc, Preshev\u00eb dhe Medvegj\u00eb<\/title>\n<meta name=\"robots\" content=\"index, follow, max-snippet:-1, max-image-preview:large, max-video-preview:-1\" \/>\n<link rel=\"canonical\" href=\"https:\/\/kt.gov.rs\/sq\/ne-levosoje-eshte-mbajtur-edukim-per-prodhuesit-e-qumshtit-nga-bujanoci-dhe-presheva\/\" \/>\n<meta property=\"og:locale\" content=\"sq_AL\" \/>\n<meta property=\"og:type\" content=\"article\" \/>\n<meta property=\"og:title\" content=\"N\u00cb LEVOSOJ\u00cb \u00cbSHT\u00cb MBAJTUR EDUKIM P\u00cbR PRODHUESIT E QUMSHTIT NGA BUJANOCI DHE PRESHEVA - Republika e S\u00ebrbis\u00eb Trupi Koordinues p\u00ebr komunat Bujanoc, Preshev\u00eb dhe Medvegj\u00eb\" \/>\n<meta property=\"og:description\" content=\"Bujanoc - Beograd\u00a0- Edukimi me tem\u00ebn \u201cQum\u00ebshtor\u00ebt dhe bag\u00ebtia e majme \u00a0n\u00eb jug t\u00eb Serbis\u00eb&quot; u mbajt n\u00eb Levosoj p\u00ebr prodhuesit e qum\u00ebshtit \u00a0nga Presheva dhe Bujanoci p\u00ebr demat t\u00eb maj\u00ebm, organizuar nga Shoqata e blegtorive simental &quot;Kravica&quot; nga Bujanoci.\" \/>\n<meta property=\"og:url\" content=\"https:\/\/kt.gov.rs\/sq\/ne-levosoje-eshte-mbajtur-edukim-per-prodhuesit-e-qumshtit-nga-bujanoci-dhe-presheva\/\" \/>\n<meta property=\"og:site_name\" content=\"Republika e S\u00ebrbis\u00eb Trupi Koordinues p\u00ebr komunat Bujanoc, Preshev\u00eb dhe Medvegj\u00eb\" \/>\n<meta property=\"article:publisher\" content=\"https:\/\/www.facebook.com\/SluzbaKoordinacionogTelaVladeRepublikeSrbije\" \/>\n<meta property=\"article:published_time\" content=\"2022-10-31T00:00:00+00:00\" \/>\n<meta property=\"article:modified_time\" content=\"2024-07-30T17:55:47+00:00\" \/>\n<meta property=\"og:image\" content=\"https:\/\/kt.gov.rs\/wp-content\/uploads\/2024\/07\/1667236121_311022_2-3.jpg\" \/>\n\t<meta property=\"og:image:width\" content=\"315\" \/>\n\t<meta property=\"og:image:height\" content=\"230\" \/>\n\t<meta property=\"og:image:type\" content=\"image\/jpeg\" \/>\n<meta name=\"author\" content=\"ktmin\" \/>\n<meta name=\"twitter:card\" content=\"summary_large_image\" \/>\n<meta name=\"twitter:creator\" content=\"@kt_gov\" \/>\n<meta name=\"twitter:site\" content=\"@kt_gov\" \/>\n<meta name=\"twitter:label1\" content=\"Written by\" \/>\n\t<meta name=\"twitter:data1\" content=\"ktmin\" \/>\n\t<meta name=\"twitter:label2\" content=\"Est. reading time\" \/>\n\t<meta name=\"twitter:data2\" content=\"2 minutes\" \/>\n<script type=\"application\/ld+json\" class=\"yoast-schema-graph\">{\"@context\":\"https:\\\/\\\/schema.org\",\"@graph\":[{\"@type\":\"Article\",\"@id\":\"https:\\\/\\\/kt.gov.rs\\\/sq\\\/ne-levosoje-eshte-mbajtur-edukim-per-prodhuesit-e-qumshtit-nga-bujanoci-dhe-presheva\\\/#article\",\"isPartOf\":{\"@id\":\"https:\\\/\\\/kt.gov.rs\\\/sq\\\/ne-levosoje-eshte-mbajtur-edukim-per-prodhuesit-e-qumshtit-nga-bujanoci-dhe-presheva\\\/\"},\"author\":{\"name\":\"ktmin\",\"@id\":\"https:\\\/\\\/kt.gov.rs\\\/#\\\/schema\\\/person\\\/e426459ddb4173309103390602694571\"},\"headline\":\"N\u00cb LEVOSOJ\u00cb \u00cbSHT\u00cb MBAJTUR EDUKIM P\u00cbR PRODHUESIT E QUMSHTIT NGA BUJANOCI DHE PRESHEVA\",\"datePublished\":\"2022-10-31T00:00:00+00:00\",\"dateModified\":\"2024-07-30T17:55:47+00:00\",\"mainEntityOfPage\":{\"@id\":\"https:\\\/\\\/kt.gov.rs\\\/sq\\\/ne-levosoje-eshte-mbajtur-edukim-per-prodhuesit-e-qumshtit-nga-bujanoci-dhe-presheva\\\/\"},\"wordCount\":392,\"publisher\":{\"@id\":\"https:\\\/\\\/kt.gov.rs\\\/#organization\"},\"image\":{\"@id\":\"https:\\\/\\\/kt.gov.rs\\\/sq\\\/ne-levosoje-eshte-mbajtur-edukim-per-prodhuesit-e-qumshtit-nga-bujanoci-dhe-presheva\\\/#primaryimage\"},\"thumbnailUrl\":\"https:\\\/\\\/kt.gov.rs\\\/wp-content\\\/uploads\\\/2024\\\/07\\\/1667236121_311022_2-3.jpg\",\"articleSection\":[\"Lajme\"],\"inLanguage\":\"sq-AL\"},{\"@type\":\"WebPage\",\"@id\":\"https:\\\/\\\/kt.gov.rs\\\/sq\\\/ne-levosoje-eshte-mbajtur-edukim-per-prodhuesit-e-qumshtit-nga-bujanoci-dhe-presheva\\\/\",\"url\":\"https:\\\/\\\/kt.gov.rs\\\/sq\\\/ne-levosoje-eshte-mbajtur-edukim-per-prodhuesit-e-qumshtit-nga-bujanoci-dhe-presheva\\\/\",\"name\":\"N\u00cb LEVOSOJ\u00cb \u00cbSHT\u00cb MBAJTUR EDUKIM P\u00cbR PRODHUESIT E QUMSHTIT NGA BUJANOCI DHE PRESHEVA - Republika e S\u00ebrbis\u00eb Trupi Koordinues p\u00ebr komunat Bujanoc, Preshev\u00eb dhe Medvegj\u00eb\",\"isPartOf\":{\"@id\":\"https:\\\/\\\/kt.gov.rs\\\/#website\"},\"primaryImageOfPage\":{\"@id\":\"https:\\\/\\\/kt.gov.rs\\\/sq\\\/ne-levosoje-eshte-mbajtur-edukim-per-prodhuesit-e-qumshtit-nga-bujanoci-dhe-presheva\\\/#primaryimage\"},\"image\":{\"@id\":\"https:\\\/\\\/kt.gov.rs\\\/sq\\\/ne-levosoje-eshte-mbajtur-edukim-per-prodhuesit-e-qumshtit-nga-bujanoci-dhe-presheva\\\/#primaryimage\"},\"thumbnailUrl\":\"https:\\\/\\\/kt.gov.rs\\\/wp-content\\\/uploads\\\/2024\\\/07\\\/1667236121_311022_2-3.jpg\",\"datePublished\":\"2022-10-31T00:00:00+00:00\",\"dateModified\":\"2024-07-30T17:55:47+00:00\",\"breadcrumb\":{\"@id\":\"https:\\\/\\\/kt.gov.rs\\\/sq\\\/ne-levosoje-eshte-mbajtur-edukim-per-prodhuesit-e-qumshtit-nga-bujanoci-dhe-presheva\\\/#breadcrumb\"},\"inLanguage\":\"sq-AL\",\"potentialAction\":[{\"@type\":\"ReadAction\",\"target\":[\"https:\\\/\\\/kt.gov.rs\\\/sq\\\/ne-levosoje-eshte-mbajtur-edukim-per-prodhuesit-e-qumshtit-nga-bujanoci-dhe-presheva\\\/\"]}]},{\"@type\":\"ImageObject\",\"inLanguage\":\"sq-AL\",\"@id\":\"https:\\\/\\\/kt.gov.rs\\\/sq\\\/ne-levosoje-eshte-mbajtur-edukim-per-prodhuesit-e-qumshtit-nga-bujanoci-dhe-presheva\\\/#primaryimage\",\"url\":\"https:\\\/\\\/kt.gov.rs\\\/wp-content\\\/uploads\\\/2024\\\/07\\\/1667236121_311022_2-3.jpg\",\"contentUrl\":\"https:\\\/\\\/kt.gov.rs\\\/wp-content\\\/uploads\\\/2024\\\/07\\\/1667236121_311022_2-3.jpg\",\"width\":315,\"height\":230},{\"@type\":\"BreadcrumbList\",\"@id\":\"https:\\\/\\\/kt.gov.rs\\\/sq\\\/ne-levosoje-eshte-mbajtur-edukim-per-prodhuesit-e-qumshtit-nga-bujanoci-dhe-presheva\\\/#breadcrumb\",\"itemListElement\":[{\"@type\":\"ListItem\",\"position\":1,\"name\":\"\u041f\u043e\u0447\u0435\u0442\u043d\u0430\",\"item\":\"https:\\\/\\\/kt.gov.rs\\\/sq\\\/\"},{\"@type\":\"ListItem\",\"position\":2,\"name\":\"N\u00cb LEVOSOJ\u00cb \u00cbSHT\u00cb MBAJTUR EDUKIM P\u00cbR PRODHUESIT E QUMSHTIT NGA BUJANOCI DHE PRESHEVA\"}]},{\"@type\":\"WebSite\",\"@id\":\"https:\\\/\\\/kt.gov.rs\\\/#website\",\"url\":\"https:\\\/\\\/kt.gov.rs\\\/\",\"name\":\"\u041a\u043e\u043e\u0440\u0434\u0438\u043d\u0430\u0446\u0438\u043e\u043d\u043e \u0442\u0435\u043b\u043e \u0412\u043b\u0430\u0434\u0435 \u0420\u0435\u043f\u0443\u0431\u043b\u0438\u043a\u0435 \u0421\u0440\u0431\u0438\u0458\u0435 \u0437\u0430 \u043e\u043f\u0448\u0442\u0438\u043d\u0435 \u041f\u0440\u0435\u0448\u0435\u0432\u043e, \u0411\u0443\u0458\u0430\u043d\u043e\u0432\u0430\u0446 \u0438 \u041c\u0435\u0434\u0432\u0435\u0452a\",\"description\":\"\",\"publisher\":{\"@id\":\"https:\\\/\\\/kt.gov.rs\\\/#organization\"},\"alternateName\":\"\u041a\u043e\u043e\u0440\u0434\u0438\u043d\u0430\u0446\u0438\u043e\u043d\u043e \u0442\u0435\u043b\u043e\",\"potentialAction\":[{\"@type\":\"SearchAction\",\"target\":{\"@type\":\"EntryPoint\",\"urlTemplate\":\"https:\\\/\\\/kt.gov.rs\\\/?s={search_term_string}\"},\"query-input\":{\"@type\":\"PropertyValueSpecification\",\"valueRequired\":true,\"valueName\":\"search_term_string\"}}],\"inLanguage\":\"sq-AL\"},{\"@type\":\"Organization\",\"@id\":\"https:\\\/\\\/kt.gov.rs\\\/#organization\",\"name\":\"\u041a\u043e\u043e\u0440\u0434\u0438\u043d\u0430\u0446\u0438\u043e\u043d\u043e \u0442\u0435\u043b\u043e \u0412\u043b\u0430\u0434\u0435 \u0420\u0435\u043f\u0443\u0431\u043b\u0438\u043a\u0435 \u0421\u0440\u0431\u0438\u0458\u0435 \u0437\u0430 \u043e\u043f\u0448\u0442\u0438\u043d\u0435 \u041f\u0440\u0435\u0448\u0435\u0432\u043e, \u0411\u0443\u0458\u0430\u043d\u043e\u0432\u0430\u0446 \u0438 \u041c\u0435\u0434\u0432\u0435\u0452a\",\"alternateName\":\"\u041a\u043e\u043e\u0440\u0434\u0438\u043d\u0430\u0446\u0438\u043e\u043d\u043e \u0442\u0435\u043b\u043e\",\"url\":\"https:\\\/\\\/kt.gov.rs\\\/\",\"logo\":{\"@type\":\"ImageObject\",\"inLanguage\":\"sq-AL\",\"@id\":\"https:\\\/\\\/kt.gov.rs\\\/#\\\/schema\\\/logo\\\/image\\\/\",\"url\":\"https:\\\/\\\/kt.gov.rs\\\/wp-content\\\/uploads\\\/2024\\\/12\\\/koord2.jpg\",\"contentUrl\":\"https:\\\/\\\/kt.gov.rs\\\/wp-content\\\/uploads\\\/2024\\\/12\\\/koord2.jpg\",\"width\":640,\"height\":480,\"caption\":\"\u041a\u043e\u043e\u0440\u0434\u0438\u043d\u0430\u0446\u0438\u043e\u043d\u043e \u0442\u0435\u043b\u043e \u0412\u043b\u0430\u0434\u0435 \u0420\u0435\u043f\u0443\u0431\u043b\u0438\u043a\u0435 \u0421\u0440\u0431\u0438\u0458\u0435 \u0437\u0430 \u043e\u043f\u0448\u0442\u0438\u043d\u0435 \u041f\u0440\u0435\u0448\u0435\u0432\u043e, \u0411\u0443\u0458\u0430\u043d\u043e\u0432\u0430\u0446 \u0438 \u041c\u0435\u0434\u0432\u0435\u0452a\"},\"image\":{\"@id\":\"https:\\\/\\\/kt.gov.rs\\\/#\\\/schema\\\/logo\\\/image\\\/\"},\"sameAs\":[\"https:\\\/\\\/www.facebook.com\\\/SluzbaKoordinacionogTelaVladeRepublikeSrbije\",\"https:\\\/\\\/x.com\\\/kt_gov\",\"https:\\\/\\\/www.youtube.com\\\/@koordinacionotelo\"]},{\"@type\":\"Person\",\"@id\":\"https:\\\/\\\/kt.gov.rs\\\/#\\\/schema\\\/person\\\/e426459ddb4173309103390602694571\",\"name\":\"ktmin\",\"image\":{\"@type\":\"ImageObject\",\"inLanguage\":\"sq-AL\",\"@id\":\"https:\\\/\\\/secure.gravatar.com\\\/avatar\\\/3985c961109853010c3fbc7ba30365bfba5db3dd6c525831d9c595c7525a615a?s=96&d=mm&r=g\",\"url\":\"https:\\\/\\\/secure.gravatar.com\\\/avatar\\\/3985c961109853010c3fbc7ba30365bfba5db3dd6c525831d9c595c7525a615a?s=96&d=mm&r=g\",\"contentUrl\":\"https:\\\/\\\/secure.gravatar.com\\\/avatar\\\/3985c961109853010c3fbc7ba30365bfba5db3dd6c525831d9c595c7525a615a?s=96&d=mm&r=g\",\"caption\":\"ktmin\"},\"sameAs\":[\"https:\\\/\\\/kt.gov.rs\"],\"url\":\"https:\\\/\\\/kt.gov.rs\\\/sq\\\/author\\\/ktmin\\\/\"}]}<\/script>\n<!-- \/ Yoast SEO plugin. -->","yoast_head_json":{"title":"N\u00cb LEVOSOJ\u00cb \u00cbSHT\u00cb MBAJTUR EDUKIM P\u00cbR PRODHUESIT E QUMSHTIT NGA BUJANOCI DHE PRESHEVA - Republika e S\u00ebrbis\u00eb Trupi Koordinues p\u00ebr komunat Bujanoc, Preshev\u00eb dhe Medvegj\u00eb","robots":{"index":"index","follow":"follow","max-snippet":"max-snippet:-1","max-image-preview":"max-image-preview:large","max-video-preview":"max-video-preview:-1"},"canonical":"https:\/\/kt.gov.rs\/sq\/ne-levosoje-eshte-mbajtur-edukim-per-prodhuesit-e-qumshtit-nga-bujanoci-dhe-presheva\/","og_locale":"sq_AL","og_type":"article","og_title":"N\u00cb LEVOSOJ\u00cb \u00cbSHT\u00cb MBAJTUR EDUKIM P\u00cbR PRODHUESIT E QUMSHTIT NGA BUJANOCI DHE PRESHEVA - Republika e S\u00ebrbis\u00eb Trupi Koordinues p\u00ebr komunat Bujanoc, Preshev\u00eb dhe Medvegj\u00eb","og_description":"Bujanoc - Beograd\u00a0- Edukimi me tem\u00ebn \u201cQum\u00ebshtor\u00ebt dhe bag\u00ebtia e majme \u00a0n\u00eb jug t\u00eb Serbis\u00eb&quot; u mbajt n\u00eb Levosoj p\u00ebr prodhuesit e qum\u00ebshtit \u00a0nga Presheva dhe Bujanoci p\u00ebr demat t\u00eb maj\u00ebm, organizuar nga Shoqata e blegtorive simental &quot;Kravica&quot; nga Bujanoci.","og_url":"https:\/\/kt.gov.rs\/sq\/ne-levosoje-eshte-mbajtur-edukim-per-prodhuesit-e-qumshtit-nga-bujanoci-dhe-presheva\/","og_site_name":"Republika e S\u00ebrbis\u00eb Trupi Koordinues p\u00ebr komunat Bujanoc, Preshev\u00eb dhe Medvegj\u00eb","article_publisher":"https:\/\/www.facebook.com\/SluzbaKoordinacionogTelaVladeRepublikeSrbije","article_published_time":"2022-10-31T00:00:00+00:00","article_modified_time":"2024-07-30T17:55:47+00:00","og_image":[{"width":315,"height":230,"url":"https:\/\/kt.gov.rs\/wp-content\/uploads\/2024\/07\/1667236121_311022_2-3.jpg","type":"image\/jpeg"}],"author":"ktmin","twitter_card":"summary_large_image","twitter_creator":"@kt_gov","twitter_site":"@kt_gov","twitter_misc":{"Written by":"ktmin","Est. reading time":"2 minutes"},"schema":{"@context":"https:\/\/schema.org","@graph":[{"@type":"Article","@id":"https:\/\/kt.gov.rs\/sq\/ne-levosoje-eshte-mbajtur-edukim-per-prodhuesit-e-qumshtit-nga-bujanoci-dhe-presheva\/#article","isPartOf":{"@id":"https:\/\/kt.gov.rs\/sq\/ne-levosoje-eshte-mbajtur-edukim-per-prodhuesit-e-qumshtit-nga-bujanoci-dhe-presheva\/"},"author":{"name":"ktmin","@id":"https:\/\/kt.gov.rs\/#\/schema\/person\/e426459ddb4173309103390602694571"},"headline":"N\u00cb LEVOSOJ\u00cb \u00cbSHT\u00cb MBAJTUR EDUKIM P\u00cbR PRODHUESIT E QUMSHTIT NGA BUJANOCI DHE PRESHEVA","datePublished":"2022-10-31T00:00:00+00:00","dateModified":"2024-07-30T17:55:47+00:00","mainEntityOfPage":{"@id":"https:\/\/kt.gov.rs\/sq\/ne-levosoje-eshte-mbajtur-edukim-per-prodhuesit-e-qumshtit-nga-bujanoci-dhe-presheva\/"},"wordCount":392,"publisher":{"@id":"https:\/\/kt.gov.rs\/#organization"},"image":{"@id":"https:\/\/kt.gov.rs\/sq\/ne-levosoje-eshte-mbajtur-edukim-per-prodhuesit-e-qumshtit-nga-bujanoci-dhe-presheva\/#primaryimage"},"thumbnailUrl":"https:\/\/kt.gov.rs\/wp-content\/uploads\/2024\/07\/1667236121_311022_2-3.jpg","articleSection":["Lajme"],"inLanguage":"sq-AL"},{"@type":"WebPage","@id":"https:\/\/kt.gov.rs\/sq\/ne-levosoje-eshte-mbajtur-edukim-per-prodhuesit-e-qumshtit-nga-bujanoci-dhe-presheva\/","url":"https:\/\/kt.gov.rs\/sq\/ne-levosoje-eshte-mbajtur-edukim-per-prodhuesit-e-qumshtit-nga-bujanoci-dhe-presheva\/","name":"N\u00cb LEVOSOJ\u00cb \u00cbSHT\u00cb MBAJTUR EDUKIM P\u00cbR PRODHUESIT E QUMSHTIT NGA BUJANOCI DHE PRESHEVA - Republika e S\u00ebrbis\u00eb Trupi Koordinues p\u00ebr komunat Bujanoc, Preshev\u00eb dhe Medvegj\u00eb","isPartOf":{"@id":"https:\/\/kt.gov.rs\/#website"},"primaryImageOfPage":{"@id":"https:\/\/kt.gov.rs\/sq\/ne-levosoje-eshte-mbajtur-edukim-per-prodhuesit-e-qumshtit-nga-bujanoci-dhe-presheva\/#primaryimage"},"image":{"@id":"https:\/\/kt.gov.rs\/sq\/ne-levosoje-eshte-mbajtur-edukim-per-prodhuesit-e-qumshtit-nga-bujanoci-dhe-presheva\/#primaryimage"},"thumbnailUrl":"https:\/\/kt.gov.rs\/wp-content\/uploads\/2024\/07\/1667236121_311022_2-3.jpg","datePublished":"2022-10-31T00:00:00+00:00","dateModified":"2024-07-30T17:55:47+00:00","breadcrumb":{"@id":"https:\/\/kt.gov.rs\/sq\/ne-levosoje-eshte-mbajtur-edukim-per-prodhuesit-e-qumshtit-nga-bujanoci-dhe-presheva\/#breadcrumb"},"inLanguage":"sq-AL","potentialAction":[{"@type":"ReadAction","target":["https:\/\/kt.gov.rs\/sq\/ne-levosoje-eshte-mbajtur-edukim-per-prodhuesit-e-qumshtit-nga-bujanoci-dhe-presheva\/"]}]},{"@type":"ImageObject","inLanguage":"sq-AL","@id":"https:\/\/kt.gov.rs\/sq\/ne-levosoje-eshte-mbajtur-edukim-per-prodhuesit-e-qumshtit-nga-bujanoci-dhe-presheva\/#primaryimage","url":"https:\/\/kt.gov.rs\/wp-content\/uploads\/2024\/07\/1667236121_311022_2-3.jpg","contentUrl":"https:\/\/kt.gov.rs\/wp-content\/uploads\/2024\/07\/1667236121_311022_2-3.jpg","width":315,"height":230},{"@type":"BreadcrumbList","@id":"https:\/\/kt.gov.rs\/sq\/ne-levosoje-eshte-mbajtur-edukim-per-prodhuesit-e-qumshtit-nga-bujanoci-dhe-presheva\/#breadcrumb","itemListElement":[{"@type":"ListItem","position":1,"name":"\u041f\u043e\u0447\u0435\u0442\u043d\u0430","item":"https:\/\/kt.gov.rs\/sq\/"},{"@type":"ListItem","position":2,"name":"N\u00cb LEVOSOJ\u00cb \u00cbSHT\u00cb MBAJTUR EDUKIM P\u00cbR PRODHUESIT E QUMSHTIT NGA BUJANOCI DHE PRESHEVA"}]},{"@type":"WebSite","@id":"https:\/\/kt.gov.rs\/#website","url":"https:\/\/kt.gov.rs\/","name":"\u041a\u043e\u043e\u0440\u0434\u0438\u043d\u0430\u0446\u0438\u043e\u043d\u043e \u0442\u0435\u043b\u043e \u0412\u043b\u0430\u0434\u0435 \u0420\u0435\u043f\u0443\u0431\u043b\u0438\u043a\u0435 \u0421\u0440\u0431\u0438\u0458\u0435 \u0437\u0430 \u043e\u043f\u0448\u0442\u0438\u043d\u0435 \u041f\u0440\u0435\u0448\u0435\u0432\u043e, \u0411\u0443\u0458\u0430\u043d\u043e\u0432\u0430\u0446 \u0438 \u041c\u0435\u0434\u0432\u0435\u0452a","description":"","publisher":{"@id":"https:\/\/kt.gov.rs\/#organization"},"alternateName":"\u041a\u043e\u043e\u0440\u0434\u0438\u043d\u0430\u0446\u0438\u043e\u043d\u043e \u0442\u0435\u043b\u043e","potentialAction":[{"@type":"SearchAction","target":{"@type":"EntryPoint","urlTemplate":"https:\/\/kt.gov.rs\/?s={search_term_string}"},"query-input":{"@type":"PropertyValueSpecification","valueRequired":true,"valueName":"search_term_string"}}],"inLanguage":"sq-AL"},{"@type":"Organization","@id":"https:\/\/kt.gov.rs\/#organization","name":"\u041a\u043e\u043e\u0440\u0434\u0438\u043d\u0430\u0446\u0438\u043e\u043d\u043e \u0442\u0435\u043b\u043e \u0412\u043b\u0430\u0434\u0435 \u0420\u0435\u043f\u0443\u0431\u043b\u0438\u043a\u0435 \u0421\u0440\u0431\u0438\u0458\u0435 \u0437\u0430 \u043e\u043f\u0448\u0442\u0438\u043d\u0435 \u041f\u0440\u0435\u0448\u0435\u0432\u043e, \u0411\u0443\u0458\u0430\u043d\u043e\u0432\u0430\u0446 \u0438 \u041c\u0435\u0434\u0432\u0435\u0452a","alternateName":"\u041a\u043e\u043e\u0440\u0434\u0438\u043d\u0430\u0446\u0438\u043e\u043d\u043e \u0442\u0435\u043b\u043e","url":"https:\/\/kt.gov.rs\/","logo":{"@type":"ImageObject","inLanguage":"sq-AL","@id":"https:\/\/kt.gov.rs\/#\/schema\/logo\/image\/","url":"https:\/\/kt.gov.rs\/wp-content\/uploads\/2024\/12\/koord2.jpg","contentUrl":"https:\/\/kt.gov.rs\/wp-content\/uploads\/2024\/12\/koord2.jpg","width":640,"height":480,"caption":"\u041a\u043e\u043e\u0440\u0434\u0438\u043d\u0430\u0446\u0438\u043e\u043d\u043e \u0442\u0435\u043b\u043e \u0412\u043b\u0430\u0434\u0435 \u0420\u0435\u043f\u0443\u0431\u043b\u0438\u043a\u0435 \u0421\u0440\u0431\u0438\u0458\u0435 \u0437\u0430 \u043e\u043f\u0448\u0442\u0438\u043d\u0435 \u041f\u0440\u0435\u0448\u0435\u0432\u043e, \u0411\u0443\u0458\u0430\u043d\u043e\u0432\u0430\u0446 \u0438 \u041c\u0435\u0434\u0432\u0435\u0452a"},"image":{"@id":"https:\/\/kt.gov.rs\/#\/schema\/logo\/image\/"},"sameAs":["https:\/\/www.facebook.com\/SluzbaKoordinacionogTelaVladeRepublikeSrbije","https:\/\/x.com\/kt_gov","https:\/\/www.youtube.com\/@koordinacionotelo"]},{"@type":"Person","@id":"https:\/\/kt.gov.rs\/#\/schema\/person\/e426459ddb4173309103390602694571","name":"ktmin","image":{"@type":"ImageObject","inLanguage":"sq-AL","@id":"https:\/\/secure.gravatar.com\/avatar\/3985c961109853010c3fbc7ba30365bfba5db3dd6c525831d9c595c7525a615a?s=96&d=mm&r=g","url":"https:\/\/secure.gravatar.com\/avatar\/3985c961109853010c3fbc7ba30365bfba5db3dd6c525831d9c595c7525a615a?s=96&d=mm&r=g","contentUrl":"https:\/\/secure.gravatar.com\/avatar\/3985c961109853010c3fbc7ba30365bfba5db3dd6c525831d9c595c7525a615a?s=96&d=mm&r=g","caption":"ktmin"},"sameAs":["https:\/\/kt.gov.rs"],"url":"https:\/\/kt.gov.rs\/sq\/author\/ktmin\/"}]}},"_links":{"self":[{"href":"https:\/\/kt.gov.rs\/sq\/wp-json\/wp\/v2\/posts\/106948","targetHints":{"allow":["GET"]}}],"collection":[{"href":"https:\/\/kt.gov.rs\/sq\/wp-json\/wp\/v2\/posts"}],"about":[{"href":"https:\/\/kt.gov.rs\/sq\/wp-json\/wp\/v2\/types\/post"}],"author":[{"embeddable":true,"href":"https:\/\/kt.gov.rs\/sq\/wp-json\/wp\/v2\/users\/1"}],"replies":[{"embeddable":true,"href":"https:\/\/kt.gov.rs\/sq\/wp-json\/wp\/v2\/comments?post=106948"}],"version-history":[{"count":1,"href":"https:\/\/kt.gov.rs\/sq\/wp-json\/wp\/v2\/posts\/106948\/revisions"}],"predecessor-version":[{"id":106952,"href":"https:\/\/kt.gov.rs\/sq\/wp-json\/wp\/v2\/posts\/106948\/revisions\/106952"}],"wp:featuredmedia":[{"embeddable":true,"href":"https:\/\/kt.gov.rs\/sq\/wp-json\/wp\/v2\/media\/106953"}],"wp:attachment":[{"href":"https:\/\/kt.gov.rs\/sq\/wp-json\/wp\/v2\/media?parent=106948"}],"wp:term":[{"taxonomy":"category","embeddable":true,"href":"https:\/\/kt.gov.rs\/sq\/wp-json\/wp\/v2\/categories?post=106948"},{"taxonomy":"post_tag","embeddable":true,"href":"https:\/\/kt.gov.rs\/sq\/wp-json\/wp\/v2\/tags?post=106948"}],"curies":[{"name":"wp","href":"https:\/\/api.w.org\/{rel}","templated":true}]}}