{"id":106940,"date":"2022-10-31T00:00:00","date_gmt":"2022-10-31T00:00:00","guid":{"rendered":"http:\/\/kt.printandscreen.rs\/avancimi-i-sherbimeve-sociale-ne-bujanoc\/"},"modified":"2024-07-30T17:55:46","modified_gmt":"2024-07-30T17:55:46","slug":"avancimi-i-sherbimeve-sociale-ne-bujanoc","status":"publish","type":"post","link":"https:\/\/kt.gov.rs\/sq\/avancimi-i-sherbimeve-sociale-ne-bujanoc\/","title":{"rendered":"AVANCIMI I SH\u00cbRBIM\u00cbVE SOCIALE N\u00cb BUJANOC"},"content":{"rendered":"<p>\n\t<strong><img decoding=\"async\" alt=\"\" src=\"https:\/\/kt.gov.rs\/wp-content\/uploads\/2024\/07\/1667236156_311022_3-2.jpg\" style=\"width: 315px; height: 230px; float: left;\" \/><\/strong><strong>Bujanoc \u2013 Beograd<\/strong> \u2013 Rezultatet e projekteve q\u00eb kan\u00eb t\u00eb b\u00ebjn\u00eb me p\u00ebrmir\u00ebsimin e sh\u00ebrbimeve sociale n\u00eb kuad\u00ebr t\u00eb planeve t\u00eb veprimit, t\u00eb miratuara vitin e kaluar n\u00eb Bujanoc, Vranj\u00eb dhe Liban, jan\u00eb prezantuar n\u00eb manifestimin final t\u00eb mbajtur n\u00eb Vranj\u00eb t\u00eb organizuar nga Iniciativat Qytetare.<\/p>\n<p>\n\tSipas njoftimit t\u00eb organizator\u00ebve, jan\u00eb realizuar gjithsej shtat\u00eb projekte q\u00eb kan\u00eb t\u00eb b\u00ebjn\u00eb me f\u00ebmij\u00ebt me aft\u00ebsi t\u00eb kufizuara, f\u00ebmij\u00ebt nga grupet e cenueshme sociale, familjet me kapacitet t\u00eb pamjaftuesh\u00ebm prind\u00ebror, personat me aft\u00ebsi t\u00eb kufizuara dhe grat\u00eb viktima t\u00eb dhun\u00ebs.<\/p>\n<p>\n\t\u00a0\u201cP\u00ebrshtypjen m\u00eb t\u00eb fort\u00eb e lan\u00eb p\u00ebrdoruesit e sh\u00ebrbimeve t\u00eb mbrojtjes sociale t\u00eb cil\u00ebt guxuan t\u00eb flasin publikisht p\u00ebr p\u00ebrvoj\u00ebn e tyre dhe n\u00eb k\u00ebt\u00eb m\u00ebnyr\u00eb theksuan r\u00ebnd\u00ebsin\u00eb e trajtimit t\u00eb nj\u00eb teme kaq t\u00eb r\u00ebnd\u00ebsishme, sic \u00ebsht\u00eb mbrojtja sociale e grupeve t\u00eb rrezikuara, thuhet n\u00eb njoftim.<\/p>\n<p>\n\tN\u00eb tubimin me rastin e p\u00ebrmbledhjes s\u00eb rezultateve t\u00eb planeve t\u00eb veprimit p\u00ebr p\u00ebrmir\u00ebsimin e sh\u00ebrbimeve sociale, p\u00ebrfaq\u00ebsuesit e vet\u00ebqeverisjes lokale theksuan r\u00ebnd\u00ebsin\u00eb e vazhdimit t\u00eb ofrimit t\u00eb sh\u00ebrbimeve sociale dhe t\u00eb tjera nga planet e veprimit.<\/p>\n<p>\n\tU diskutuan edhe planet n\u00eb k\u00ebt\u00eb fush\u00eb p\u00ebr periudh\u00ebn e ardhshme, dhe nj\u00eb nga q\u00ebllimet e organizator\u00ebve \u00ebsht\u00eb q\u00eb t\u00eb inkurajojn\u00eb t\u00eb gjith\u00eb aktor\u00ebt e shoq\u00ebris\u00eb q\u00eb t\u00eb vazhdojn\u00eb t\u00eb kujdesen p\u00ebr fqinj\u00ebt e tyre nga grupet e rrezikuara.<\/p>\n<p>\n\tN\u00eb kuad\u00ebr t\u00eb Planit akcional p\u00ebr p\u00ebrmir\u00ebsimin e sh\u00ebrbimeve sociale p\u00ebr vitin 2022, \u00ebsht\u00eb lansuar faqja e Qendr\u00ebs p\u00ebr pun\u00eb sociale, e cila mund\u00ebson qasje m\u00eb t\u00eb leht\u00eb n\u00eb informata p\u00ebr qytetar\u00ebt e Bujanocit.<\/p>\n<p>\n\tSi pjes\u00eb e projektit t\u00eb titulluar &quot;P\u00ebrmir\u00ebsimi i sh\u00ebrbimeve sociale n\u00eb komun\u00ebn e Bujanocit&quot;, Shoqata e grave Rome t\u00eb Bujanocit ka zhvilluar nj\u00eb fushat\u00eb p\u00ebr n\u00ebnshkrimin e nj\u00eb peticioni p\u00ebr hapjen e linj\u00ebs telefonike SOS n\u00eb gjuh\u00ebn shqipe, rome dhe serbe p\u00ebr t\u00eb ofruar ndihm\u00eb dhe mb\u00ebshtetje p\u00ebr viktima t\u00eb dhun\u00ebs n\u00eb Bujanoc.<\/p>\n<p>\n\tProjektet e zbatuara n\u00eb kuad\u00ebr t\u00eb planeve akcionale jan\u00eb \u201cNdihm\u00eb n\u00eb sht\u00ebpi p\u00ebr personat me aft\u00ebsi t\u00eb kufizuara, me theks n\u00eb skleroz\u00ebn multiple\u201d, \u201cDhuna ndaj grave \u2013 sh\u00ebrbime sociale t\u00eb specializuara lokale t\u00eb licencuara; Rrjeti i organizatave civile t\u00eb grave p\u00ebr grat\u00eb \u2013 telefon SOS p\u00ebr grat\u00eb me p\u00ebrvoj\u00eb t\u00eb dhun\u00ebs&quot;, &quot;Mb\u00ebshtetje p\u00ebr familjet me kapacitet t\u00eb pamjaftuesh\u00ebm prind\u00ebror dhe rrezik p\u00ebr mosfunksionim social&quot;, &quot;Dhom\u00eb loj\u00ebrash p\u00ebr f\u00ebmij\u00ebt dhe t\u00eb rinjt\u00eb me aft\u00ebsi t\u00eb kufizuara zhvillimore dhe prind\u00ebrit e tyre&quot;, \u201cP\u00ebrmir\u00ebsimi i arsimimit t\u00eb f\u00ebmij\u00ebve t\u00eb grupeve t\u00eb cenueshme n\u00eb komun\u00ebn e Bujanocit\u201d, \u201cP\u00ebrmir\u00ebsimi i disponueshm\u00ebris\u00eb s\u00eb sh\u00ebrbimeve sociale\u201d dhe \u201cP\u00ebrmir\u00ebsimi i sh\u00ebrbimeve sociale t\u00eb komun\u00ebs s\u00eb Bujanocit-telefoni SOS\u201d.<\/p>\n<p>\n\tT\u00eb gjitha projektet jan\u00eb realizuar n\u00eb bashk\u00ebpunim me p\u00ebrfaq\u00ebsues t\u00eb sektorit civil, qendrave p\u00ebr pun\u00eb sociale dhe vet\u00ebqeverisjes lokale.<\/p>\n<p>\n\tNgjarja p\u00ebrfundimtare dhe prezantimi i rezultateve u realizua n\u00eb koordinim me organizat\u00ebn Iniciativa Qytetare, n\u00ebn kujdesin e organizat\u00ebs People in Need (PIN) dhe Ambasad\u00ebs s\u00eb Mbret\u00ebris\u00eb s\u00eb Bashkuar.<\/p>\n<p>\n\t<strong>Burimi: Bujanovacke, Trupi koordinus <\/strong><\/p>\n<p>\n\t\u00a0<\/p>\n","protected":false},"excerpt":{"rendered":"<p>Bujanoc \u2013 Beograd\u00a0\u2013 Rezultatet e projekteve q\u00eb kan\u00eb t\u00eb b\u00ebjn\u00eb me p\u00ebrmir\u00ebsimin e sh\u00ebrbimeve sociale n\u00eb kuad\u00ebr t\u00eb planeve t\u00eb veprimit, t\u00eb miratuara vitin e kaluar n\u00eb Bujanoc, Vranj\u00eb dhe Liban, jan\u00eb prezantuar n\u00eb manifestimin final t\u00eb mbajtur n\u00eb Vranj\u00eb t\u00eb organizuar nga Iniciativat Qytetare.<\/p>\n","protected":false},"author":1,"featured_media":106945,"comment_status":"closed","ping_status":"closed","sticky":false,"template":"","format":"standard","meta":{"footnotes":""},"categories":[55],"tags":[],"class_list":["post-106940","post","type-post","status-publish","format-standard","has-post-thumbnail","hentry","category-lajme"],"yoast_head":"<!-- This site is optimized with the Yoast SEO plugin v27.5 - https:\/\/yoast.com\/product\/yoast-seo-wordpress\/ -->\n<title>AVANCIMI I SH\u00cbRBIM\u00cbVE SOCIALE N\u00cb BUJANOC - Republika e S\u00ebrbis\u00eb Trupi Koordinues p\u00ebr komunat Bujanoc, Preshev\u00eb dhe Medvegj\u00eb<\/title>\n<meta name=\"robots\" content=\"index, follow, max-snippet:-1, max-image-preview:large, max-video-preview:-1\" \/>\n<link rel=\"canonical\" href=\"https:\/\/kt.gov.rs\/sq\/avancimi-i-sherbimeve-sociale-ne-bujanoc\/\" \/>\n<meta property=\"og:locale\" content=\"sq_AL\" \/>\n<meta property=\"og:type\" content=\"article\" \/>\n<meta property=\"og:title\" content=\"AVANCIMI I SH\u00cbRBIM\u00cbVE SOCIALE N\u00cb BUJANOC - Republika e S\u00ebrbis\u00eb Trupi Koordinues p\u00ebr komunat Bujanoc, Preshev\u00eb dhe Medvegj\u00eb\" \/>\n<meta property=\"og:description\" content=\"Bujanoc - Beograd\u00a0- Rezultatet e projekteve q\u00eb kan\u00eb t\u00eb b\u00ebjn\u00eb me p\u00ebrmir\u00ebsimin e sh\u00ebrbimeve sociale n\u00eb kuad\u00ebr t\u00eb planeve t\u00eb veprimit, t\u00eb miratuara vitin e kaluar n\u00eb Bujanoc, Vranj\u00eb dhe Liban, jan\u00eb prezantuar n\u00eb manifestimin final t\u00eb mbajtur n\u00eb Vranj\u00eb t\u00eb organizuar nga Iniciativat Qytetare.\" \/>\n<meta property=\"og:url\" content=\"https:\/\/kt.gov.rs\/sq\/avancimi-i-sherbimeve-sociale-ne-bujanoc\/\" \/>\n<meta property=\"og:site_name\" content=\"Republika e S\u00ebrbis\u00eb Trupi Koordinues p\u00ebr komunat Bujanoc, Preshev\u00eb dhe Medvegj\u00eb\" \/>\n<meta property=\"article:publisher\" content=\"https:\/\/www.facebook.com\/SluzbaKoordinacionogTelaVladeRepublikeSrbije\" \/>\n<meta property=\"article:published_time\" content=\"2022-10-31T00:00:00+00:00\" \/>\n<meta property=\"article:modified_time\" content=\"2024-07-30T17:55:46+00:00\" \/>\n<meta property=\"og:image\" content=\"https:\/\/kt.gov.rs\/wp-content\/uploads\/2024\/07\/1667236156_311022_3-3.jpg\" \/>\n\t<meta property=\"og:image:width\" content=\"315\" \/>\n\t<meta property=\"og:image:height\" content=\"230\" \/>\n\t<meta property=\"og:image:type\" content=\"image\/jpeg\" \/>\n<meta name=\"author\" content=\"ktmin\" \/>\n<meta name=\"twitter:card\" content=\"summary_large_image\" \/>\n<meta name=\"twitter:creator\" content=\"@kt_gov\" \/>\n<meta name=\"twitter:site\" content=\"@kt_gov\" \/>\n<meta name=\"twitter:label1\" content=\"Written by\" \/>\n\t<meta name=\"twitter:data1\" content=\"ktmin\" \/>\n\t<meta name=\"twitter:label2\" content=\"Est. reading time\" \/>\n\t<meta name=\"twitter:data2\" content=\"4 minutes\" \/>\n<script type=\"application\/ld+json\" class=\"yoast-schema-graph\">{\"@context\":\"https:\\\/\\\/schema.org\",\"@graph\":[{\"@type\":\"Article\",\"@id\":\"https:\\\/\\\/kt.gov.rs\\\/sq\\\/avancimi-i-sherbimeve-sociale-ne-bujanoc\\\/#article\",\"isPartOf\":{\"@id\":\"https:\\\/\\\/kt.gov.rs\\\/sq\\\/avancimi-i-sherbimeve-sociale-ne-bujanoc\\\/\"},\"author\":{\"name\":\"ktmin\",\"@id\":\"https:\\\/\\\/kt.gov.rs\\\/#\\\/schema\\\/person\\\/e426459ddb4173309103390602694571\"},\"headline\":\"AVANCIMI I SH\u00cbRBIM\u00cbVE SOCIALE N\u00cb BUJANOC\",\"datePublished\":\"2022-10-31T00:00:00+00:00\",\"dateModified\":\"2024-07-30T17:55:46+00:00\",\"mainEntityOfPage\":{\"@id\":\"https:\\\/\\\/kt.gov.rs\\\/sq\\\/avancimi-i-sherbimeve-sociale-ne-bujanoc\\\/\"},\"wordCount\":846,\"publisher\":{\"@id\":\"https:\\\/\\\/kt.gov.rs\\\/#organization\"},\"image\":{\"@id\":\"https:\\\/\\\/kt.gov.rs\\\/sq\\\/avancimi-i-sherbimeve-sociale-ne-bujanoc\\\/#primaryimage\"},\"thumbnailUrl\":\"https:\\\/\\\/kt.gov.rs\\\/wp-content\\\/uploads\\\/2024\\\/07\\\/1667236156_311022_3-3.jpg\",\"articleSection\":[\"Lajme\"],\"inLanguage\":\"sq-AL\"},{\"@type\":\"WebPage\",\"@id\":\"https:\\\/\\\/kt.gov.rs\\\/sq\\\/avancimi-i-sherbimeve-sociale-ne-bujanoc\\\/\",\"url\":\"https:\\\/\\\/kt.gov.rs\\\/sq\\\/avancimi-i-sherbimeve-sociale-ne-bujanoc\\\/\",\"name\":\"AVANCIMI I SH\u00cbRBIM\u00cbVE SOCIALE N\u00cb BUJANOC - Republika e S\u00ebrbis\u00eb Trupi Koordinues p\u00ebr komunat Bujanoc, Preshev\u00eb dhe Medvegj\u00eb\",\"isPartOf\":{\"@id\":\"https:\\\/\\\/kt.gov.rs\\\/#website\"},\"primaryImageOfPage\":{\"@id\":\"https:\\\/\\\/kt.gov.rs\\\/sq\\\/avancimi-i-sherbimeve-sociale-ne-bujanoc\\\/#primaryimage\"},\"image\":{\"@id\":\"https:\\\/\\\/kt.gov.rs\\\/sq\\\/avancimi-i-sherbimeve-sociale-ne-bujanoc\\\/#primaryimage\"},\"thumbnailUrl\":\"https:\\\/\\\/kt.gov.rs\\\/wp-content\\\/uploads\\\/2024\\\/07\\\/1667236156_311022_3-3.jpg\",\"datePublished\":\"2022-10-31T00:00:00+00:00\",\"dateModified\":\"2024-07-30T17:55:46+00:00\",\"breadcrumb\":{\"@id\":\"https:\\\/\\\/kt.gov.rs\\\/sq\\\/avancimi-i-sherbimeve-sociale-ne-bujanoc\\\/#breadcrumb\"},\"inLanguage\":\"sq-AL\",\"potentialAction\":[{\"@type\":\"ReadAction\",\"target\":[\"https:\\\/\\\/kt.gov.rs\\\/sq\\\/avancimi-i-sherbimeve-sociale-ne-bujanoc\\\/\"]}]},{\"@type\":\"ImageObject\",\"inLanguage\":\"sq-AL\",\"@id\":\"https:\\\/\\\/kt.gov.rs\\\/sq\\\/avancimi-i-sherbimeve-sociale-ne-bujanoc\\\/#primaryimage\",\"url\":\"https:\\\/\\\/kt.gov.rs\\\/wp-content\\\/uploads\\\/2024\\\/07\\\/1667236156_311022_3-3.jpg\",\"contentUrl\":\"https:\\\/\\\/kt.gov.rs\\\/wp-content\\\/uploads\\\/2024\\\/07\\\/1667236156_311022_3-3.jpg\",\"width\":315,\"height\":230},{\"@type\":\"BreadcrumbList\",\"@id\":\"https:\\\/\\\/kt.gov.rs\\\/sq\\\/avancimi-i-sherbimeve-sociale-ne-bujanoc\\\/#breadcrumb\",\"itemListElement\":[{\"@type\":\"ListItem\",\"position\":1,\"name\":\"\u041f\u043e\u0447\u0435\u0442\u043d\u0430\",\"item\":\"https:\\\/\\\/kt.gov.rs\\\/sq\\\/\"},{\"@type\":\"ListItem\",\"position\":2,\"name\":\"AVANCIMI I SH\u00cbRBIM\u00cbVE SOCIALE N\u00cb BUJANOC\"}]},{\"@type\":\"WebSite\",\"@id\":\"https:\\\/\\\/kt.gov.rs\\\/#website\",\"url\":\"https:\\\/\\\/kt.gov.rs\\\/\",\"name\":\"\u041a\u043e\u043e\u0440\u0434\u0438\u043d\u0430\u0446\u0438\u043e\u043d\u043e \u0442\u0435\u043b\u043e \u0412\u043b\u0430\u0434\u0435 \u0420\u0435\u043f\u0443\u0431\u043b\u0438\u043a\u0435 \u0421\u0440\u0431\u0438\u0458\u0435 \u0437\u0430 \u043e\u043f\u0448\u0442\u0438\u043d\u0435 \u041f\u0440\u0435\u0448\u0435\u0432\u043e, \u0411\u0443\u0458\u0430\u043d\u043e\u0432\u0430\u0446 \u0438 \u041c\u0435\u0434\u0432\u0435\u0452a\",\"description\":\"\",\"publisher\":{\"@id\":\"https:\\\/\\\/kt.gov.rs\\\/#organization\"},\"alternateName\":\"\u041a\u043e\u043e\u0440\u0434\u0438\u043d\u0430\u0446\u0438\u043e\u043d\u043e \u0442\u0435\u043b\u043e\",\"potentialAction\":[{\"@type\":\"SearchAction\",\"target\":{\"@type\":\"EntryPoint\",\"urlTemplate\":\"https:\\\/\\\/kt.gov.rs\\\/?s={search_term_string}\"},\"query-input\":{\"@type\":\"PropertyValueSpecification\",\"valueRequired\":true,\"valueName\":\"search_term_string\"}}],\"inLanguage\":\"sq-AL\"},{\"@type\":\"Organization\",\"@id\":\"https:\\\/\\\/kt.gov.rs\\\/#organization\",\"name\":\"\u041a\u043e\u043e\u0440\u0434\u0438\u043d\u0430\u0446\u0438\u043e\u043d\u043e \u0442\u0435\u043b\u043e \u0412\u043b\u0430\u0434\u0435 \u0420\u0435\u043f\u0443\u0431\u043b\u0438\u043a\u0435 \u0421\u0440\u0431\u0438\u0458\u0435 \u0437\u0430 \u043e\u043f\u0448\u0442\u0438\u043d\u0435 \u041f\u0440\u0435\u0448\u0435\u0432\u043e, \u0411\u0443\u0458\u0430\u043d\u043e\u0432\u0430\u0446 \u0438 \u041c\u0435\u0434\u0432\u0435\u0452a\",\"alternateName\":\"\u041a\u043e\u043e\u0440\u0434\u0438\u043d\u0430\u0446\u0438\u043e\u043d\u043e \u0442\u0435\u043b\u043e\",\"url\":\"https:\\\/\\\/kt.gov.rs\\\/\",\"logo\":{\"@type\":\"ImageObject\",\"inLanguage\":\"sq-AL\",\"@id\":\"https:\\\/\\\/kt.gov.rs\\\/#\\\/schema\\\/logo\\\/image\\\/\",\"url\":\"https:\\\/\\\/kt.gov.rs\\\/wp-content\\\/uploads\\\/2024\\\/12\\\/koord2.jpg\",\"contentUrl\":\"https:\\\/\\\/kt.gov.rs\\\/wp-content\\\/uploads\\\/2024\\\/12\\\/koord2.jpg\",\"width\":640,\"height\":480,\"caption\":\"\u041a\u043e\u043e\u0440\u0434\u0438\u043d\u0430\u0446\u0438\u043e\u043d\u043e \u0442\u0435\u043b\u043e \u0412\u043b\u0430\u0434\u0435 \u0420\u0435\u043f\u0443\u0431\u043b\u0438\u043a\u0435 \u0421\u0440\u0431\u0438\u0458\u0435 \u0437\u0430 \u043e\u043f\u0448\u0442\u0438\u043d\u0435 \u041f\u0440\u0435\u0448\u0435\u0432\u043e, \u0411\u0443\u0458\u0430\u043d\u043e\u0432\u0430\u0446 \u0438 \u041c\u0435\u0434\u0432\u0435\u0452a\"},\"image\":{\"@id\":\"https:\\\/\\\/kt.gov.rs\\\/#\\\/schema\\\/logo\\\/image\\\/\"},\"sameAs\":[\"https:\\\/\\\/www.facebook.com\\\/SluzbaKoordinacionogTelaVladeRepublikeSrbije\",\"https:\\\/\\\/x.com\\\/kt_gov\",\"https:\\\/\\\/www.youtube.com\\\/@koordinacionotelo\"]},{\"@type\":\"Person\",\"@id\":\"https:\\\/\\\/kt.gov.rs\\\/#\\\/schema\\\/person\\\/e426459ddb4173309103390602694571\",\"name\":\"ktmin\",\"image\":{\"@type\":\"ImageObject\",\"inLanguage\":\"sq-AL\",\"@id\":\"https:\\\/\\\/secure.gravatar.com\\\/avatar\\\/3985c961109853010c3fbc7ba30365bfba5db3dd6c525831d9c595c7525a615a?s=96&d=mm&r=g\",\"url\":\"https:\\\/\\\/secure.gravatar.com\\\/avatar\\\/3985c961109853010c3fbc7ba30365bfba5db3dd6c525831d9c595c7525a615a?s=96&d=mm&r=g\",\"contentUrl\":\"https:\\\/\\\/secure.gravatar.com\\\/avatar\\\/3985c961109853010c3fbc7ba30365bfba5db3dd6c525831d9c595c7525a615a?s=96&d=mm&r=g\",\"caption\":\"ktmin\"},\"sameAs\":[\"https:\\\/\\\/kt.gov.rs\"],\"url\":\"https:\\\/\\\/kt.gov.rs\\\/sq\\\/author\\\/ktmin\\\/\"}]}<\/script>\n<!-- \/ Yoast SEO plugin. -->","yoast_head_json":{"title":"AVANCIMI I SH\u00cbRBIM\u00cbVE SOCIALE N\u00cb BUJANOC - Republika e S\u00ebrbis\u00eb Trupi Koordinues p\u00ebr komunat Bujanoc, Preshev\u00eb dhe Medvegj\u00eb","robots":{"index":"index","follow":"follow","max-snippet":"max-snippet:-1","max-image-preview":"max-image-preview:large","max-video-preview":"max-video-preview:-1"},"canonical":"https:\/\/kt.gov.rs\/sq\/avancimi-i-sherbimeve-sociale-ne-bujanoc\/","og_locale":"sq_AL","og_type":"article","og_title":"AVANCIMI I SH\u00cbRBIM\u00cbVE SOCIALE N\u00cb BUJANOC - Republika e S\u00ebrbis\u00eb Trupi Koordinues p\u00ebr komunat Bujanoc, Preshev\u00eb dhe Medvegj\u00eb","og_description":"Bujanoc - Beograd\u00a0- Rezultatet e projekteve q\u00eb kan\u00eb t\u00eb b\u00ebjn\u00eb me p\u00ebrmir\u00ebsimin e sh\u00ebrbimeve sociale n\u00eb kuad\u00ebr t\u00eb planeve t\u00eb veprimit, t\u00eb miratuara vitin e kaluar n\u00eb Bujanoc, Vranj\u00eb dhe Liban, jan\u00eb prezantuar n\u00eb manifestimin final t\u00eb mbajtur n\u00eb Vranj\u00eb t\u00eb organizuar nga Iniciativat Qytetare.","og_url":"https:\/\/kt.gov.rs\/sq\/avancimi-i-sherbimeve-sociale-ne-bujanoc\/","og_site_name":"Republika e S\u00ebrbis\u00eb Trupi Koordinues p\u00ebr komunat Bujanoc, Preshev\u00eb dhe Medvegj\u00eb","article_publisher":"https:\/\/www.facebook.com\/SluzbaKoordinacionogTelaVladeRepublikeSrbije","article_published_time":"2022-10-31T00:00:00+00:00","article_modified_time":"2024-07-30T17:55:46+00:00","og_image":[{"width":315,"height":230,"url":"https:\/\/kt.gov.rs\/wp-content\/uploads\/2024\/07\/1667236156_311022_3-3.jpg","type":"image\/jpeg"}],"author":"ktmin","twitter_card":"summary_large_image","twitter_creator":"@kt_gov","twitter_site":"@kt_gov","twitter_misc":{"Written by":"ktmin","Est. reading time":"4 minutes"},"schema":{"@context":"https:\/\/schema.org","@graph":[{"@type":"Article","@id":"https:\/\/kt.gov.rs\/sq\/avancimi-i-sherbimeve-sociale-ne-bujanoc\/#article","isPartOf":{"@id":"https:\/\/kt.gov.rs\/sq\/avancimi-i-sherbimeve-sociale-ne-bujanoc\/"},"author":{"name":"ktmin","@id":"https:\/\/kt.gov.rs\/#\/schema\/person\/e426459ddb4173309103390602694571"},"headline":"AVANCIMI I SH\u00cbRBIM\u00cbVE SOCIALE N\u00cb BUJANOC","datePublished":"2022-10-31T00:00:00+00:00","dateModified":"2024-07-30T17:55:46+00:00","mainEntityOfPage":{"@id":"https:\/\/kt.gov.rs\/sq\/avancimi-i-sherbimeve-sociale-ne-bujanoc\/"},"wordCount":846,"publisher":{"@id":"https:\/\/kt.gov.rs\/#organization"},"image":{"@id":"https:\/\/kt.gov.rs\/sq\/avancimi-i-sherbimeve-sociale-ne-bujanoc\/#primaryimage"},"thumbnailUrl":"https:\/\/kt.gov.rs\/wp-content\/uploads\/2024\/07\/1667236156_311022_3-3.jpg","articleSection":["Lajme"],"inLanguage":"sq-AL"},{"@type":"WebPage","@id":"https:\/\/kt.gov.rs\/sq\/avancimi-i-sherbimeve-sociale-ne-bujanoc\/","url":"https:\/\/kt.gov.rs\/sq\/avancimi-i-sherbimeve-sociale-ne-bujanoc\/","name":"AVANCIMI I SH\u00cbRBIM\u00cbVE SOCIALE N\u00cb BUJANOC - Republika e S\u00ebrbis\u00eb Trupi Koordinues p\u00ebr komunat Bujanoc, Preshev\u00eb dhe Medvegj\u00eb","isPartOf":{"@id":"https:\/\/kt.gov.rs\/#website"},"primaryImageOfPage":{"@id":"https:\/\/kt.gov.rs\/sq\/avancimi-i-sherbimeve-sociale-ne-bujanoc\/#primaryimage"},"image":{"@id":"https:\/\/kt.gov.rs\/sq\/avancimi-i-sherbimeve-sociale-ne-bujanoc\/#primaryimage"},"thumbnailUrl":"https:\/\/kt.gov.rs\/wp-content\/uploads\/2024\/07\/1667236156_311022_3-3.jpg","datePublished":"2022-10-31T00:00:00+00:00","dateModified":"2024-07-30T17:55:46+00:00","breadcrumb":{"@id":"https:\/\/kt.gov.rs\/sq\/avancimi-i-sherbimeve-sociale-ne-bujanoc\/#breadcrumb"},"inLanguage":"sq-AL","potentialAction":[{"@type":"ReadAction","target":["https:\/\/kt.gov.rs\/sq\/avancimi-i-sherbimeve-sociale-ne-bujanoc\/"]}]},{"@type":"ImageObject","inLanguage":"sq-AL","@id":"https:\/\/kt.gov.rs\/sq\/avancimi-i-sherbimeve-sociale-ne-bujanoc\/#primaryimage","url":"https:\/\/kt.gov.rs\/wp-content\/uploads\/2024\/07\/1667236156_311022_3-3.jpg","contentUrl":"https:\/\/kt.gov.rs\/wp-content\/uploads\/2024\/07\/1667236156_311022_3-3.jpg","width":315,"height":230},{"@type":"BreadcrumbList","@id":"https:\/\/kt.gov.rs\/sq\/avancimi-i-sherbimeve-sociale-ne-bujanoc\/#breadcrumb","itemListElement":[{"@type":"ListItem","position":1,"name":"\u041f\u043e\u0447\u0435\u0442\u043d\u0430","item":"https:\/\/kt.gov.rs\/sq\/"},{"@type":"ListItem","position":2,"name":"AVANCIMI I SH\u00cbRBIM\u00cbVE SOCIALE N\u00cb BUJANOC"}]},{"@type":"WebSite","@id":"https:\/\/kt.gov.rs\/#website","url":"https:\/\/kt.gov.rs\/","name":"\u041a\u043e\u043e\u0440\u0434\u0438\u043d\u0430\u0446\u0438\u043e\u043d\u043e \u0442\u0435\u043b\u043e \u0412\u043b\u0430\u0434\u0435 \u0420\u0435\u043f\u0443\u0431\u043b\u0438\u043a\u0435 \u0421\u0440\u0431\u0438\u0458\u0435 \u0437\u0430 \u043e\u043f\u0448\u0442\u0438\u043d\u0435 \u041f\u0440\u0435\u0448\u0435\u0432\u043e, \u0411\u0443\u0458\u0430\u043d\u043e\u0432\u0430\u0446 \u0438 \u041c\u0435\u0434\u0432\u0435\u0452a","description":"","publisher":{"@id":"https:\/\/kt.gov.rs\/#organization"},"alternateName":"\u041a\u043e\u043e\u0440\u0434\u0438\u043d\u0430\u0446\u0438\u043e\u043d\u043e \u0442\u0435\u043b\u043e","potentialAction":[{"@type":"SearchAction","target":{"@type":"EntryPoint","urlTemplate":"https:\/\/kt.gov.rs\/?s={search_term_string}"},"query-input":{"@type":"PropertyValueSpecification","valueRequired":true,"valueName":"search_term_string"}}],"inLanguage":"sq-AL"},{"@type":"Organization","@id":"https:\/\/kt.gov.rs\/#organization","name":"\u041a\u043e\u043e\u0440\u0434\u0438\u043d\u0430\u0446\u0438\u043e\u043d\u043e \u0442\u0435\u043b\u043e \u0412\u043b\u0430\u0434\u0435 \u0420\u0435\u043f\u0443\u0431\u043b\u0438\u043a\u0435 \u0421\u0440\u0431\u0438\u0458\u0435 \u0437\u0430 \u043e\u043f\u0448\u0442\u0438\u043d\u0435 \u041f\u0440\u0435\u0448\u0435\u0432\u043e, \u0411\u0443\u0458\u0430\u043d\u043e\u0432\u0430\u0446 \u0438 \u041c\u0435\u0434\u0432\u0435\u0452a","alternateName":"\u041a\u043e\u043e\u0440\u0434\u0438\u043d\u0430\u0446\u0438\u043e\u043d\u043e \u0442\u0435\u043b\u043e","url":"https:\/\/kt.gov.rs\/","logo":{"@type":"ImageObject","inLanguage":"sq-AL","@id":"https:\/\/kt.gov.rs\/#\/schema\/logo\/image\/","url":"https:\/\/kt.gov.rs\/wp-content\/uploads\/2024\/12\/koord2.jpg","contentUrl":"https:\/\/kt.gov.rs\/wp-content\/uploads\/2024\/12\/koord2.jpg","width":640,"height":480,"caption":"\u041a\u043e\u043e\u0440\u0434\u0438\u043d\u0430\u0446\u0438\u043e\u043d\u043e \u0442\u0435\u043b\u043e \u0412\u043b\u0430\u0434\u0435 \u0420\u0435\u043f\u0443\u0431\u043b\u0438\u043a\u0435 \u0421\u0440\u0431\u0438\u0458\u0435 \u0437\u0430 \u043e\u043f\u0448\u0442\u0438\u043d\u0435 \u041f\u0440\u0435\u0448\u0435\u0432\u043e, \u0411\u0443\u0458\u0430\u043d\u043e\u0432\u0430\u0446 \u0438 \u041c\u0435\u0434\u0432\u0435\u0452a"},"image":{"@id":"https:\/\/kt.gov.rs\/#\/schema\/logo\/image\/"},"sameAs":["https:\/\/www.facebook.com\/SluzbaKoordinacionogTelaVladeRepublikeSrbije","https:\/\/x.com\/kt_gov","https:\/\/www.youtube.com\/@koordinacionotelo"]},{"@type":"Person","@id":"https:\/\/kt.gov.rs\/#\/schema\/person\/e426459ddb4173309103390602694571","name":"ktmin","image":{"@type":"ImageObject","inLanguage":"sq-AL","@id":"https:\/\/secure.gravatar.com\/avatar\/3985c961109853010c3fbc7ba30365bfba5db3dd6c525831d9c595c7525a615a?s=96&d=mm&r=g","url":"https:\/\/secure.gravatar.com\/avatar\/3985c961109853010c3fbc7ba30365bfba5db3dd6c525831d9c595c7525a615a?s=96&d=mm&r=g","contentUrl":"https:\/\/secure.gravatar.com\/avatar\/3985c961109853010c3fbc7ba30365bfba5db3dd6c525831d9c595c7525a615a?s=96&d=mm&r=g","caption":"ktmin"},"sameAs":["https:\/\/kt.gov.rs"],"url":"https:\/\/kt.gov.rs\/sq\/author\/ktmin\/"}]}},"_links":{"self":[{"href":"https:\/\/kt.gov.rs\/sq\/wp-json\/wp\/v2\/posts\/106940","targetHints":{"allow":["GET"]}}],"collection":[{"href":"https:\/\/kt.gov.rs\/sq\/wp-json\/wp\/v2\/posts"}],"about":[{"href":"https:\/\/kt.gov.rs\/sq\/wp-json\/wp\/v2\/types\/post"}],"author":[{"embeddable":true,"href":"https:\/\/kt.gov.rs\/sq\/wp-json\/wp\/v2\/users\/1"}],"replies":[{"embeddable":true,"href":"https:\/\/kt.gov.rs\/sq\/wp-json\/wp\/v2\/comments?post=106940"}],"version-history":[{"count":1,"href":"https:\/\/kt.gov.rs\/sq\/wp-json\/wp\/v2\/posts\/106940\/revisions"}],"predecessor-version":[{"id":106944,"href":"https:\/\/kt.gov.rs\/sq\/wp-json\/wp\/v2\/posts\/106940\/revisions\/106944"}],"wp:featuredmedia":[{"embeddable":true,"href":"https:\/\/kt.gov.rs\/sq\/wp-json\/wp\/v2\/media\/106945"}],"wp:attachment":[{"href":"https:\/\/kt.gov.rs\/sq\/wp-json\/wp\/v2\/media?parent=106940"}],"wp:term":[{"taxonomy":"category","embeddable":true,"href":"https:\/\/kt.gov.rs\/sq\/wp-json\/wp\/v2\/categories?post=106940"},{"taxonomy":"post_tag","embeddable":true,"href":"https:\/\/kt.gov.rs\/sq\/wp-json\/wp\/v2\/tags?post=106940"}],"curies":[{"name":"wp","href":"https:\/\/api.w.org\/{rel}","templated":true}]}}