{"id":106932,"date":"2022-11-04T00:00:00","date_gmt":"2022-11-04T00:00:00","guid":{"rendered":"http:\/\/kt.printandscreen.rs\/nxenesit-nga-sezai-suroi-treguan-njohurite-e-tyre-ne-garen-regjionale-ne-leskovc\/"},"modified":"2024-07-30T17:55:45","modified_gmt":"2024-07-30T17:55:45","slug":"nxenesit-nga-sezai-suroi-treguan-njohurite-e-tyre-ne-garen-regjionale-ne-leskovc","status":"publish","type":"post","link":"https:\/\/kt.gov.rs\/sq\/nxenesit-nga-sezai-suroi-treguan-njohurite-e-tyre-ne-garen-regjionale-ne-leskovc\/","title":{"rendered":"NX\u00cbN\u00cbSIT NGA \u201cSEZAI SUROI\u201d TREGUAN NJOHURIT\u00cb E TYRE N\u00cb GAR\u00cbN REGJIONALE N\u00cb LESKOVC"},"content":{"rendered":"<p>\n\t<strong><img decoding=\"async\" alt=\"\" src=\"https:\/\/kt.gov.rs\/wp-content\/uploads\/2024\/07\/1667563806_041122_1-2.jpg\" style=\"width: 315px; height: 230px; float: left;\" \/><\/strong><strong>Bujanoc \u2013 Beograd<\/strong>\u00a0<strong>\u2013<\/strong>\u00a0 Nx\u00ebn\u00ebsit e shkoll\u00ebs s\u00eb mesme t\u00eb Bujanocit &quot;Sezai Suroi&quot; mor\u00ebn pjes\u00eb n\u00eb gar\u00ebn regjionale &quot;Business Challenge&quot; n\u00eb Leskoc, dhe nj\u00ebri prej tyre \u2013 Qetin Aqifi, nx\u00ebn\u00ebs i klas\u00ebs s\u00eb kat\u00ebrt, me nj\u00eb ekip t\u00eb bashk\u00ebmoshatar\u00ebve t\u00eb tij nga shkollat \u200b\u200be tjera, fitoi vendin e tret\u00eb n\u00eb k\u00ebt\u00eb. gar\u00eb.<\/p>\n<p>\n\t\u00a0\u201cNx\u00ebn\u00ebsi yn\u00eb Qetin Aqifi, nga 110 nx\u00ebn\u00ebs t\u00eb 28 shkollave t\u00eb mesme, me shok\u00ebt e shkollave tjera zuri vendin e tret\u00eb dhe u kualifikua n\u00eb finalen e madhe, e cila do t\u00eb mbahet n\u00eb Beograd\u201d, tha profesor Bujar Mustafa.<\/p>\n<p>\n\tEkipet prej pes\u00eb an\u00ebtar\u00ebsh t\u00eb p\u00ebrb\u00ebr\u00eb nga nx\u00ebn\u00ebs t\u00eb shkollave t\u00eb ndryshme kishin p\u00ebr detyr\u00eb t\u00eb gjenin nj\u00eb zgjidhje p\u00ebr nj\u00eb problem real biznesi, t\u00eb krijonin nj\u00eb plan biznesi dhe t\u00eb prezantojn\u00eb prezantimin e tyre para an\u00ebtar\u00ebve t\u00eb juris\u00eb.<\/p>\n<p>\n\tIdeja e biznesit t\u00eb ekipit t\u00eb Cetinit \u00ebsht\u00eb nj\u00eb kafene q\u00eb p\u00ebrve\u00e7 sh\u00ebrbimeve tradicionale do t\u00eb ofronte edhe k\u00ebnaq\u00ebsin\u00eb e leximit t\u00eb librave.<\/p>\n<p>\n\t\u00a0\u201cNe jemi krenar\u00eb p\u00ebr t\u00eb gjith\u00eb nx\u00ebn\u00ebsit dhe ky nuk \u00ebsht\u00eb suksesi i par\u00eb i nx\u00ebn\u00ebsve. Tani s\u00eb bashku me ekipin dhe nx\u00ebn\u00ebsit e shkollave tjera kan arritur n\u00eb finale dhe jemi t\u00eb k\u00ebnaqur, sepse ai p\u00ebrfaq\u00ebson shkoll\u00ebn ton\u00eb\u201d, thot\u00eb Zejni\u00a0 Fejzulahu drejtori i shkolles.<\/p>\n<p>\n\tKy gjimnazist, s\u00eb bashku me kat\u00ebr gjimnazist\u00eb t\u00eb tjer\u00eb, siguruan pjes\u00ebmarrjen n\u00eb gar\u00ebn finale komb\u00ebtare, e cila do t\u00eb mbahet n\u00eb shkurt t\u00eb vitit t\u00eb ardhsh\u00ebm n\u00eb Beograd.<\/p>\n<p>\n\tN\u00eb gar\u00eb mor\u00ebn pjes\u00eb edhe shkollat \u200b\u200bnga Vranja, Vllasotinaca, Svrligi, Prokupla, Zhitoradja, Piroti, Nishi, Medvegja, Leskovci, Kurshumlija, Dolevaci, Bojniku, Babushnica dhe Aleksinaca.<\/p>\n<p>\n\tFituesit n\u00eb nivel komb\u00ebtar do t\u00eb marrin pjes\u00eb n\u00eb \u201cBusiness Challenge\u201d t\u00eb Ballkanit Per\u00ebndimor s\u00eb bashku me bashk\u00ebmoshatar\u00ebt e tyre nga Kroacia, Bosnja dhe Hercegovina dhe Mali i Zi.<\/p>\n<p>\n\t<strong>Burimi: Bujanova\u00e7ke dhe Trupi Koordinues<\/strong><\/p>\n<p>\n\t\u00a0<\/p>\n","protected":false},"excerpt":{"rendered":"<p>Bujanoc \u2013 Beograd\u00a0\u2013\u00a0 Nx\u00ebn\u00ebsit e shkoll\u00ebs s\u00eb mesme t\u00eb Bujanocit &quot;Sezai Suroi&quot; mor\u00ebn pjes\u00eb n\u00eb gar\u00ebn regjionale &quot;Business Challenge&quot; n\u00eb Leskoc, dhe nj\u00ebri prej tyre \u2013 Qetin Aqifi, nx\u00ebn\u00ebs i klas\u00ebs s\u00eb kat\u00ebrt, me nj\u00eb ekip t\u00eb bashk\u00ebmoshatar\u00ebve t\u00eb tij nga shkollat \u200b\u200be tjera, fitoi vendin e tret\u00eb n\u00eb k\u00ebt\u00eb. gar\u00eb.<\/p>\n","protected":false},"author":1,"featured_media":106937,"comment_status":"closed","ping_status":"closed","sticky":false,"template":"","format":"standard","meta":{"footnotes":""},"categories":[55],"tags":[],"class_list":["post-106932","post","type-post","status-publish","format-standard","has-post-thumbnail","hentry","category-lajme"],"yoast_head":"<!-- This site is optimized with the Yoast SEO plugin v27.5 - https:\/\/yoast.com\/product\/yoast-seo-wordpress\/ -->\n<title>NX\u00cbN\u00cbSIT NGA \u201cSEZAI SUROI\u201d TREGUAN NJOHURIT\u00cb E TYRE N\u00cb GAR\u00cbN REGJIONALE N\u00cb LESKOVC - Republika e S\u00ebrbis\u00eb Trupi Koordinues p\u00ebr komunat Bujanoc, Preshev\u00eb dhe Medvegj\u00eb<\/title>\n<meta name=\"robots\" content=\"index, follow, max-snippet:-1, max-image-preview:large, max-video-preview:-1\" \/>\n<link rel=\"canonical\" href=\"https:\/\/kt.gov.rs\/sq\/nxenesit-nga-sezai-suroi-treguan-njohurite-e-tyre-ne-garen-regjionale-ne-leskovc\/\" \/>\n<meta property=\"og:locale\" content=\"sq_AL\" \/>\n<meta property=\"og:type\" content=\"article\" \/>\n<meta property=\"og:title\" content=\"NX\u00cbN\u00cbSIT NGA \u201cSEZAI SUROI\u201d TREGUAN NJOHURIT\u00cb E TYRE N\u00cb GAR\u00cbN REGJIONALE N\u00cb LESKOVC - Republika e S\u00ebrbis\u00eb Trupi Koordinues p\u00ebr komunat Bujanoc, Preshev\u00eb dhe Medvegj\u00eb\" \/>\n<meta property=\"og:description\" content=\"Bujanoc - Beograd\u00a0-\u00a0 Nx\u00ebn\u00ebsit e shkoll\u00ebs s\u00eb mesme t\u00eb Bujanocit &quot;Sezai Suroi&quot; mor\u00ebn pjes\u00eb n\u00eb gar\u00ebn regjionale &quot;Business Challenge&quot; n\u00eb Leskoc, dhe nj\u00ebri prej tyre - Qetin Aqifi, nx\u00ebn\u00ebs i klas\u00ebs s\u00eb kat\u00ebrt, me nj\u00eb ekip t\u00eb bashk\u00ebmoshatar\u00ebve t\u00eb tij nga shkollat \u200b\u200be tjera, fitoi vendin e tret\u00eb n\u00eb k\u00ebt\u00eb. gar\u00eb.\" \/>\n<meta property=\"og:url\" content=\"https:\/\/kt.gov.rs\/sq\/nxenesit-nga-sezai-suroi-treguan-njohurite-e-tyre-ne-garen-regjionale-ne-leskovc\/\" \/>\n<meta property=\"og:site_name\" content=\"Republika e S\u00ebrbis\u00eb Trupi Koordinues p\u00ebr komunat Bujanoc, Preshev\u00eb dhe Medvegj\u00eb\" \/>\n<meta property=\"article:publisher\" content=\"https:\/\/www.facebook.com\/SluzbaKoordinacionogTelaVladeRepublikeSrbije\" \/>\n<meta property=\"article:published_time\" content=\"2022-11-04T00:00:00+00:00\" \/>\n<meta property=\"article:modified_time\" content=\"2024-07-30T17:55:45+00:00\" \/>\n<meta property=\"og:image\" content=\"https:\/\/kt.gov.rs\/wp-content\/uploads\/2024\/07\/1667563806_041122_1-3.jpg\" \/>\n\t<meta property=\"og:image:width\" content=\"315\" \/>\n\t<meta property=\"og:image:height\" content=\"230\" \/>\n\t<meta property=\"og:image:type\" content=\"image\/jpeg\" \/>\n<meta name=\"author\" content=\"ktmin\" \/>\n<meta name=\"twitter:card\" content=\"summary_large_image\" \/>\n<meta name=\"twitter:creator\" content=\"@kt_gov\" \/>\n<meta name=\"twitter:site\" content=\"@kt_gov\" \/>\n<meta name=\"twitter:label1\" content=\"Written by\" \/>\n\t<meta name=\"twitter:data1\" content=\"ktmin\" \/>\n\t<meta name=\"twitter:label2\" content=\"Est. reading time\" \/>\n\t<meta name=\"twitter:data2\" content=\"2 minutes\" \/>\n<script type=\"application\/ld+json\" class=\"yoast-schema-graph\">{\"@context\":\"https:\\\/\\\/schema.org\",\"@graph\":[{\"@type\":\"Article\",\"@id\":\"https:\\\/\\\/kt.gov.rs\\\/sq\\\/nxenesit-nga-sezai-suroi-treguan-njohurite-e-tyre-ne-garen-regjionale-ne-leskovc\\\/#article\",\"isPartOf\":{\"@id\":\"https:\\\/\\\/kt.gov.rs\\\/sq\\\/nxenesit-nga-sezai-suroi-treguan-njohurite-e-tyre-ne-garen-regjionale-ne-leskovc\\\/\"},\"author\":{\"name\":\"ktmin\",\"@id\":\"https:\\\/\\\/kt.gov.rs\\\/#\\\/schema\\\/person\\\/e426459ddb4173309103390602694571\"},\"headline\":\"NX\u00cbN\u00cbSIT NGA \u201cSEZAI SUROI\u201d TREGUAN NJOHURIT\u00cb E TYRE N\u00cb GAR\u00cbN REGJIONALE N\u00cb LESKOVC\",\"datePublished\":\"2022-11-04T00:00:00+00:00\",\"dateModified\":\"2024-07-30T17:55:45+00:00\",\"mainEntityOfPage\":{\"@id\":\"https:\\\/\\\/kt.gov.rs\\\/sq\\\/nxenesit-nga-sezai-suroi-treguan-njohurite-e-tyre-ne-garen-regjionale-ne-leskovc\\\/\"},\"wordCount\":495,\"publisher\":{\"@id\":\"https:\\\/\\\/kt.gov.rs\\\/#organization\"},\"image\":{\"@id\":\"https:\\\/\\\/kt.gov.rs\\\/sq\\\/nxenesit-nga-sezai-suroi-treguan-njohurite-e-tyre-ne-garen-regjionale-ne-leskovc\\\/#primaryimage\"},\"thumbnailUrl\":\"https:\\\/\\\/kt.gov.rs\\\/wp-content\\\/uploads\\\/2024\\\/07\\\/1667563806_041122_1-3.jpg\",\"articleSection\":[\"Lajme\"],\"inLanguage\":\"sq-AL\"},{\"@type\":\"WebPage\",\"@id\":\"https:\\\/\\\/kt.gov.rs\\\/sq\\\/nxenesit-nga-sezai-suroi-treguan-njohurite-e-tyre-ne-garen-regjionale-ne-leskovc\\\/\",\"url\":\"https:\\\/\\\/kt.gov.rs\\\/sq\\\/nxenesit-nga-sezai-suroi-treguan-njohurite-e-tyre-ne-garen-regjionale-ne-leskovc\\\/\",\"name\":\"NX\u00cbN\u00cbSIT NGA \u201cSEZAI SUROI\u201d TREGUAN NJOHURIT\u00cb E TYRE N\u00cb GAR\u00cbN REGJIONALE N\u00cb LESKOVC - Republika e S\u00ebrbis\u00eb Trupi Koordinues p\u00ebr komunat Bujanoc, Preshev\u00eb dhe Medvegj\u00eb\",\"isPartOf\":{\"@id\":\"https:\\\/\\\/kt.gov.rs\\\/#website\"},\"primaryImageOfPage\":{\"@id\":\"https:\\\/\\\/kt.gov.rs\\\/sq\\\/nxenesit-nga-sezai-suroi-treguan-njohurite-e-tyre-ne-garen-regjionale-ne-leskovc\\\/#primaryimage\"},\"image\":{\"@id\":\"https:\\\/\\\/kt.gov.rs\\\/sq\\\/nxenesit-nga-sezai-suroi-treguan-njohurite-e-tyre-ne-garen-regjionale-ne-leskovc\\\/#primaryimage\"},\"thumbnailUrl\":\"https:\\\/\\\/kt.gov.rs\\\/wp-content\\\/uploads\\\/2024\\\/07\\\/1667563806_041122_1-3.jpg\",\"datePublished\":\"2022-11-04T00:00:00+00:00\",\"dateModified\":\"2024-07-30T17:55:45+00:00\",\"breadcrumb\":{\"@id\":\"https:\\\/\\\/kt.gov.rs\\\/sq\\\/nxenesit-nga-sezai-suroi-treguan-njohurite-e-tyre-ne-garen-regjionale-ne-leskovc\\\/#breadcrumb\"},\"inLanguage\":\"sq-AL\",\"potentialAction\":[{\"@type\":\"ReadAction\",\"target\":[\"https:\\\/\\\/kt.gov.rs\\\/sq\\\/nxenesit-nga-sezai-suroi-treguan-njohurite-e-tyre-ne-garen-regjionale-ne-leskovc\\\/\"]}]},{\"@type\":\"ImageObject\",\"inLanguage\":\"sq-AL\",\"@id\":\"https:\\\/\\\/kt.gov.rs\\\/sq\\\/nxenesit-nga-sezai-suroi-treguan-njohurite-e-tyre-ne-garen-regjionale-ne-leskovc\\\/#primaryimage\",\"url\":\"https:\\\/\\\/kt.gov.rs\\\/wp-content\\\/uploads\\\/2024\\\/07\\\/1667563806_041122_1-3.jpg\",\"contentUrl\":\"https:\\\/\\\/kt.gov.rs\\\/wp-content\\\/uploads\\\/2024\\\/07\\\/1667563806_041122_1-3.jpg\",\"width\":315,\"height\":230},{\"@type\":\"BreadcrumbList\",\"@id\":\"https:\\\/\\\/kt.gov.rs\\\/sq\\\/nxenesit-nga-sezai-suroi-treguan-njohurite-e-tyre-ne-garen-regjionale-ne-leskovc\\\/#breadcrumb\",\"itemListElement\":[{\"@type\":\"ListItem\",\"position\":1,\"name\":\"\u041f\u043e\u0447\u0435\u0442\u043d\u0430\",\"item\":\"https:\\\/\\\/kt.gov.rs\\\/sq\\\/\"},{\"@type\":\"ListItem\",\"position\":2,\"name\":\"NX\u00cbN\u00cbSIT NGA \u201cSEZAI SUROI\u201d TREGUAN NJOHURIT\u00cb E TYRE N\u00cb GAR\u00cbN REGJIONALE N\u00cb LESKOVC\"}]},{\"@type\":\"WebSite\",\"@id\":\"https:\\\/\\\/kt.gov.rs\\\/#website\",\"url\":\"https:\\\/\\\/kt.gov.rs\\\/\",\"name\":\"\u041a\u043e\u043e\u0440\u0434\u0438\u043d\u0430\u0446\u0438\u043e\u043d\u043e \u0442\u0435\u043b\u043e \u0412\u043b\u0430\u0434\u0435 \u0420\u0435\u043f\u0443\u0431\u043b\u0438\u043a\u0435 \u0421\u0440\u0431\u0438\u0458\u0435 \u0437\u0430 \u043e\u043f\u0448\u0442\u0438\u043d\u0435 \u041f\u0440\u0435\u0448\u0435\u0432\u043e, \u0411\u0443\u0458\u0430\u043d\u043e\u0432\u0430\u0446 \u0438 \u041c\u0435\u0434\u0432\u0435\u0452a\",\"description\":\"\",\"publisher\":{\"@id\":\"https:\\\/\\\/kt.gov.rs\\\/#organization\"},\"alternateName\":\"\u041a\u043e\u043e\u0440\u0434\u0438\u043d\u0430\u0446\u0438\u043e\u043d\u043e \u0442\u0435\u043b\u043e\",\"potentialAction\":[{\"@type\":\"SearchAction\",\"target\":{\"@type\":\"EntryPoint\",\"urlTemplate\":\"https:\\\/\\\/kt.gov.rs\\\/?s={search_term_string}\"},\"query-input\":{\"@type\":\"PropertyValueSpecification\",\"valueRequired\":true,\"valueName\":\"search_term_string\"}}],\"inLanguage\":\"sq-AL\"},{\"@type\":\"Organization\",\"@id\":\"https:\\\/\\\/kt.gov.rs\\\/#organization\",\"name\":\"\u041a\u043e\u043e\u0440\u0434\u0438\u043d\u0430\u0446\u0438\u043e\u043d\u043e \u0442\u0435\u043b\u043e \u0412\u043b\u0430\u0434\u0435 \u0420\u0435\u043f\u0443\u0431\u043b\u0438\u043a\u0435 \u0421\u0440\u0431\u0438\u0458\u0435 \u0437\u0430 \u043e\u043f\u0448\u0442\u0438\u043d\u0435 \u041f\u0440\u0435\u0448\u0435\u0432\u043e, \u0411\u0443\u0458\u0430\u043d\u043e\u0432\u0430\u0446 \u0438 \u041c\u0435\u0434\u0432\u0435\u0452a\",\"alternateName\":\"\u041a\u043e\u043e\u0440\u0434\u0438\u043d\u0430\u0446\u0438\u043e\u043d\u043e \u0442\u0435\u043b\u043e\",\"url\":\"https:\\\/\\\/kt.gov.rs\\\/\",\"logo\":{\"@type\":\"ImageObject\",\"inLanguage\":\"sq-AL\",\"@id\":\"https:\\\/\\\/kt.gov.rs\\\/#\\\/schema\\\/logo\\\/image\\\/\",\"url\":\"https:\\\/\\\/kt.gov.rs\\\/wp-content\\\/uploads\\\/2024\\\/12\\\/koord2.jpg\",\"contentUrl\":\"https:\\\/\\\/kt.gov.rs\\\/wp-content\\\/uploads\\\/2024\\\/12\\\/koord2.jpg\",\"width\":640,\"height\":480,\"caption\":\"\u041a\u043e\u043e\u0440\u0434\u0438\u043d\u0430\u0446\u0438\u043e\u043d\u043e \u0442\u0435\u043b\u043e \u0412\u043b\u0430\u0434\u0435 \u0420\u0435\u043f\u0443\u0431\u043b\u0438\u043a\u0435 \u0421\u0440\u0431\u0438\u0458\u0435 \u0437\u0430 \u043e\u043f\u0448\u0442\u0438\u043d\u0435 \u041f\u0440\u0435\u0448\u0435\u0432\u043e, \u0411\u0443\u0458\u0430\u043d\u043e\u0432\u0430\u0446 \u0438 \u041c\u0435\u0434\u0432\u0435\u0452a\"},\"image\":{\"@id\":\"https:\\\/\\\/kt.gov.rs\\\/#\\\/schema\\\/logo\\\/image\\\/\"},\"sameAs\":[\"https:\\\/\\\/www.facebook.com\\\/SluzbaKoordinacionogTelaVladeRepublikeSrbije\",\"https:\\\/\\\/x.com\\\/kt_gov\",\"https:\\\/\\\/www.youtube.com\\\/@koordinacionotelo\"]},{\"@type\":\"Person\",\"@id\":\"https:\\\/\\\/kt.gov.rs\\\/#\\\/schema\\\/person\\\/e426459ddb4173309103390602694571\",\"name\":\"ktmin\",\"image\":{\"@type\":\"ImageObject\",\"inLanguage\":\"sq-AL\",\"@id\":\"https:\\\/\\\/secure.gravatar.com\\\/avatar\\\/3985c961109853010c3fbc7ba30365bfba5db3dd6c525831d9c595c7525a615a?s=96&d=mm&r=g\",\"url\":\"https:\\\/\\\/secure.gravatar.com\\\/avatar\\\/3985c961109853010c3fbc7ba30365bfba5db3dd6c525831d9c595c7525a615a?s=96&d=mm&r=g\",\"contentUrl\":\"https:\\\/\\\/secure.gravatar.com\\\/avatar\\\/3985c961109853010c3fbc7ba30365bfba5db3dd6c525831d9c595c7525a615a?s=96&d=mm&r=g\",\"caption\":\"ktmin\"},\"sameAs\":[\"https:\\\/\\\/kt.gov.rs\"],\"url\":\"https:\\\/\\\/kt.gov.rs\\\/sq\\\/author\\\/ktmin\\\/\"}]}<\/script>\n<!-- \/ Yoast SEO plugin. -->","yoast_head_json":{"title":"NX\u00cbN\u00cbSIT NGA \u201cSEZAI SUROI\u201d TREGUAN NJOHURIT\u00cb E TYRE N\u00cb GAR\u00cbN REGJIONALE N\u00cb LESKOVC - Republika e S\u00ebrbis\u00eb Trupi Koordinues p\u00ebr komunat Bujanoc, Preshev\u00eb dhe Medvegj\u00eb","robots":{"index":"index","follow":"follow","max-snippet":"max-snippet:-1","max-image-preview":"max-image-preview:large","max-video-preview":"max-video-preview:-1"},"canonical":"https:\/\/kt.gov.rs\/sq\/nxenesit-nga-sezai-suroi-treguan-njohurite-e-tyre-ne-garen-regjionale-ne-leskovc\/","og_locale":"sq_AL","og_type":"article","og_title":"NX\u00cbN\u00cbSIT NGA \u201cSEZAI SUROI\u201d TREGUAN NJOHURIT\u00cb E TYRE N\u00cb GAR\u00cbN REGJIONALE N\u00cb LESKOVC - Republika e S\u00ebrbis\u00eb Trupi Koordinues p\u00ebr komunat Bujanoc, Preshev\u00eb dhe Medvegj\u00eb","og_description":"Bujanoc - Beograd\u00a0-\u00a0 Nx\u00ebn\u00ebsit e shkoll\u00ebs s\u00eb mesme t\u00eb Bujanocit &quot;Sezai Suroi&quot; mor\u00ebn pjes\u00eb n\u00eb gar\u00ebn regjionale &quot;Business Challenge&quot; n\u00eb Leskoc, dhe nj\u00ebri prej tyre - Qetin Aqifi, nx\u00ebn\u00ebs i klas\u00ebs s\u00eb kat\u00ebrt, me nj\u00eb ekip t\u00eb bashk\u00ebmoshatar\u00ebve t\u00eb tij nga shkollat \u200b\u200be tjera, fitoi vendin e tret\u00eb n\u00eb k\u00ebt\u00eb. gar\u00eb.","og_url":"https:\/\/kt.gov.rs\/sq\/nxenesit-nga-sezai-suroi-treguan-njohurite-e-tyre-ne-garen-regjionale-ne-leskovc\/","og_site_name":"Republika e S\u00ebrbis\u00eb Trupi Koordinues p\u00ebr komunat Bujanoc, Preshev\u00eb dhe Medvegj\u00eb","article_publisher":"https:\/\/www.facebook.com\/SluzbaKoordinacionogTelaVladeRepublikeSrbije","article_published_time":"2022-11-04T00:00:00+00:00","article_modified_time":"2024-07-30T17:55:45+00:00","og_image":[{"width":315,"height":230,"url":"https:\/\/kt.gov.rs\/wp-content\/uploads\/2024\/07\/1667563806_041122_1-3.jpg","type":"image\/jpeg"}],"author":"ktmin","twitter_card":"summary_large_image","twitter_creator":"@kt_gov","twitter_site":"@kt_gov","twitter_misc":{"Written by":"ktmin","Est. reading time":"2 minutes"},"schema":{"@context":"https:\/\/schema.org","@graph":[{"@type":"Article","@id":"https:\/\/kt.gov.rs\/sq\/nxenesit-nga-sezai-suroi-treguan-njohurite-e-tyre-ne-garen-regjionale-ne-leskovc\/#article","isPartOf":{"@id":"https:\/\/kt.gov.rs\/sq\/nxenesit-nga-sezai-suroi-treguan-njohurite-e-tyre-ne-garen-regjionale-ne-leskovc\/"},"author":{"name":"ktmin","@id":"https:\/\/kt.gov.rs\/#\/schema\/person\/e426459ddb4173309103390602694571"},"headline":"NX\u00cbN\u00cbSIT NGA \u201cSEZAI SUROI\u201d TREGUAN NJOHURIT\u00cb E TYRE N\u00cb GAR\u00cbN REGJIONALE N\u00cb LESKOVC","datePublished":"2022-11-04T00:00:00+00:00","dateModified":"2024-07-30T17:55:45+00:00","mainEntityOfPage":{"@id":"https:\/\/kt.gov.rs\/sq\/nxenesit-nga-sezai-suroi-treguan-njohurite-e-tyre-ne-garen-regjionale-ne-leskovc\/"},"wordCount":495,"publisher":{"@id":"https:\/\/kt.gov.rs\/#organization"},"image":{"@id":"https:\/\/kt.gov.rs\/sq\/nxenesit-nga-sezai-suroi-treguan-njohurite-e-tyre-ne-garen-regjionale-ne-leskovc\/#primaryimage"},"thumbnailUrl":"https:\/\/kt.gov.rs\/wp-content\/uploads\/2024\/07\/1667563806_041122_1-3.jpg","articleSection":["Lajme"],"inLanguage":"sq-AL"},{"@type":"WebPage","@id":"https:\/\/kt.gov.rs\/sq\/nxenesit-nga-sezai-suroi-treguan-njohurite-e-tyre-ne-garen-regjionale-ne-leskovc\/","url":"https:\/\/kt.gov.rs\/sq\/nxenesit-nga-sezai-suroi-treguan-njohurite-e-tyre-ne-garen-regjionale-ne-leskovc\/","name":"NX\u00cbN\u00cbSIT NGA \u201cSEZAI SUROI\u201d TREGUAN NJOHURIT\u00cb E TYRE N\u00cb GAR\u00cbN REGJIONALE N\u00cb LESKOVC - Republika e S\u00ebrbis\u00eb Trupi Koordinues p\u00ebr komunat Bujanoc, Preshev\u00eb dhe Medvegj\u00eb","isPartOf":{"@id":"https:\/\/kt.gov.rs\/#website"},"primaryImageOfPage":{"@id":"https:\/\/kt.gov.rs\/sq\/nxenesit-nga-sezai-suroi-treguan-njohurite-e-tyre-ne-garen-regjionale-ne-leskovc\/#primaryimage"},"image":{"@id":"https:\/\/kt.gov.rs\/sq\/nxenesit-nga-sezai-suroi-treguan-njohurite-e-tyre-ne-garen-regjionale-ne-leskovc\/#primaryimage"},"thumbnailUrl":"https:\/\/kt.gov.rs\/wp-content\/uploads\/2024\/07\/1667563806_041122_1-3.jpg","datePublished":"2022-11-04T00:00:00+00:00","dateModified":"2024-07-30T17:55:45+00:00","breadcrumb":{"@id":"https:\/\/kt.gov.rs\/sq\/nxenesit-nga-sezai-suroi-treguan-njohurite-e-tyre-ne-garen-regjionale-ne-leskovc\/#breadcrumb"},"inLanguage":"sq-AL","potentialAction":[{"@type":"ReadAction","target":["https:\/\/kt.gov.rs\/sq\/nxenesit-nga-sezai-suroi-treguan-njohurite-e-tyre-ne-garen-regjionale-ne-leskovc\/"]}]},{"@type":"ImageObject","inLanguage":"sq-AL","@id":"https:\/\/kt.gov.rs\/sq\/nxenesit-nga-sezai-suroi-treguan-njohurite-e-tyre-ne-garen-regjionale-ne-leskovc\/#primaryimage","url":"https:\/\/kt.gov.rs\/wp-content\/uploads\/2024\/07\/1667563806_041122_1-3.jpg","contentUrl":"https:\/\/kt.gov.rs\/wp-content\/uploads\/2024\/07\/1667563806_041122_1-3.jpg","width":315,"height":230},{"@type":"BreadcrumbList","@id":"https:\/\/kt.gov.rs\/sq\/nxenesit-nga-sezai-suroi-treguan-njohurite-e-tyre-ne-garen-regjionale-ne-leskovc\/#breadcrumb","itemListElement":[{"@type":"ListItem","position":1,"name":"\u041f\u043e\u0447\u0435\u0442\u043d\u0430","item":"https:\/\/kt.gov.rs\/sq\/"},{"@type":"ListItem","position":2,"name":"NX\u00cbN\u00cbSIT NGA \u201cSEZAI SUROI\u201d TREGUAN NJOHURIT\u00cb E TYRE N\u00cb GAR\u00cbN REGJIONALE N\u00cb LESKOVC"}]},{"@type":"WebSite","@id":"https:\/\/kt.gov.rs\/#website","url":"https:\/\/kt.gov.rs\/","name":"\u041a\u043e\u043e\u0440\u0434\u0438\u043d\u0430\u0446\u0438\u043e\u043d\u043e \u0442\u0435\u043b\u043e \u0412\u043b\u0430\u0434\u0435 \u0420\u0435\u043f\u0443\u0431\u043b\u0438\u043a\u0435 \u0421\u0440\u0431\u0438\u0458\u0435 \u0437\u0430 \u043e\u043f\u0448\u0442\u0438\u043d\u0435 \u041f\u0440\u0435\u0448\u0435\u0432\u043e, \u0411\u0443\u0458\u0430\u043d\u043e\u0432\u0430\u0446 \u0438 \u041c\u0435\u0434\u0432\u0435\u0452a","description":"","publisher":{"@id":"https:\/\/kt.gov.rs\/#organization"},"alternateName":"\u041a\u043e\u043e\u0440\u0434\u0438\u043d\u0430\u0446\u0438\u043e\u043d\u043e \u0442\u0435\u043b\u043e","potentialAction":[{"@type":"SearchAction","target":{"@type":"EntryPoint","urlTemplate":"https:\/\/kt.gov.rs\/?s={search_term_string}"},"query-input":{"@type":"PropertyValueSpecification","valueRequired":true,"valueName":"search_term_string"}}],"inLanguage":"sq-AL"},{"@type":"Organization","@id":"https:\/\/kt.gov.rs\/#organization","name":"\u041a\u043e\u043e\u0440\u0434\u0438\u043d\u0430\u0446\u0438\u043e\u043d\u043e \u0442\u0435\u043b\u043e \u0412\u043b\u0430\u0434\u0435 \u0420\u0435\u043f\u0443\u0431\u043b\u0438\u043a\u0435 \u0421\u0440\u0431\u0438\u0458\u0435 \u0437\u0430 \u043e\u043f\u0448\u0442\u0438\u043d\u0435 \u041f\u0440\u0435\u0448\u0435\u0432\u043e, \u0411\u0443\u0458\u0430\u043d\u043e\u0432\u0430\u0446 \u0438 \u041c\u0435\u0434\u0432\u0435\u0452a","alternateName":"\u041a\u043e\u043e\u0440\u0434\u0438\u043d\u0430\u0446\u0438\u043e\u043d\u043e \u0442\u0435\u043b\u043e","url":"https:\/\/kt.gov.rs\/","logo":{"@type":"ImageObject","inLanguage":"sq-AL","@id":"https:\/\/kt.gov.rs\/#\/schema\/logo\/image\/","url":"https:\/\/kt.gov.rs\/wp-content\/uploads\/2024\/12\/koord2.jpg","contentUrl":"https:\/\/kt.gov.rs\/wp-content\/uploads\/2024\/12\/koord2.jpg","width":640,"height":480,"caption":"\u041a\u043e\u043e\u0440\u0434\u0438\u043d\u0430\u0446\u0438\u043e\u043d\u043e \u0442\u0435\u043b\u043e \u0412\u043b\u0430\u0434\u0435 \u0420\u0435\u043f\u0443\u0431\u043b\u0438\u043a\u0435 \u0421\u0440\u0431\u0438\u0458\u0435 \u0437\u0430 \u043e\u043f\u0448\u0442\u0438\u043d\u0435 \u041f\u0440\u0435\u0448\u0435\u0432\u043e, \u0411\u0443\u0458\u0430\u043d\u043e\u0432\u0430\u0446 \u0438 \u041c\u0435\u0434\u0432\u0435\u0452a"},"image":{"@id":"https:\/\/kt.gov.rs\/#\/schema\/logo\/image\/"},"sameAs":["https:\/\/www.facebook.com\/SluzbaKoordinacionogTelaVladeRepublikeSrbije","https:\/\/x.com\/kt_gov","https:\/\/www.youtube.com\/@koordinacionotelo"]},{"@type":"Person","@id":"https:\/\/kt.gov.rs\/#\/schema\/person\/e426459ddb4173309103390602694571","name":"ktmin","image":{"@type":"ImageObject","inLanguage":"sq-AL","@id":"https:\/\/secure.gravatar.com\/avatar\/3985c961109853010c3fbc7ba30365bfba5db3dd6c525831d9c595c7525a615a?s=96&d=mm&r=g","url":"https:\/\/secure.gravatar.com\/avatar\/3985c961109853010c3fbc7ba30365bfba5db3dd6c525831d9c595c7525a615a?s=96&d=mm&r=g","contentUrl":"https:\/\/secure.gravatar.com\/avatar\/3985c961109853010c3fbc7ba30365bfba5db3dd6c525831d9c595c7525a615a?s=96&d=mm&r=g","caption":"ktmin"},"sameAs":["https:\/\/kt.gov.rs"],"url":"https:\/\/kt.gov.rs\/sq\/author\/ktmin\/"}]}},"_links":{"self":[{"href":"https:\/\/kt.gov.rs\/sq\/wp-json\/wp\/v2\/posts\/106932","targetHints":{"allow":["GET"]}}],"collection":[{"href":"https:\/\/kt.gov.rs\/sq\/wp-json\/wp\/v2\/posts"}],"about":[{"href":"https:\/\/kt.gov.rs\/sq\/wp-json\/wp\/v2\/types\/post"}],"author":[{"embeddable":true,"href":"https:\/\/kt.gov.rs\/sq\/wp-json\/wp\/v2\/users\/1"}],"replies":[{"embeddable":true,"href":"https:\/\/kt.gov.rs\/sq\/wp-json\/wp\/v2\/comments?post=106932"}],"version-history":[{"count":1,"href":"https:\/\/kt.gov.rs\/sq\/wp-json\/wp\/v2\/posts\/106932\/revisions"}],"predecessor-version":[{"id":106936,"href":"https:\/\/kt.gov.rs\/sq\/wp-json\/wp\/v2\/posts\/106932\/revisions\/106936"}],"wp:featuredmedia":[{"embeddable":true,"href":"https:\/\/kt.gov.rs\/sq\/wp-json\/wp\/v2\/media\/106937"}],"wp:attachment":[{"href":"https:\/\/kt.gov.rs\/sq\/wp-json\/wp\/v2\/media?parent=106932"}],"wp:term":[{"taxonomy":"category","embeddable":true,"href":"https:\/\/kt.gov.rs\/sq\/wp-json\/wp\/v2\/categories?post=106932"},{"taxonomy":"post_tag","embeddable":true,"href":"https:\/\/kt.gov.rs\/sq\/wp-json\/wp\/v2\/tags?post=106932"}],"curies":[{"name":"wp","href":"https:\/\/api.w.org\/{rel}","templated":true}]}}