{"id":106900,"date":"2022-12-12T00:00:00","date_gmt":"2022-12-12T00:00:00","guid":{"rendered":"http:\/\/kt.printandscreen.rs\/vogelushja-nga-bujanoci-serish-ne-skenen-e-teatrit-te-vrajes\/"},"modified":"2024-07-30T17:55:43","modified_gmt":"2024-07-30T17:55:43","slug":"vogelushja-nga-bujanoci-serish-ne-skenen-e-teatrit-te-vrajes","status":"publish","type":"post","link":"https:\/\/kt.gov.rs\/sq\/vogelushja-nga-bujanoci-serish-ne-skenen-e-teatrit-te-vrajes\/","title":{"rendered":"VOG\u00cbLUSHJA NGA BUJANOCI  S\u00cbRISH N\u00cb SKEN\u00cbN E TEATRIT T\u00cb VRAJ\u00cbS"},"content":{"rendered":"<p>\n\t<strong><img decoding=\"async\" alt=\"\" src=\"https:\/\/kt.gov.rs\/wp-content\/uploads\/2024\/07\/1670857676_121222_2-2.jpg\" style=\"width: 315px; height: 230px; float: left;\" \/><\/strong><strong>\u0411\u0443\u0458\u0430\u043d\u043e\u0432\u0430\u0446 \u2013 \u0411\u0435\u043e\u0433\u0440\u0430\u0434 \u2013<\/strong> \u00a0Aktorja e re nga Bujanoci, Sofija Arsiq, s\u00ebrish n\u00eb sken\u00ebn e teatrit t\u00eb Vranj\u00ebs, k\u00ebt\u00eb her\u00eb n\u00eb shfaqjen \u201cAventurat e Cedric Riddle\u201d. Sofia \u00ebsht\u00eb 11 vje\u00e7e dhe luan rolin e nj\u00eb vajze n\u00ebnt\u00ebvje\u00e7are n\u00eb shfaqje.<\/p>\n<p>\n\t\u00cbsht\u00eb interesante p\u00ebr mua t\u00eb kujtoj se si jam sjell\u00eb n\u00eb at\u00eb mosh\u00eb, tha Sofia, e cila fal\u00ebnderoi regjisorin dhe autorin \u201cp\u00ebr tekstin e shkruar mrekullisht\u201d si dhe drejtorin e teatrit.<br \/>\n\tP\u00ebr vet\u00eb shfaqjen, aktorja e re thot\u00eb se \u00ebsht\u00eb e destinuar p\u00ebr brezat e rinj, af\u00ebrsisht n\u00eb mosh\u00ebn time. F\u00ebmij\u00ebt nuk \u00ebnd\u00ebrrojn\u00eb m\u00eb, nuk besojn\u00eb n\u00eb magji dhe mendoj se pas t\u00eb dyja shfaqjeve f\u00ebmij\u00ebt do t\u00eb mendojn\u00eb n\u00ebse ajo ekziston v\u00ebrtet, tha Sofia para premier\u00ebs.<\/p>\n<p>\n\t<strong>Burimi: Bujanovacke,\u00a0 Sh\u00ebrbimi i Trupit \u00a0koordinues <\/strong><\/p>\n<p>\n\t\u00a0<\/p>\n","protected":false},"excerpt":{"rendered":"<p>\u0411\u0443\u0458\u0430\u043d\u043e\u0432\u0430\u0446 \u2013 \u0411\u0435\u043e\u0433\u0440\u0430\u0434 \u2013\u00a0\u00a0Aktorja e re nga Bujanoci, Sofija Arsiq, s\u00ebrish n\u00eb sken\u00ebn e teatrit t\u00eb Vranj\u00ebs, k\u00ebt\u00eb her\u00eb n\u00eb shfaqjen \u201cAventurat e Cedric Riddle\u201d. Sofia \u00ebsht\u00eb 11 vje\u00e7e dhe luan rolin e nj\u00eb vajze n\u00ebnt\u00ebvje\u00e7are n\u00eb shfaqje.<\/p>\n","protected":false},"author":1,"featured_media":106905,"comment_status":"closed","ping_status":"closed","sticky":false,"template":"","format":"standard","meta":{"footnotes":""},"categories":[55],"tags":[],"class_list":["post-106900","post","type-post","status-publish","format-standard","has-post-thumbnail","hentry","category-lajme"],"yoast_head":"<!-- This site is optimized with the Yoast SEO plugin v27.5 - https:\/\/yoast.com\/product\/yoast-seo-wordpress\/ -->\n<title>VOG\u00cbLUSHJA NGA BUJANOCI S\u00cbRISH N\u00cb SKEN\u00cbN E TEATRIT T\u00cb VRAJ\u00cbS - Republika e S\u00ebrbis\u00eb Trupi Koordinues p\u00ebr komunat Bujanoc, Preshev\u00eb dhe Medvegj\u00eb<\/title>\n<meta name=\"robots\" content=\"index, follow, max-snippet:-1, max-image-preview:large, max-video-preview:-1\" \/>\n<link rel=\"canonical\" href=\"https:\/\/kt.gov.rs\/sq\/vogelushja-nga-bujanoci-serish-ne-skenen-e-teatrit-te-vrajes\/\" \/>\n<meta property=\"og:locale\" content=\"sq_AL\" \/>\n<meta property=\"og:type\" content=\"article\" \/>\n<meta property=\"og:title\" content=\"VOG\u00cbLUSHJA NGA BUJANOCI S\u00cbRISH N\u00cb SKEN\u00cbN E TEATRIT T\u00cb VRAJ\u00cbS - Republika e S\u00ebrbis\u00eb Trupi Koordinues p\u00ebr komunat Bujanoc, Preshev\u00eb dhe Medvegj\u00eb\" \/>\n<meta property=\"og:description\" content=\"\u0411\u0443\u0458\u0430\u043d\u043e\u0432\u0430\u0446 \u2013 \u0411\u0435\u043e\u0433\u0440\u0430\u0434 -\u00a0\u00a0Aktorja e re nga Bujanoci, Sofija Arsiq, s\u00ebrish n\u00eb sken\u00ebn e teatrit t\u00eb Vranj\u00ebs, k\u00ebt\u00eb her\u00eb n\u00eb shfaqjen \u201cAventurat e Cedric Riddle\u201d. Sofia \u00ebsht\u00eb 11 vje\u00e7e dhe luan rolin e nj\u00eb vajze n\u00ebnt\u00ebvje\u00e7are n\u00eb shfaqje.\" \/>\n<meta property=\"og:url\" content=\"https:\/\/kt.gov.rs\/sq\/vogelushja-nga-bujanoci-serish-ne-skenen-e-teatrit-te-vrajes\/\" \/>\n<meta property=\"og:site_name\" content=\"Republika e S\u00ebrbis\u00eb Trupi Koordinues p\u00ebr komunat Bujanoc, Preshev\u00eb dhe Medvegj\u00eb\" \/>\n<meta property=\"article:publisher\" content=\"https:\/\/www.facebook.com\/SluzbaKoordinacionogTelaVladeRepublikeSrbije\" \/>\n<meta property=\"article:published_time\" content=\"2022-12-12T00:00:00+00:00\" \/>\n<meta property=\"article:modified_time\" content=\"2024-07-30T17:55:43+00:00\" \/>\n<meta property=\"og:image\" content=\"https:\/\/kt.gov.rs\/wp-content\/uploads\/2024\/07\/1670857676_121222_2-3.jpg\" \/>\n\t<meta property=\"og:image:width\" content=\"315\" \/>\n\t<meta property=\"og:image:height\" content=\"230\" \/>\n\t<meta property=\"og:image:type\" content=\"image\/jpeg\" \/>\n<meta name=\"author\" content=\"ktmin\" \/>\n<meta name=\"twitter:card\" content=\"summary_large_image\" \/>\n<meta name=\"twitter:creator\" content=\"@kt_gov\" \/>\n<meta name=\"twitter:site\" content=\"@kt_gov\" \/>\n<meta name=\"twitter:label1\" content=\"Written by\" \/>\n\t<meta name=\"twitter:data1\" content=\"ktmin\" \/>\n\t<meta name=\"twitter:label2\" content=\"Est. reading time\" \/>\n\t<meta name=\"twitter:data2\" content=\"1 minute\" \/>\n<script type=\"application\/ld+json\" class=\"yoast-schema-graph\">{\"@context\":\"https:\\\/\\\/schema.org\",\"@graph\":[{\"@type\":\"Article\",\"@id\":\"https:\\\/\\\/kt.gov.rs\\\/sq\\\/vogelushja-nga-bujanoci-serish-ne-skenen-e-teatrit-te-vrajes\\\/#article\",\"isPartOf\":{\"@id\":\"https:\\\/\\\/kt.gov.rs\\\/sq\\\/vogelushja-nga-bujanoci-serish-ne-skenen-e-teatrit-te-vrajes\\\/\"},\"author\":{\"name\":\"ktmin\",\"@id\":\"https:\\\/\\\/kt.gov.rs\\\/#\\\/schema\\\/person\\\/e426459ddb4173309103390602694571\"},\"headline\":\"VOG\u00cbLUSHJA NGA BUJANOCI S\u00cbRISH N\u00cb SKEN\u00cbN E TEATRIT T\u00cb VRAJ\u00cbS\",\"datePublished\":\"2022-12-12T00:00:00+00:00\",\"dateModified\":\"2024-07-30T17:55:43+00:00\",\"mainEntityOfPage\":{\"@id\":\"https:\\\/\\\/kt.gov.rs\\\/sq\\\/vogelushja-nga-bujanoci-serish-ne-skenen-e-teatrit-te-vrajes\\\/\"},\"wordCount\":220,\"publisher\":{\"@id\":\"https:\\\/\\\/kt.gov.rs\\\/#organization\"},\"image\":{\"@id\":\"https:\\\/\\\/kt.gov.rs\\\/sq\\\/vogelushja-nga-bujanoci-serish-ne-skenen-e-teatrit-te-vrajes\\\/#primaryimage\"},\"thumbnailUrl\":\"https:\\\/\\\/kt.gov.rs\\\/wp-content\\\/uploads\\\/2024\\\/07\\\/1670857676_121222_2-3.jpg\",\"articleSection\":[\"Lajme\"],\"inLanguage\":\"sq-AL\"},{\"@type\":\"WebPage\",\"@id\":\"https:\\\/\\\/kt.gov.rs\\\/sq\\\/vogelushja-nga-bujanoci-serish-ne-skenen-e-teatrit-te-vrajes\\\/\",\"url\":\"https:\\\/\\\/kt.gov.rs\\\/sq\\\/vogelushja-nga-bujanoci-serish-ne-skenen-e-teatrit-te-vrajes\\\/\",\"name\":\"VOG\u00cbLUSHJA NGA BUJANOCI S\u00cbRISH N\u00cb SKEN\u00cbN E TEATRIT T\u00cb VRAJ\u00cbS - Republika e S\u00ebrbis\u00eb Trupi Koordinues p\u00ebr komunat Bujanoc, Preshev\u00eb dhe Medvegj\u00eb\",\"isPartOf\":{\"@id\":\"https:\\\/\\\/kt.gov.rs\\\/#website\"},\"primaryImageOfPage\":{\"@id\":\"https:\\\/\\\/kt.gov.rs\\\/sq\\\/vogelushja-nga-bujanoci-serish-ne-skenen-e-teatrit-te-vrajes\\\/#primaryimage\"},\"image\":{\"@id\":\"https:\\\/\\\/kt.gov.rs\\\/sq\\\/vogelushja-nga-bujanoci-serish-ne-skenen-e-teatrit-te-vrajes\\\/#primaryimage\"},\"thumbnailUrl\":\"https:\\\/\\\/kt.gov.rs\\\/wp-content\\\/uploads\\\/2024\\\/07\\\/1670857676_121222_2-3.jpg\",\"datePublished\":\"2022-12-12T00:00:00+00:00\",\"dateModified\":\"2024-07-30T17:55:43+00:00\",\"breadcrumb\":{\"@id\":\"https:\\\/\\\/kt.gov.rs\\\/sq\\\/vogelushja-nga-bujanoci-serish-ne-skenen-e-teatrit-te-vrajes\\\/#breadcrumb\"},\"inLanguage\":\"sq-AL\",\"potentialAction\":[{\"@type\":\"ReadAction\",\"target\":[\"https:\\\/\\\/kt.gov.rs\\\/sq\\\/vogelushja-nga-bujanoci-serish-ne-skenen-e-teatrit-te-vrajes\\\/\"]}]},{\"@type\":\"ImageObject\",\"inLanguage\":\"sq-AL\",\"@id\":\"https:\\\/\\\/kt.gov.rs\\\/sq\\\/vogelushja-nga-bujanoci-serish-ne-skenen-e-teatrit-te-vrajes\\\/#primaryimage\",\"url\":\"https:\\\/\\\/kt.gov.rs\\\/wp-content\\\/uploads\\\/2024\\\/07\\\/1670857676_121222_2-3.jpg\",\"contentUrl\":\"https:\\\/\\\/kt.gov.rs\\\/wp-content\\\/uploads\\\/2024\\\/07\\\/1670857676_121222_2-3.jpg\",\"width\":315,\"height\":230},{\"@type\":\"BreadcrumbList\",\"@id\":\"https:\\\/\\\/kt.gov.rs\\\/sq\\\/vogelushja-nga-bujanoci-serish-ne-skenen-e-teatrit-te-vrajes\\\/#breadcrumb\",\"itemListElement\":[{\"@type\":\"ListItem\",\"position\":1,\"name\":\"\u041f\u043e\u0447\u0435\u0442\u043d\u0430\",\"item\":\"https:\\\/\\\/kt.gov.rs\\\/sq\\\/\"},{\"@type\":\"ListItem\",\"position\":2,\"name\":\"VOG\u00cbLUSHJA NGA BUJANOCI S\u00cbRISH N\u00cb SKEN\u00cbN E TEATRIT T\u00cb VRAJ\u00cbS\"}]},{\"@type\":\"WebSite\",\"@id\":\"https:\\\/\\\/kt.gov.rs\\\/#website\",\"url\":\"https:\\\/\\\/kt.gov.rs\\\/\",\"name\":\"\u041a\u043e\u043e\u0440\u0434\u0438\u043d\u0430\u0446\u0438\u043e\u043d\u043e \u0442\u0435\u043b\u043e \u0412\u043b\u0430\u0434\u0435 \u0420\u0435\u043f\u0443\u0431\u043b\u0438\u043a\u0435 \u0421\u0440\u0431\u0438\u0458\u0435 \u0437\u0430 \u043e\u043f\u0448\u0442\u0438\u043d\u0435 \u041f\u0440\u0435\u0448\u0435\u0432\u043e, \u0411\u0443\u0458\u0430\u043d\u043e\u0432\u0430\u0446 \u0438 \u041c\u0435\u0434\u0432\u0435\u0452a\",\"description\":\"\",\"publisher\":{\"@id\":\"https:\\\/\\\/kt.gov.rs\\\/#organization\"},\"alternateName\":\"\u041a\u043e\u043e\u0440\u0434\u0438\u043d\u0430\u0446\u0438\u043e\u043d\u043e \u0442\u0435\u043b\u043e\",\"potentialAction\":[{\"@type\":\"SearchAction\",\"target\":{\"@type\":\"EntryPoint\",\"urlTemplate\":\"https:\\\/\\\/kt.gov.rs\\\/?s={search_term_string}\"},\"query-input\":{\"@type\":\"PropertyValueSpecification\",\"valueRequired\":true,\"valueName\":\"search_term_string\"}}],\"inLanguage\":\"sq-AL\"},{\"@type\":\"Organization\",\"@id\":\"https:\\\/\\\/kt.gov.rs\\\/#organization\",\"name\":\"\u041a\u043e\u043e\u0440\u0434\u0438\u043d\u0430\u0446\u0438\u043e\u043d\u043e \u0442\u0435\u043b\u043e \u0412\u043b\u0430\u0434\u0435 \u0420\u0435\u043f\u0443\u0431\u043b\u0438\u043a\u0435 \u0421\u0440\u0431\u0438\u0458\u0435 \u0437\u0430 \u043e\u043f\u0448\u0442\u0438\u043d\u0435 \u041f\u0440\u0435\u0448\u0435\u0432\u043e, \u0411\u0443\u0458\u0430\u043d\u043e\u0432\u0430\u0446 \u0438 \u041c\u0435\u0434\u0432\u0435\u0452a\",\"alternateName\":\"\u041a\u043e\u043e\u0440\u0434\u0438\u043d\u0430\u0446\u0438\u043e\u043d\u043e \u0442\u0435\u043b\u043e\",\"url\":\"https:\\\/\\\/kt.gov.rs\\\/\",\"logo\":{\"@type\":\"ImageObject\",\"inLanguage\":\"sq-AL\",\"@id\":\"https:\\\/\\\/kt.gov.rs\\\/#\\\/schema\\\/logo\\\/image\\\/\",\"url\":\"https:\\\/\\\/kt.gov.rs\\\/wp-content\\\/uploads\\\/2024\\\/12\\\/koord2.jpg\",\"contentUrl\":\"https:\\\/\\\/kt.gov.rs\\\/wp-content\\\/uploads\\\/2024\\\/12\\\/koord2.jpg\",\"width\":640,\"height\":480,\"caption\":\"\u041a\u043e\u043e\u0440\u0434\u0438\u043d\u0430\u0446\u0438\u043e\u043d\u043e \u0442\u0435\u043b\u043e \u0412\u043b\u0430\u0434\u0435 \u0420\u0435\u043f\u0443\u0431\u043b\u0438\u043a\u0435 \u0421\u0440\u0431\u0438\u0458\u0435 \u0437\u0430 \u043e\u043f\u0448\u0442\u0438\u043d\u0435 \u041f\u0440\u0435\u0448\u0435\u0432\u043e, \u0411\u0443\u0458\u0430\u043d\u043e\u0432\u0430\u0446 \u0438 \u041c\u0435\u0434\u0432\u0435\u0452a\"},\"image\":{\"@id\":\"https:\\\/\\\/kt.gov.rs\\\/#\\\/schema\\\/logo\\\/image\\\/\"},\"sameAs\":[\"https:\\\/\\\/www.facebook.com\\\/SluzbaKoordinacionogTelaVladeRepublikeSrbije\",\"https:\\\/\\\/x.com\\\/kt_gov\",\"https:\\\/\\\/www.youtube.com\\\/@koordinacionotelo\"]},{\"@type\":\"Person\",\"@id\":\"https:\\\/\\\/kt.gov.rs\\\/#\\\/schema\\\/person\\\/e426459ddb4173309103390602694571\",\"name\":\"ktmin\",\"image\":{\"@type\":\"ImageObject\",\"inLanguage\":\"sq-AL\",\"@id\":\"https:\\\/\\\/secure.gravatar.com\\\/avatar\\\/3985c961109853010c3fbc7ba30365bfba5db3dd6c525831d9c595c7525a615a?s=96&d=mm&r=g\",\"url\":\"https:\\\/\\\/secure.gravatar.com\\\/avatar\\\/3985c961109853010c3fbc7ba30365bfba5db3dd6c525831d9c595c7525a615a?s=96&d=mm&r=g\",\"contentUrl\":\"https:\\\/\\\/secure.gravatar.com\\\/avatar\\\/3985c961109853010c3fbc7ba30365bfba5db3dd6c525831d9c595c7525a615a?s=96&d=mm&r=g\",\"caption\":\"ktmin\"},\"sameAs\":[\"https:\\\/\\\/kt.gov.rs\"],\"url\":\"https:\\\/\\\/kt.gov.rs\\\/sq\\\/author\\\/ktmin\\\/\"}]}<\/script>\n<!-- \/ Yoast SEO plugin. -->","yoast_head_json":{"title":"VOG\u00cbLUSHJA NGA BUJANOCI S\u00cbRISH N\u00cb SKEN\u00cbN E TEATRIT T\u00cb VRAJ\u00cbS - Republika e S\u00ebrbis\u00eb Trupi Koordinues p\u00ebr komunat Bujanoc, Preshev\u00eb dhe Medvegj\u00eb","robots":{"index":"index","follow":"follow","max-snippet":"max-snippet:-1","max-image-preview":"max-image-preview:large","max-video-preview":"max-video-preview:-1"},"canonical":"https:\/\/kt.gov.rs\/sq\/vogelushja-nga-bujanoci-serish-ne-skenen-e-teatrit-te-vrajes\/","og_locale":"sq_AL","og_type":"article","og_title":"VOG\u00cbLUSHJA NGA BUJANOCI S\u00cbRISH N\u00cb SKEN\u00cbN E TEATRIT T\u00cb VRAJ\u00cbS - Republika e S\u00ebrbis\u00eb Trupi Koordinues p\u00ebr komunat Bujanoc, Preshev\u00eb dhe Medvegj\u00eb","og_description":"\u0411\u0443\u0458\u0430\u043d\u043e\u0432\u0430\u0446 \u2013 \u0411\u0435\u043e\u0433\u0440\u0430\u0434 -\u00a0\u00a0Aktorja e re nga Bujanoci, Sofija Arsiq, s\u00ebrish n\u00eb sken\u00ebn e teatrit t\u00eb Vranj\u00ebs, k\u00ebt\u00eb her\u00eb n\u00eb shfaqjen \u201cAventurat e Cedric Riddle\u201d. Sofia \u00ebsht\u00eb 11 vje\u00e7e dhe luan rolin e nj\u00eb vajze n\u00ebnt\u00ebvje\u00e7are n\u00eb shfaqje.","og_url":"https:\/\/kt.gov.rs\/sq\/vogelushja-nga-bujanoci-serish-ne-skenen-e-teatrit-te-vrajes\/","og_site_name":"Republika e S\u00ebrbis\u00eb Trupi Koordinues p\u00ebr komunat Bujanoc, Preshev\u00eb dhe Medvegj\u00eb","article_publisher":"https:\/\/www.facebook.com\/SluzbaKoordinacionogTelaVladeRepublikeSrbije","article_published_time":"2022-12-12T00:00:00+00:00","article_modified_time":"2024-07-30T17:55:43+00:00","og_image":[{"width":315,"height":230,"url":"https:\/\/kt.gov.rs\/wp-content\/uploads\/2024\/07\/1670857676_121222_2-3.jpg","type":"image\/jpeg"}],"author":"ktmin","twitter_card":"summary_large_image","twitter_creator":"@kt_gov","twitter_site":"@kt_gov","twitter_misc":{"Written by":"ktmin","Est. reading time":"1 minute"},"schema":{"@context":"https:\/\/schema.org","@graph":[{"@type":"Article","@id":"https:\/\/kt.gov.rs\/sq\/vogelushja-nga-bujanoci-serish-ne-skenen-e-teatrit-te-vrajes\/#article","isPartOf":{"@id":"https:\/\/kt.gov.rs\/sq\/vogelushja-nga-bujanoci-serish-ne-skenen-e-teatrit-te-vrajes\/"},"author":{"name":"ktmin","@id":"https:\/\/kt.gov.rs\/#\/schema\/person\/e426459ddb4173309103390602694571"},"headline":"VOG\u00cbLUSHJA NGA BUJANOCI S\u00cbRISH N\u00cb SKEN\u00cbN E TEATRIT T\u00cb VRAJ\u00cbS","datePublished":"2022-12-12T00:00:00+00:00","dateModified":"2024-07-30T17:55:43+00:00","mainEntityOfPage":{"@id":"https:\/\/kt.gov.rs\/sq\/vogelushja-nga-bujanoci-serish-ne-skenen-e-teatrit-te-vrajes\/"},"wordCount":220,"publisher":{"@id":"https:\/\/kt.gov.rs\/#organization"},"image":{"@id":"https:\/\/kt.gov.rs\/sq\/vogelushja-nga-bujanoci-serish-ne-skenen-e-teatrit-te-vrajes\/#primaryimage"},"thumbnailUrl":"https:\/\/kt.gov.rs\/wp-content\/uploads\/2024\/07\/1670857676_121222_2-3.jpg","articleSection":["Lajme"],"inLanguage":"sq-AL"},{"@type":"WebPage","@id":"https:\/\/kt.gov.rs\/sq\/vogelushja-nga-bujanoci-serish-ne-skenen-e-teatrit-te-vrajes\/","url":"https:\/\/kt.gov.rs\/sq\/vogelushja-nga-bujanoci-serish-ne-skenen-e-teatrit-te-vrajes\/","name":"VOG\u00cbLUSHJA NGA BUJANOCI S\u00cbRISH N\u00cb SKEN\u00cbN E TEATRIT T\u00cb VRAJ\u00cbS - Republika e S\u00ebrbis\u00eb Trupi Koordinues p\u00ebr komunat Bujanoc, Preshev\u00eb dhe Medvegj\u00eb","isPartOf":{"@id":"https:\/\/kt.gov.rs\/#website"},"primaryImageOfPage":{"@id":"https:\/\/kt.gov.rs\/sq\/vogelushja-nga-bujanoci-serish-ne-skenen-e-teatrit-te-vrajes\/#primaryimage"},"image":{"@id":"https:\/\/kt.gov.rs\/sq\/vogelushja-nga-bujanoci-serish-ne-skenen-e-teatrit-te-vrajes\/#primaryimage"},"thumbnailUrl":"https:\/\/kt.gov.rs\/wp-content\/uploads\/2024\/07\/1670857676_121222_2-3.jpg","datePublished":"2022-12-12T00:00:00+00:00","dateModified":"2024-07-30T17:55:43+00:00","breadcrumb":{"@id":"https:\/\/kt.gov.rs\/sq\/vogelushja-nga-bujanoci-serish-ne-skenen-e-teatrit-te-vrajes\/#breadcrumb"},"inLanguage":"sq-AL","potentialAction":[{"@type":"ReadAction","target":["https:\/\/kt.gov.rs\/sq\/vogelushja-nga-bujanoci-serish-ne-skenen-e-teatrit-te-vrajes\/"]}]},{"@type":"ImageObject","inLanguage":"sq-AL","@id":"https:\/\/kt.gov.rs\/sq\/vogelushja-nga-bujanoci-serish-ne-skenen-e-teatrit-te-vrajes\/#primaryimage","url":"https:\/\/kt.gov.rs\/wp-content\/uploads\/2024\/07\/1670857676_121222_2-3.jpg","contentUrl":"https:\/\/kt.gov.rs\/wp-content\/uploads\/2024\/07\/1670857676_121222_2-3.jpg","width":315,"height":230},{"@type":"BreadcrumbList","@id":"https:\/\/kt.gov.rs\/sq\/vogelushja-nga-bujanoci-serish-ne-skenen-e-teatrit-te-vrajes\/#breadcrumb","itemListElement":[{"@type":"ListItem","position":1,"name":"\u041f\u043e\u0447\u0435\u0442\u043d\u0430","item":"https:\/\/kt.gov.rs\/sq\/"},{"@type":"ListItem","position":2,"name":"VOG\u00cbLUSHJA NGA BUJANOCI S\u00cbRISH N\u00cb SKEN\u00cbN E TEATRIT T\u00cb VRAJ\u00cbS"}]},{"@type":"WebSite","@id":"https:\/\/kt.gov.rs\/#website","url":"https:\/\/kt.gov.rs\/","name":"\u041a\u043e\u043e\u0440\u0434\u0438\u043d\u0430\u0446\u0438\u043e\u043d\u043e \u0442\u0435\u043b\u043e \u0412\u043b\u0430\u0434\u0435 \u0420\u0435\u043f\u0443\u0431\u043b\u0438\u043a\u0435 \u0421\u0440\u0431\u0438\u0458\u0435 \u0437\u0430 \u043e\u043f\u0448\u0442\u0438\u043d\u0435 \u041f\u0440\u0435\u0448\u0435\u0432\u043e, \u0411\u0443\u0458\u0430\u043d\u043e\u0432\u0430\u0446 \u0438 \u041c\u0435\u0434\u0432\u0435\u0452a","description":"","publisher":{"@id":"https:\/\/kt.gov.rs\/#organization"},"alternateName":"\u041a\u043e\u043e\u0440\u0434\u0438\u043d\u0430\u0446\u0438\u043e\u043d\u043e \u0442\u0435\u043b\u043e","potentialAction":[{"@type":"SearchAction","target":{"@type":"EntryPoint","urlTemplate":"https:\/\/kt.gov.rs\/?s={search_term_string}"},"query-input":{"@type":"PropertyValueSpecification","valueRequired":true,"valueName":"search_term_string"}}],"inLanguage":"sq-AL"},{"@type":"Organization","@id":"https:\/\/kt.gov.rs\/#organization","name":"\u041a\u043e\u043e\u0440\u0434\u0438\u043d\u0430\u0446\u0438\u043e\u043d\u043e \u0442\u0435\u043b\u043e \u0412\u043b\u0430\u0434\u0435 \u0420\u0435\u043f\u0443\u0431\u043b\u0438\u043a\u0435 \u0421\u0440\u0431\u0438\u0458\u0435 \u0437\u0430 \u043e\u043f\u0448\u0442\u0438\u043d\u0435 \u041f\u0440\u0435\u0448\u0435\u0432\u043e, \u0411\u0443\u0458\u0430\u043d\u043e\u0432\u0430\u0446 \u0438 \u041c\u0435\u0434\u0432\u0435\u0452a","alternateName":"\u041a\u043e\u043e\u0440\u0434\u0438\u043d\u0430\u0446\u0438\u043e\u043d\u043e \u0442\u0435\u043b\u043e","url":"https:\/\/kt.gov.rs\/","logo":{"@type":"ImageObject","inLanguage":"sq-AL","@id":"https:\/\/kt.gov.rs\/#\/schema\/logo\/image\/","url":"https:\/\/kt.gov.rs\/wp-content\/uploads\/2024\/12\/koord2.jpg","contentUrl":"https:\/\/kt.gov.rs\/wp-content\/uploads\/2024\/12\/koord2.jpg","width":640,"height":480,"caption":"\u041a\u043e\u043e\u0440\u0434\u0438\u043d\u0430\u0446\u0438\u043e\u043d\u043e \u0442\u0435\u043b\u043e \u0412\u043b\u0430\u0434\u0435 \u0420\u0435\u043f\u0443\u0431\u043b\u0438\u043a\u0435 \u0421\u0440\u0431\u0438\u0458\u0435 \u0437\u0430 \u043e\u043f\u0448\u0442\u0438\u043d\u0435 \u041f\u0440\u0435\u0448\u0435\u0432\u043e, \u0411\u0443\u0458\u0430\u043d\u043e\u0432\u0430\u0446 \u0438 \u041c\u0435\u0434\u0432\u0435\u0452a"},"image":{"@id":"https:\/\/kt.gov.rs\/#\/schema\/logo\/image\/"},"sameAs":["https:\/\/www.facebook.com\/SluzbaKoordinacionogTelaVladeRepublikeSrbije","https:\/\/x.com\/kt_gov","https:\/\/www.youtube.com\/@koordinacionotelo"]},{"@type":"Person","@id":"https:\/\/kt.gov.rs\/#\/schema\/person\/e426459ddb4173309103390602694571","name":"ktmin","image":{"@type":"ImageObject","inLanguage":"sq-AL","@id":"https:\/\/secure.gravatar.com\/avatar\/3985c961109853010c3fbc7ba30365bfba5db3dd6c525831d9c595c7525a615a?s=96&d=mm&r=g","url":"https:\/\/secure.gravatar.com\/avatar\/3985c961109853010c3fbc7ba30365bfba5db3dd6c525831d9c595c7525a615a?s=96&d=mm&r=g","contentUrl":"https:\/\/secure.gravatar.com\/avatar\/3985c961109853010c3fbc7ba30365bfba5db3dd6c525831d9c595c7525a615a?s=96&d=mm&r=g","caption":"ktmin"},"sameAs":["https:\/\/kt.gov.rs"],"url":"https:\/\/kt.gov.rs\/sq\/author\/ktmin\/"}]}},"_links":{"self":[{"href":"https:\/\/kt.gov.rs\/sq\/wp-json\/wp\/v2\/posts\/106900","targetHints":{"allow":["GET"]}}],"collection":[{"href":"https:\/\/kt.gov.rs\/sq\/wp-json\/wp\/v2\/posts"}],"about":[{"href":"https:\/\/kt.gov.rs\/sq\/wp-json\/wp\/v2\/types\/post"}],"author":[{"embeddable":true,"href":"https:\/\/kt.gov.rs\/sq\/wp-json\/wp\/v2\/users\/1"}],"replies":[{"embeddable":true,"href":"https:\/\/kt.gov.rs\/sq\/wp-json\/wp\/v2\/comments?post=106900"}],"version-history":[{"count":1,"href":"https:\/\/kt.gov.rs\/sq\/wp-json\/wp\/v2\/posts\/106900\/revisions"}],"predecessor-version":[{"id":106904,"href":"https:\/\/kt.gov.rs\/sq\/wp-json\/wp\/v2\/posts\/106900\/revisions\/106904"}],"wp:featuredmedia":[{"embeddable":true,"href":"https:\/\/kt.gov.rs\/sq\/wp-json\/wp\/v2\/media\/106905"}],"wp:attachment":[{"href":"https:\/\/kt.gov.rs\/sq\/wp-json\/wp\/v2\/media?parent=106900"}],"wp:term":[{"taxonomy":"category","embeddable":true,"href":"https:\/\/kt.gov.rs\/sq\/wp-json\/wp\/v2\/categories?post=106900"},{"taxonomy":"post_tag","embeddable":true,"href":"https:\/\/kt.gov.rs\/sq\/wp-json\/wp\/v2\/tags?post=106900"}],"curies":[{"name":"wp","href":"https:\/\/api.w.org\/{rel}","templated":true}]}}