{"id":106561,"date":"2023-03-17T00:00:00","date_gmt":"2023-03-17T00:00:00","guid":{"rendered":"http:\/\/kt.printandscreen.rs\/ftese-per-pjesetaret-e-pakices-kombetare-shqiptare-ne-prezentimin-e-procedures-se-zgjedhjes-te-anetareve-te-keshillit-kombetar-te-pakices-kombetare-shqiptare-permes-kuvendit-elektoral\/"},"modified":"2024-07-30T17:55:10","modified_gmt":"2024-07-30T17:55:10","slug":"ftese-per-pjesetaret-e-pakices-kombetare-shqiptare-ne-prezentimin-e-procedures-se-zgjedhjes-te-anetareve-te-keshillit-kombetar-te-pakices-kombetare-shqiptare-permes-kuvendit-elektoral","status":"publish","type":"post","link":"https:\/\/kt.gov.rs\/sq\/ftese-per-pjesetaret-e-pakices-kombetare-shqiptare-ne-prezentimin-e-procedures-se-zgjedhjes-te-anetareve-te-keshillit-kombetar-te-pakices-kombetare-shqiptare-permes-kuvendit-elektoral\/","title":{"rendered":"Ftes\u00eb p\u00ebr pjes\u00ebtar\u00ebt e pakic\u00ebs komb\u00ebtare shqiptare n\u00eb prezentimin e procedur\u00ebs s\u00eb zgjedhjes t\u00eb an\u00ebtar\u00ebve t\u00eb K\u00ebshillit Komb\u00ebtar t\u00eb Pakic\u00ebs Komb\u00ebtare Shqiptare p\u00ebrmes kuvendit elektoral"},"content":{"rendered":"<p>\n\t<img decoding=\"async\" alt=\"\" src=\"https:\/\/kt.gov.rs\/wp-content\/uploads\/2024\/07\/1679047197_170323_1-2.jpg\" style=\"width: 315px; height: 230px; float: left;\" \/>N\u00eb pritje t\u00eb zgjedhjeve t\u00eb ardhshme t\u00eb jasht\u00ebzakonshme p\u00ebr an\u00ebtar\u00ebt e K\u00ebshillit Komb\u00ebtar t\u00eb Pakic\u00ebs Komb\u00ebtare Shqiptare, t\u00eb cilat do t\u00eb mbahen n\u00ebp\u00ebrmjet kuvendit elektoral, Ministria p\u00ebr t\u00eb Drejtat e Njeriut dhe t\u00eb Pakicave dhe Dialogut Shoq\u00ebror, Komisioni Republikan Zgjedhor dhe Sh\u00ebrbimi i Trupit Koordinues i Qeveris\u00eb s\u00eb Republik\u00ebs s\u00eb Serbis\u00eb p\u00ebr komunat Preshev\u00eb, Bujanoc dhe Medvegj\u00eb, me mb\u00ebshtetjen e Misionit t\u00eb OSBE-s\u00eb n\u00eb Republik\u00ebn e Serbis\u00eb do t\u00eb organizoj\u00eb n\u00eb Bujanoc, Preshev\u00eb dhe Medvegj\u00eb prezantimin e procedur\u00ebs zgjedhore me q\u00ebllim t\u00eb informimit t\u00eb pjes\u00ebtar\u00ebve t\u00eb pakic\u00ebs komb\u00ebtare shqiptare mbi procedurat e p\u00ebrcaktuara p\u00ebr paraqitjen e k\u00ebrkesave elektorale dhe zbatimin e kuvendit elektoral.<\/p>\n<p>\n\tPrezantimi do t\u00eb organizohet n\u00eb ternimet m\u00ebposht\u00ebm:<\/p>\n<p>\n\t\u2013 M\u00eb 21.03.2023, n\u00eb Medvegj\u00eb, n\u00eb ora 13:30, n\u00eb Qendr\u00ebn Kulturore t\u00eb Komun\u00ebs s\u00eb Medvegj\u00ebs, rr. Jabllani\u00e7ka 63.<\/p>\n<p>\n\t\u2013 M\u00eb 22.03.2023, n\u00eb Bujanoc, n\u00eb ora 10:00, n\u00eb amfiteatrin e Departamentit t\u00eb Fakultetit Ekonomik t\u00eb Subotic\u00ebs n\u00eb Bujanoc, rr. Kara\u0111or\u0111e Petrovi\u0107 pn.<\/p>\n<p>\n\t\u2013 M\u00eb 22 mars 2023, n\u00eb Preshev\u00eb, n\u00eb ora 15, n\u00eb Sht\u00ebpin\u00eb e Kultur\u00ebs &quot;Abdulla Krashnica&quot;, rruga 15 N\u00ebntori nr. 90.<\/p>\n<p>\n\tFtojm\u00eb t\u00eb gjith\u00eb pj\u00ebstar\u00ebt e interesuar t\u00eb pakic\u00ebs komb\u00ebtare shqiptare q\u00eb d\u00ebshirojn\u00eb t\u00eb marrin pjes\u00eb n\u00eb zgjedhjet elektorale p\u00ebr an\u00ebtar\u00eb t\u00eb K\u00ebshillit Komb\u00ebtar t\u00eb Pakic\u00ebs Komb\u00ebtare Shqiptare t\u00eb prezentojn\u00eb n\u00eb k\u00ebto prezantime.<\/p>\n<p>\n\tKujtojm\u00eb opinionin publik se pas zgjedhjeve t\u00eb rregullta p\u00ebr an\u00ebtar\u00eb t\u00eb k\u00ebshillave komb\u00ebtare t\u00eb pakicave komb\u00ebtare t\u00eb mbajtura m\u00eb 13 n\u00ebntor 2022, K\u00ebshilli Komb\u00ebtar i Pakic\u00ebs Komb\u00ebtare Shqiptare u konstituua n\u00eb seanc\u00ebn e mbajtur m\u00eb 14 dhjetor 2022. Duke pasur parasysh se listat zgjedhore q\u00eb fituan mandatet nuk arrit\u00ebn marr\u00ebveshje p\u00ebr zgjedhjen e kryetarit t\u00eb p\u00ebrb\u00ebrjes s\u00eb re t\u00eb K\u00ebshillit Komb\u00ebtar, n\u00eb p\u00ebrputhje me nenin 40 t\u00eb Ligjit p\u00ebr K\u00ebshillat Komb\u00ebtar\u00eb t\u00eb Pakicave Komb\u00ebtare, m\u00eb 1 mars 2023, ky K\u00ebshill Komb\u00ebtar u shp\u00ebrb\u00eb dhe \u00ebsht\u00eb formuar organi i p\u00ebrkohsh\u00ebm drejtues q\u00eb kryen pun\u00eb rrjedh\u00ebse dhe t\u00eb domosdoshme deri n\u00eb konstituimin e ri t\u00eb p\u00ebrbj\u00ebrjes s\u00eb k\u00ebshillit komb\u00ebtar. N\u00eb p\u00ebrputhje me ligjin, brenda 60 dit\u00ebve nga shp\u00ebrndarja e K\u00ebshillit Komb\u00ebtar shpallen zgjedhjet e jasht\u00ebzakonshme, t\u00eb cilat mbahen n\u00ebp\u00ebrmjet kuvendit elektoral.<\/p>\n<p>\n\t\u00a0<\/p>\n","protected":false},"excerpt":{"rendered":"<p>N\u00eb pritje t\u00eb zgjedhjeve t\u00eb ardhshme t\u00eb jasht\u00ebzakonshme p\u00ebr an\u00ebtar\u00ebt e K\u00ebshillit Komb\u00ebtar t\u00eb Pakic\u00ebs Komb\u00ebtare Shqiptare, t\u00eb cilat do t\u00eb mbahen n\u00ebp\u00ebrmjet kuvendit elektoral, Ministria p\u00ebr t\u00eb Drejtat e Njeriut dhe t\u00eb Pakicave dhe Dialogut Shoq\u00ebror\u2026<\/p>\n","protected":false},"author":1,"featured_media":106566,"comment_status":"closed","ping_status":"closed","sticky":false,"template":"","format":"standard","meta":{"footnotes":""},"categories":[55],"tags":[],"class_list":["post-106561","post","type-post","status-publish","format-standard","has-post-thumbnail","hentry","category-lajme"],"yoast_head":"<!-- This site is optimized with the Yoast SEO plugin v27.5 - https:\/\/yoast.com\/product\/yoast-seo-wordpress\/ -->\n<title>Ftes\u00eb p\u00ebr pjes\u00ebtar\u00ebt e pakic\u00ebs komb\u00ebtare shqiptare n\u00eb prezentimin e procedur\u00ebs s\u00eb zgjedhjes t\u00eb an\u00ebtar\u00ebve t\u00eb K\u00ebshillit Komb\u00ebtar t\u00eb Pakic\u00ebs Komb\u00ebtare Shqiptare p\u00ebrmes kuvendit elektoral - Republika e S\u00ebrbis\u00eb Trupi Koordinues p\u00ebr komunat Bujanoc, Preshev\u00eb dhe Medvegj\u00eb<\/title>\n<meta name=\"robots\" content=\"index, follow, max-snippet:-1, max-image-preview:large, max-video-preview:-1\" \/>\n<link rel=\"canonical\" href=\"https:\/\/kt.gov.rs\/sq\/ftese-per-pjesetaret-e-pakices-kombetare-shqiptare-ne-prezentimin-e-procedures-se-zgjedhjes-te-anetareve-te-keshillit-kombetar-te-pakices-kombetare-shqiptare-permes-kuvendit-elektoral\/\" \/>\n<meta property=\"og:locale\" content=\"sq_AL\" \/>\n<meta property=\"og:type\" content=\"article\" \/>\n<meta property=\"og:title\" content=\"Ftes\u00eb p\u00ebr pjes\u00ebtar\u00ebt e pakic\u00ebs komb\u00ebtare shqiptare n\u00eb prezentimin e procedur\u00ebs s\u00eb zgjedhjes t\u00eb an\u00ebtar\u00ebve t\u00eb K\u00ebshillit Komb\u00ebtar t\u00eb Pakic\u00ebs Komb\u00ebtare Shqiptare p\u00ebrmes kuvendit elektoral - Republika e S\u00ebrbis\u00eb Trupi Koordinues p\u00ebr komunat Bujanoc, Preshev\u00eb dhe Medvegj\u00eb\" \/>\n<meta property=\"og:description\" content=\"N\u00eb pritje t\u00eb zgjedhjeve t\u00eb ardhshme t\u00eb jasht\u00ebzakonshme p\u00ebr an\u00ebtar\u00ebt e K\u00ebshillit Komb\u00ebtar t\u00eb Pakic\u00ebs Komb\u00ebtare Shqiptare, t\u00eb cilat do t\u00eb mbahen n\u00ebp\u00ebrmjet kuvendit elektoral, Ministria p\u00ebr t\u00eb Drejtat e Njeriut dhe t\u00eb Pakicave dhe Dialogut Shoq\u00ebror...\" \/>\n<meta property=\"og:url\" content=\"https:\/\/kt.gov.rs\/sq\/ftese-per-pjesetaret-e-pakices-kombetare-shqiptare-ne-prezentimin-e-procedures-se-zgjedhjes-te-anetareve-te-keshillit-kombetar-te-pakices-kombetare-shqiptare-permes-kuvendit-elektoral\/\" \/>\n<meta property=\"og:site_name\" content=\"Republika e S\u00ebrbis\u00eb Trupi Koordinues p\u00ebr komunat Bujanoc, Preshev\u00eb dhe Medvegj\u00eb\" \/>\n<meta property=\"article:publisher\" content=\"https:\/\/www.facebook.com\/SluzbaKoordinacionogTelaVladeRepublikeSrbije\" \/>\n<meta property=\"article:published_time\" content=\"2023-03-17T00:00:00+00:00\" \/>\n<meta property=\"article:modified_time\" content=\"2024-07-30T17:55:10+00:00\" \/>\n<meta property=\"og:image\" content=\"https:\/\/kt.gov.rs\/wp-content\/uploads\/2024\/07\/1679047197_170323_1-3.jpg\" \/>\n\t<meta property=\"og:image:width\" content=\"315\" \/>\n\t<meta property=\"og:image:height\" content=\"230\" \/>\n\t<meta property=\"og:image:type\" content=\"image\/jpeg\" \/>\n<meta name=\"author\" content=\"ktmin\" \/>\n<meta name=\"twitter:card\" content=\"summary_large_image\" \/>\n<meta name=\"twitter:creator\" content=\"@kt_gov\" \/>\n<meta name=\"twitter:site\" content=\"@kt_gov\" \/>\n<meta name=\"twitter:label1\" content=\"Written by\" \/>\n\t<meta name=\"twitter:data1\" content=\"ktmin\" \/>\n\t<meta name=\"twitter:label2\" content=\"Est. reading time\" \/>\n\t<meta name=\"twitter:data2\" content=\"3 minutes\" \/>\n<script type=\"application\/ld+json\" class=\"yoast-schema-graph\">{\"@context\":\"https:\\\/\\\/schema.org\",\"@graph\":[{\"@type\":\"Article\",\"@id\":\"https:\\\/\\\/kt.gov.rs\\\/sq\\\/ftese-per-pjesetaret-e-pakices-kombetare-shqiptare-ne-prezentimin-e-procedures-se-zgjedhjes-te-anetareve-te-keshillit-kombetar-te-pakices-kombetare-shqiptare-permes-kuvendit-elektoral\\\/#article\",\"isPartOf\":{\"@id\":\"https:\\\/\\\/kt.gov.rs\\\/sq\\\/ftese-per-pjesetaret-e-pakices-kombetare-shqiptare-ne-prezentimin-e-procedures-se-zgjedhjes-te-anetareve-te-keshillit-kombetar-te-pakices-kombetare-shqiptare-permes-kuvendit-elektoral\\\/\"},\"author\":{\"name\":\"ktmin\",\"@id\":\"https:\\\/\\\/kt.gov.rs\\\/#\\\/schema\\\/person\\\/e426459ddb4173309103390602694571\"},\"headline\":\"Ftes\u00eb p\u00ebr pjes\u00ebtar\u00ebt e pakic\u00ebs komb\u00ebtare shqiptare n\u00eb prezentimin e procedur\u00ebs s\u00eb zgjedhjes t\u00eb an\u00ebtar\u00ebve t\u00eb K\u00ebshillit Komb\u00ebtar t\u00eb Pakic\u00ebs Komb\u00ebtare Shqiptare p\u00ebrmes kuvendit elektoral\",\"datePublished\":\"2023-03-17T00:00:00+00:00\",\"dateModified\":\"2024-07-30T17:55:10+00:00\",\"mainEntityOfPage\":{\"@id\":\"https:\\\/\\\/kt.gov.rs\\\/sq\\\/ftese-per-pjesetaret-e-pakices-kombetare-shqiptare-ne-prezentimin-e-procedures-se-zgjedhjes-te-anetareve-te-keshillit-kombetar-te-pakices-kombetare-shqiptare-permes-kuvendit-elektoral\\\/\"},\"wordCount\":629,\"publisher\":{\"@id\":\"https:\\\/\\\/kt.gov.rs\\\/#organization\"},\"image\":{\"@id\":\"https:\\\/\\\/kt.gov.rs\\\/sq\\\/ftese-per-pjesetaret-e-pakices-kombetare-shqiptare-ne-prezentimin-e-procedures-se-zgjedhjes-te-anetareve-te-keshillit-kombetar-te-pakices-kombetare-shqiptare-permes-kuvendit-elektoral\\\/#primaryimage\"},\"thumbnailUrl\":\"https:\\\/\\\/kt.gov.rs\\\/wp-content\\\/uploads\\\/2024\\\/07\\\/1679047197_170323_1-3.jpg\",\"articleSection\":[\"Lajme\"],\"inLanguage\":\"sq-AL\"},{\"@type\":\"WebPage\",\"@id\":\"https:\\\/\\\/kt.gov.rs\\\/sq\\\/ftese-per-pjesetaret-e-pakices-kombetare-shqiptare-ne-prezentimin-e-procedures-se-zgjedhjes-te-anetareve-te-keshillit-kombetar-te-pakices-kombetare-shqiptare-permes-kuvendit-elektoral\\\/\",\"url\":\"https:\\\/\\\/kt.gov.rs\\\/sq\\\/ftese-per-pjesetaret-e-pakices-kombetare-shqiptare-ne-prezentimin-e-procedures-se-zgjedhjes-te-anetareve-te-keshillit-kombetar-te-pakices-kombetare-shqiptare-permes-kuvendit-elektoral\\\/\",\"name\":\"Ftes\u00eb p\u00ebr pjes\u00ebtar\u00ebt e pakic\u00ebs komb\u00ebtare shqiptare n\u00eb prezentimin e procedur\u00ebs s\u00eb zgjedhjes t\u00eb an\u00ebtar\u00ebve t\u00eb K\u00ebshillit Komb\u00ebtar t\u00eb Pakic\u00ebs Komb\u00ebtare Shqiptare p\u00ebrmes kuvendit elektoral - Republika e S\u00ebrbis\u00eb Trupi Koordinues p\u00ebr komunat Bujanoc, Preshev\u00eb dhe Medvegj\u00eb\",\"isPartOf\":{\"@id\":\"https:\\\/\\\/kt.gov.rs\\\/#website\"},\"primaryImageOfPage\":{\"@id\":\"https:\\\/\\\/kt.gov.rs\\\/sq\\\/ftese-per-pjesetaret-e-pakices-kombetare-shqiptare-ne-prezentimin-e-procedures-se-zgjedhjes-te-anetareve-te-keshillit-kombetar-te-pakices-kombetare-shqiptare-permes-kuvendit-elektoral\\\/#primaryimage\"},\"image\":{\"@id\":\"https:\\\/\\\/kt.gov.rs\\\/sq\\\/ftese-per-pjesetaret-e-pakices-kombetare-shqiptare-ne-prezentimin-e-procedures-se-zgjedhjes-te-anetareve-te-keshillit-kombetar-te-pakices-kombetare-shqiptare-permes-kuvendit-elektoral\\\/#primaryimage\"},\"thumbnailUrl\":\"https:\\\/\\\/kt.gov.rs\\\/wp-content\\\/uploads\\\/2024\\\/07\\\/1679047197_170323_1-3.jpg\",\"datePublished\":\"2023-03-17T00:00:00+00:00\",\"dateModified\":\"2024-07-30T17:55:10+00:00\",\"breadcrumb\":{\"@id\":\"https:\\\/\\\/kt.gov.rs\\\/sq\\\/ftese-per-pjesetaret-e-pakices-kombetare-shqiptare-ne-prezentimin-e-procedures-se-zgjedhjes-te-anetareve-te-keshillit-kombetar-te-pakices-kombetare-shqiptare-permes-kuvendit-elektoral\\\/#breadcrumb\"},\"inLanguage\":\"sq-AL\",\"potentialAction\":[{\"@type\":\"ReadAction\",\"target\":[\"https:\\\/\\\/kt.gov.rs\\\/sq\\\/ftese-per-pjesetaret-e-pakices-kombetare-shqiptare-ne-prezentimin-e-procedures-se-zgjedhjes-te-anetareve-te-keshillit-kombetar-te-pakices-kombetare-shqiptare-permes-kuvendit-elektoral\\\/\"]}]},{\"@type\":\"ImageObject\",\"inLanguage\":\"sq-AL\",\"@id\":\"https:\\\/\\\/kt.gov.rs\\\/sq\\\/ftese-per-pjesetaret-e-pakices-kombetare-shqiptare-ne-prezentimin-e-procedures-se-zgjedhjes-te-anetareve-te-keshillit-kombetar-te-pakices-kombetare-shqiptare-permes-kuvendit-elektoral\\\/#primaryimage\",\"url\":\"https:\\\/\\\/kt.gov.rs\\\/wp-content\\\/uploads\\\/2024\\\/07\\\/1679047197_170323_1-3.jpg\",\"contentUrl\":\"https:\\\/\\\/kt.gov.rs\\\/wp-content\\\/uploads\\\/2024\\\/07\\\/1679047197_170323_1-3.jpg\",\"width\":315,\"height\":230},{\"@type\":\"BreadcrumbList\",\"@id\":\"https:\\\/\\\/kt.gov.rs\\\/sq\\\/ftese-per-pjesetaret-e-pakices-kombetare-shqiptare-ne-prezentimin-e-procedures-se-zgjedhjes-te-anetareve-te-keshillit-kombetar-te-pakices-kombetare-shqiptare-permes-kuvendit-elektoral\\\/#breadcrumb\",\"itemListElement\":[{\"@type\":\"ListItem\",\"position\":1,\"name\":\"\u041f\u043e\u0447\u0435\u0442\u043d\u0430\",\"item\":\"https:\\\/\\\/kt.gov.rs\\\/sq\\\/\"},{\"@type\":\"ListItem\",\"position\":2,\"name\":\"Ftes\u00eb p\u00ebr pjes\u00ebtar\u00ebt e pakic\u00ebs komb\u00ebtare shqiptare n\u00eb prezentimin e procedur\u00ebs s\u00eb zgjedhjes t\u00eb an\u00ebtar\u00ebve t\u00eb K\u00ebshillit Komb\u00ebtar t\u00eb Pakic\u00ebs Komb\u00ebtare Shqiptare p\u00ebrmes kuvendit elektoral\"}]},{\"@type\":\"WebSite\",\"@id\":\"https:\\\/\\\/kt.gov.rs\\\/#website\",\"url\":\"https:\\\/\\\/kt.gov.rs\\\/\",\"name\":\"\u041a\u043e\u043e\u0440\u0434\u0438\u043d\u0430\u0446\u0438\u043e\u043d\u043e \u0442\u0435\u043b\u043e \u0412\u043b\u0430\u0434\u0435 \u0420\u0435\u043f\u0443\u0431\u043b\u0438\u043a\u0435 \u0421\u0440\u0431\u0438\u0458\u0435 \u0437\u0430 \u043e\u043f\u0448\u0442\u0438\u043d\u0435 \u041f\u0440\u0435\u0448\u0435\u0432\u043e, \u0411\u0443\u0458\u0430\u043d\u043e\u0432\u0430\u0446 \u0438 \u041c\u0435\u0434\u0432\u0435\u0452a\",\"description\":\"\",\"publisher\":{\"@id\":\"https:\\\/\\\/kt.gov.rs\\\/#organization\"},\"alternateName\":\"\u041a\u043e\u043e\u0440\u0434\u0438\u043d\u0430\u0446\u0438\u043e\u043d\u043e \u0442\u0435\u043b\u043e\",\"potentialAction\":[{\"@type\":\"SearchAction\",\"target\":{\"@type\":\"EntryPoint\",\"urlTemplate\":\"https:\\\/\\\/kt.gov.rs\\\/?s={search_term_string}\"},\"query-input\":{\"@type\":\"PropertyValueSpecification\",\"valueRequired\":true,\"valueName\":\"search_term_string\"}}],\"inLanguage\":\"sq-AL\"},{\"@type\":\"Organization\",\"@id\":\"https:\\\/\\\/kt.gov.rs\\\/#organization\",\"name\":\"\u041a\u043e\u043e\u0440\u0434\u0438\u043d\u0430\u0446\u0438\u043e\u043d\u043e \u0442\u0435\u043b\u043e \u0412\u043b\u0430\u0434\u0435 \u0420\u0435\u043f\u0443\u0431\u043b\u0438\u043a\u0435 \u0421\u0440\u0431\u0438\u0458\u0435 \u0437\u0430 \u043e\u043f\u0448\u0442\u0438\u043d\u0435 \u041f\u0440\u0435\u0448\u0435\u0432\u043e, \u0411\u0443\u0458\u0430\u043d\u043e\u0432\u0430\u0446 \u0438 \u041c\u0435\u0434\u0432\u0435\u0452a\",\"alternateName\":\"\u041a\u043e\u043e\u0440\u0434\u0438\u043d\u0430\u0446\u0438\u043e\u043d\u043e \u0442\u0435\u043b\u043e\",\"url\":\"https:\\\/\\\/kt.gov.rs\\\/\",\"logo\":{\"@type\":\"ImageObject\",\"inLanguage\":\"sq-AL\",\"@id\":\"https:\\\/\\\/kt.gov.rs\\\/#\\\/schema\\\/logo\\\/image\\\/\",\"url\":\"https:\\\/\\\/kt.gov.rs\\\/wp-content\\\/uploads\\\/2024\\\/12\\\/koord2.jpg\",\"contentUrl\":\"https:\\\/\\\/kt.gov.rs\\\/wp-content\\\/uploads\\\/2024\\\/12\\\/koord2.jpg\",\"width\":640,\"height\":480,\"caption\":\"\u041a\u043e\u043e\u0440\u0434\u0438\u043d\u0430\u0446\u0438\u043e\u043d\u043e \u0442\u0435\u043b\u043e \u0412\u043b\u0430\u0434\u0435 \u0420\u0435\u043f\u0443\u0431\u043b\u0438\u043a\u0435 \u0421\u0440\u0431\u0438\u0458\u0435 \u0437\u0430 \u043e\u043f\u0448\u0442\u0438\u043d\u0435 \u041f\u0440\u0435\u0448\u0435\u0432\u043e, \u0411\u0443\u0458\u0430\u043d\u043e\u0432\u0430\u0446 \u0438 \u041c\u0435\u0434\u0432\u0435\u0452a\"},\"image\":{\"@id\":\"https:\\\/\\\/kt.gov.rs\\\/#\\\/schema\\\/logo\\\/image\\\/\"},\"sameAs\":[\"https:\\\/\\\/www.facebook.com\\\/SluzbaKoordinacionogTelaVladeRepublikeSrbije\",\"https:\\\/\\\/x.com\\\/kt_gov\",\"https:\\\/\\\/www.youtube.com\\\/@koordinacionotelo\"]},{\"@type\":\"Person\",\"@id\":\"https:\\\/\\\/kt.gov.rs\\\/#\\\/schema\\\/person\\\/e426459ddb4173309103390602694571\",\"name\":\"ktmin\",\"image\":{\"@type\":\"ImageObject\",\"inLanguage\":\"sq-AL\",\"@id\":\"https:\\\/\\\/secure.gravatar.com\\\/avatar\\\/3985c961109853010c3fbc7ba30365bfba5db3dd6c525831d9c595c7525a615a?s=96&d=mm&r=g\",\"url\":\"https:\\\/\\\/secure.gravatar.com\\\/avatar\\\/3985c961109853010c3fbc7ba30365bfba5db3dd6c525831d9c595c7525a615a?s=96&d=mm&r=g\",\"contentUrl\":\"https:\\\/\\\/secure.gravatar.com\\\/avatar\\\/3985c961109853010c3fbc7ba30365bfba5db3dd6c525831d9c595c7525a615a?s=96&d=mm&r=g\",\"caption\":\"ktmin\"},\"sameAs\":[\"https:\\\/\\\/kt.gov.rs\"],\"url\":\"https:\\\/\\\/kt.gov.rs\\\/sq\\\/author\\\/ktmin\\\/\"}]}<\/script>\n<!-- \/ Yoast SEO plugin. -->","yoast_head_json":{"title":"Ftes\u00eb p\u00ebr pjes\u00ebtar\u00ebt e pakic\u00ebs komb\u00ebtare shqiptare n\u00eb prezentimin e procedur\u00ebs s\u00eb zgjedhjes t\u00eb an\u00ebtar\u00ebve t\u00eb K\u00ebshillit Komb\u00ebtar t\u00eb Pakic\u00ebs Komb\u00ebtare Shqiptare p\u00ebrmes kuvendit elektoral - Republika e S\u00ebrbis\u00eb Trupi Koordinues p\u00ebr komunat Bujanoc, Preshev\u00eb dhe Medvegj\u00eb","robots":{"index":"index","follow":"follow","max-snippet":"max-snippet:-1","max-image-preview":"max-image-preview:large","max-video-preview":"max-video-preview:-1"},"canonical":"https:\/\/kt.gov.rs\/sq\/ftese-per-pjesetaret-e-pakices-kombetare-shqiptare-ne-prezentimin-e-procedures-se-zgjedhjes-te-anetareve-te-keshillit-kombetar-te-pakices-kombetare-shqiptare-permes-kuvendit-elektoral\/","og_locale":"sq_AL","og_type":"article","og_title":"Ftes\u00eb p\u00ebr pjes\u00ebtar\u00ebt e pakic\u00ebs komb\u00ebtare shqiptare n\u00eb prezentimin e procedur\u00ebs s\u00eb zgjedhjes t\u00eb an\u00ebtar\u00ebve t\u00eb K\u00ebshillit Komb\u00ebtar t\u00eb Pakic\u00ebs Komb\u00ebtare Shqiptare p\u00ebrmes kuvendit elektoral - Republika e S\u00ebrbis\u00eb Trupi Koordinues p\u00ebr komunat Bujanoc, Preshev\u00eb dhe Medvegj\u00eb","og_description":"N\u00eb pritje t\u00eb zgjedhjeve t\u00eb ardhshme t\u00eb jasht\u00ebzakonshme p\u00ebr an\u00ebtar\u00ebt e K\u00ebshillit Komb\u00ebtar t\u00eb Pakic\u00ebs Komb\u00ebtare Shqiptare, t\u00eb cilat do t\u00eb mbahen n\u00ebp\u00ebrmjet kuvendit elektoral, Ministria p\u00ebr t\u00eb Drejtat e Njeriut dhe t\u00eb Pakicave dhe Dialogut Shoq\u00ebror...","og_url":"https:\/\/kt.gov.rs\/sq\/ftese-per-pjesetaret-e-pakices-kombetare-shqiptare-ne-prezentimin-e-procedures-se-zgjedhjes-te-anetareve-te-keshillit-kombetar-te-pakices-kombetare-shqiptare-permes-kuvendit-elektoral\/","og_site_name":"Republika e S\u00ebrbis\u00eb Trupi Koordinues p\u00ebr komunat Bujanoc, Preshev\u00eb dhe Medvegj\u00eb","article_publisher":"https:\/\/www.facebook.com\/SluzbaKoordinacionogTelaVladeRepublikeSrbije","article_published_time":"2023-03-17T00:00:00+00:00","article_modified_time":"2024-07-30T17:55:10+00:00","og_image":[{"width":315,"height":230,"url":"https:\/\/kt.gov.rs\/wp-content\/uploads\/2024\/07\/1679047197_170323_1-3.jpg","type":"image\/jpeg"}],"author":"ktmin","twitter_card":"summary_large_image","twitter_creator":"@kt_gov","twitter_site":"@kt_gov","twitter_misc":{"Written by":"ktmin","Est. reading time":"3 minutes"},"schema":{"@context":"https:\/\/schema.org","@graph":[{"@type":"Article","@id":"https:\/\/kt.gov.rs\/sq\/ftese-per-pjesetaret-e-pakices-kombetare-shqiptare-ne-prezentimin-e-procedures-se-zgjedhjes-te-anetareve-te-keshillit-kombetar-te-pakices-kombetare-shqiptare-permes-kuvendit-elektoral\/#article","isPartOf":{"@id":"https:\/\/kt.gov.rs\/sq\/ftese-per-pjesetaret-e-pakices-kombetare-shqiptare-ne-prezentimin-e-procedures-se-zgjedhjes-te-anetareve-te-keshillit-kombetar-te-pakices-kombetare-shqiptare-permes-kuvendit-elektoral\/"},"author":{"name":"ktmin","@id":"https:\/\/kt.gov.rs\/#\/schema\/person\/e426459ddb4173309103390602694571"},"headline":"Ftes\u00eb p\u00ebr pjes\u00ebtar\u00ebt e pakic\u00ebs komb\u00ebtare shqiptare n\u00eb prezentimin e procedur\u00ebs s\u00eb zgjedhjes t\u00eb an\u00ebtar\u00ebve t\u00eb K\u00ebshillit Komb\u00ebtar t\u00eb Pakic\u00ebs Komb\u00ebtare Shqiptare p\u00ebrmes kuvendit elektoral","datePublished":"2023-03-17T00:00:00+00:00","dateModified":"2024-07-30T17:55:10+00:00","mainEntityOfPage":{"@id":"https:\/\/kt.gov.rs\/sq\/ftese-per-pjesetaret-e-pakices-kombetare-shqiptare-ne-prezentimin-e-procedures-se-zgjedhjes-te-anetareve-te-keshillit-kombetar-te-pakices-kombetare-shqiptare-permes-kuvendit-elektoral\/"},"wordCount":629,"publisher":{"@id":"https:\/\/kt.gov.rs\/#organization"},"image":{"@id":"https:\/\/kt.gov.rs\/sq\/ftese-per-pjesetaret-e-pakices-kombetare-shqiptare-ne-prezentimin-e-procedures-se-zgjedhjes-te-anetareve-te-keshillit-kombetar-te-pakices-kombetare-shqiptare-permes-kuvendit-elektoral\/#primaryimage"},"thumbnailUrl":"https:\/\/kt.gov.rs\/wp-content\/uploads\/2024\/07\/1679047197_170323_1-3.jpg","articleSection":["Lajme"],"inLanguage":"sq-AL"},{"@type":"WebPage","@id":"https:\/\/kt.gov.rs\/sq\/ftese-per-pjesetaret-e-pakices-kombetare-shqiptare-ne-prezentimin-e-procedures-se-zgjedhjes-te-anetareve-te-keshillit-kombetar-te-pakices-kombetare-shqiptare-permes-kuvendit-elektoral\/","url":"https:\/\/kt.gov.rs\/sq\/ftese-per-pjesetaret-e-pakices-kombetare-shqiptare-ne-prezentimin-e-procedures-se-zgjedhjes-te-anetareve-te-keshillit-kombetar-te-pakices-kombetare-shqiptare-permes-kuvendit-elektoral\/","name":"Ftes\u00eb p\u00ebr pjes\u00ebtar\u00ebt e pakic\u00ebs komb\u00ebtare shqiptare n\u00eb prezentimin e procedur\u00ebs s\u00eb zgjedhjes t\u00eb an\u00ebtar\u00ebve t\u00eb K\u00ebshillit Komb\u00ebtar t\u00eb Pakic\u00ebs Komb\u00ebtare Shqiptare p\u00ebrmes kuvendit elektoral - Republika e S\u00ebrbis\u00eb Trupi Koordinues p\u00ebr komunat Bujanoc, Preshev\u00eb dhe Medvegj\u00eb","isPartOf":{"@id":"https:\/\/kt.gov.rs\/#website"},"primaryImageOfPage":{"@id":"https:\/\/kt.gov.rs\/sq\/ftese-per-pjesetaret-e-pakices-kombetare-shqiptare-ne-prezentimin-e-procedures-se-zgjedhjes-te-anetareve-te-keshillit-kombetar-te-pakices-kombetare-shqiptare-permes-kuvendit-elektoral\/#primaryimage"},"image":{"@id":"https:\/\/kt.gov.rs\/sq\/ftese-per-pjesetaret-e-pakices-kombetare-shqiptare-ne-prezentimin-e-procedures-se-zgjedhjes-te-anetareve-te-keshillit-kombetar-te-pakices-kombetare-shqiptare-permes-kuvendit-elektoral\/#primaryimage"},"thumbnailUrl":"https:\/\/kt.gov.rs\/wp-content\/uploads\/2024\/07\/1679047197_170323_1-3.jpg","datePublished":"2023-03-17T00:00:00+00:00","dateModified":"2024-07-30T17:55:10+00:00","breadcrumb":{"@id":"https:\/\/kt.gov.rs\/sq\/ftese-per-pjesetaret-e-pakices-kombetare-shqiptare-ne-prezentimin-e-procedures-se-zgjedhjes-te-anetareve-te-keshillit-kombetar-te-pakices-kombetare-shqiptare-permes-kuvendit-elektoral\/#breadcrumb"},"inLanguage":"sq-AL","potentialAction":[{"@type":"ReadAction","target":["https:\/\/kt.gov.rs\/sq\/ftese-per-pjesetaret-e-pakices-kombetare-shqiptare-ne-prezentimin-e-procedures-se-zgjedhjes-te-anetareve-te-keshillit-kombetar-te-pakices-kombetare-shqiptare-permes-kuvendit-elektoral\/"]}]},{"@type":"ImageObject","inLanguage":"sq-AL","@id":"https:\/\/kt.gov.rs\/sq\/ftese-per-pjesetaret-e-pakices-kombetare-shqiptare-ne-prezentimin-e-procedures-se-zgjedhjes-te-anetareve-te-keshillit-kombetar-te-pakices-kombetare-shqiptare-permes-kuvendit-elektoral\/#primaryimage","url":"https:\/\/kt.gov.rs\/wp-content\/uploads\/2024\/07\/1679047197_170323_1-3.jpg","contentUrl":"https:\/\/kt.gov.rs\/wp-content\/uploads\/2024\/07\/1679047197_170323_1-3.jpg","width":315,"height":230},{"@type":"BreadcrumbList","@id":"https:\/\/kt.gov.rs\/sq\/ftese-per-pjesetaret-e-pakices-kombetare-shqiptare-ne-prezentimin-e-procedures-se-zgjedhjes-te-anetareve-te-keshillit-kombetar-te-pakices-kombetare-shqiptare-permes-kuvendit-elektoral\/#breadcrumb","itemListElement":[{"@type":"ListItem","position":1,"name":"\u041f\u043e\u0447\u0435\u0442\u043d\u0430","item":"https:\/\/kt.gov.rs\/sq\/"},{"@type":"ListItem","position":2,"name":"Ftes\u00eb p\u00ebr pjes\u00ebtar\u00ebt e pakic\u00ebs komb\u00ebtare shqiptare n\u00eb prezentimin e procedur\u00ebs s\u00eb zgjedhjes t\u00eb an\u00ebtar\u00ebve t\u00eb K\u00ebshillit Komb\u00ebtar t\u00eb Pakic\u00ebs Komb\u00ebtare Shqiptare p\u00ebrmes kuvendit elektoral"}]},{"@type":"WebSite","@id":"https:\/\/kt.gov.rs\/#website","url":"https:\/\/kt.gov.rs\/","name":"\u041a\u043e\u043e\u0440\u0434\u0438\u043d\u0430\u0446\u0438\u043e\u043d\u043e \u0442\u0435\u043b\u043e \u0412\u043b\u0430\u0434\u0435 \u0420\u0435\u043f\u0443\u0431\u043b\u0438\u043a\u0435 \u0421\u0440\u0431\u0438\u0458\u0435 \u0437\u0430 \u043e\u043f\u0448\u0442\u0438\u043d\u0435 \u041f\u0440\u0435\u0448\u0435\u0432\u043e, \u0411\u0443\u0458\u0430\u043d\u043e\u0432\u0430\u0446 \u0438 \u041c\u0435\u0434\u0432\u0435\u0452a","description":"","publisher":{"@id":"https:\/\/kt.gov.rs\/#organization"},"alternateName":"\u041a\u043e\u043e\u0440\u0434\u0438\u043d\u0430\u0446\u0438\u043e\u043d\u043e \u0442\u0435\u043b\u043e","potentialAction":[{"@type":"SearchAction","target":{"@type":"EntryPoint","urlTemplate":"https:\/\/kt.gov.rs\/?s={search_term_string}"},"query-input":{"@type":"PropertyValueSpecification","valueRequired":true,"valueName":"search_term_string"}}],"inLanguage":"sq-AL"},{"@type":"Organization","@id":"https:\/\/kt.gov.rs\/#organization","name":"\u041a\u043e\u043e\u0440\u0434\u0438\u043d\u0430\u0446\u0438\u043e\u043d\u043e \u0442\u0435\u043b\u043e \u0412\u043b\u0430\u0434\u0435 \u0420\u0435\u043f\u0443\u0431\u043b\u0438\u043a\u0435 \u0421\u0440\u0431\u0438\u0458\u0435 \u0437\u0430 \u043e\u043f\u0448\u0442\u0438\u043d\u0435 \u041f\u0440\u0435\u0448\u0435\u0432\u043e, \u0411\u0443\u0458\u0430\u043d\u043e\u0432\u0430\u0446 \u0438 \u041c\u0435\u0434\u0432\u0435\u0452a","alternateName":"\u041a\u043e\u043e\u0440\u0434\u0438\u043d\u0430\u0446\u0438\u043e\u043d\u043e \u0442\u0435\u043b\u043e","url":"https:\/\/kt.gov.rs\/","logo":{"@type":"ImageObject","inLanguage":"sq-AL","@id":"https:\/\/kt.gov.rs\/#\/schema\/logo\/image\/","url":"https:\/\/kt.gov.rs\/wp-content\/uploads\/2024\/12\/koord2.jpg","contentUrl":"https:\/\/kt.gov.rs\/wp-content\/uploads\/2024\/12\/koord2.jpg","width":640,"height":480,"caption":"\u041a\u043e\u043e\u0440\u0434\u0438\u043d\u0430\u0446\u0438\u043e\u043d\u043e \u0442\u0435\u043b\u043e \u0412\u043b\u0430\u0434\u0435 \u0420\u0435\u043f\u0443\u0431\u043b\u0438\u043a\u0435 \u0421\u0440\u0431\u0438\u0458\u0435 \u0437\u0430 \u043e\u043f\u0448\u0442\u0438\u043d\u0435 \u041f\u0440\u0435\u0448\u0435\u0432\u043e, \u0411\u0443\u0458\u0430\u043d\u043e\u0432\u0430\u0446 \u0438 \u041c\u0435\u0434\u0432\u0435\u0452a"},"image":{"@id":"https:\/\/kt.gov.rs\/#\/schema\/logo\/image\/"},"sameAs":["https:\/\/www.facebook.com\/SluzbaKoordinacionogTelaVladeRepublikeSrbije","https:\/\/x.com\/kt_gov","https:\/\/www.youtube.com\/@koordinacionotelo"]},{"@type":"Person","@id":"https:\/\/kt.gov.rs\/#\/schema\/person\/e426459ddb4173309103390602694571","name":"ktmin","image":{"@type":"ImageObject","inLanguage":"sq-AL","@id":"https:\/\/secure.gravatar.com\/avatar\/3985c961109853010c3fbc7ba30365bfba5db3dd6c525831d9c595c7525a615a?s=96&d=mm&r=g","url":"https:\/\/secure.gravatar.com\/avatar\/3985c961109853010c3fbc7ba30365bfba5db3dd6c525831d9c595c7525a615a?s=96&d=mm&r=g","contentUrl":"https:\/\/secure.gravatar.com\/avatar\/3985c961109853010c3fbc7ba30365bfba5db3dd6c525831d9c595c7525a615a?s=96&d=mm&r=g","caption":"ktmin"},"sameAs":["https:\/\/kt.gov.rs"],"url":"https:\/\/kt.gov.rs\/sq\/author\/ktmin\/"}]}},"_links":{"self":[{"href":"https:\/\/kt.gov.rs\/sq\/wp-json\/wp\/v2\/posts\/106561","targetHints":{"allow":["GET"]}}],"collection":[{"href":"https:\/\/kt.gov.rs\/sq\/wp-json\/wp\/v2\/posts"}],"about":[{"href":"https:\/\/kt.gov.rs\/sq\/wp-json\/wp\/v2\/types\/post"}],"author":[{"embeddable":true,"href":"https:\/\/kt.gov.rs\/sq\/wp-json\/wp\/v2\/users\/1"}],"replies":[{"embeddable":true,"href":"https:\/\/kt.gov.rs\/sq\/wp-json\/wp\/v2\/comments?post=106561"}],"version-history":[{"count":1,"href":"https:\/\/kt.gov.rs\/sq\/wp-json\/wp\/v2\/posts\/106561\/revisions"}],"predecessor-version":[{"id":106565,"href":"https:\/\/kt.gov.rs\/sq\/wp-json\/wp\/v2\/posts\/106561\/revisions\/106565"}],"wp:featuredmedia":[{"embeddable":true,"href":"https:\/\/kt.gov.rs\/sq\/wp-json\/wp\/v2\/media\/106566"}],"wp:attachment":[{"href":"https:\/\/kt.gov.rs\/sq\/wp-json\/wp\/v2\/media?parent=106561"}],"wp:term":[{"taxonomy":"category","embeddable":true,"href":"https:\/\/kt.gov.rs\/sq\/wp-json\/wp\/v2\/categories?post=106561"},{"taxonomy":"post_tag","embeddable":true,"href":"https:\/\/kt.gov.rs\/sq\/wp-json\/wp\/v2\/tags?post=106561"}],"curies":[{"name":"wp","href":"https:\/\/api.w.org\/{rel}","templated":true}]}}