{"id":106483,"date":"2023-03-24T00:00:00","date_gmt":"2023-03-24T00:00:00","guid":{"rendered":"http:\/\/kt.printandscreen.rs\/ne-medvegje-bujanoc-dhe-presheve-jane-mbajtur-trajnimet-per-prezantimin-e-procedures-per-zgjedhjen-e-anetareve-te-keshillit-nacional-te-pakices-shqiptare-permes-kuvendit-elektoral\/"},"modified":"2024-07-30T17:55:03","modified_gmt":"2024-07-30T17:55:03","slug":"ne-medvegje-bujanoc-dhe-presheve-jane-mbajtur-trajnimet-per-prezantimin-e-procedures-per-zgjedhjen-e-anetareve-te-keshillit-nacional-te-pakices-shqiptare-permes-kuvendit-elektoral","status":"publish","type":"post","link":"https:\/\/kt.gov.rs\/sq\/ne-medvegje-bujanoc-dhe-presheve-jane-mbajtur-trajnimet-per-prezantimin-e-procedures-per-zgjedhjen-e-anetareve-te-keshillit-nacional-te-pakices-shqiptare-permes-kuvendit-elektoral\/","title":{"rendered":"N\u00eb Medvegj\u00eb, Bujanoc dhe Preshev\u00eb jan\u00eb mbajtur trajnimet p\u00ebr prezantimin e procedur\u00ebs p\u00ebr zgjedhjen e an\u00ebtar\u00ebve t\u00eb K\u00ebshillit Nacional t\u00eb Pakic\u00ebs Shqiptare p\u00ebrmes kuvendit elektoral"},"content":{"rendered":"<p>\n\tP\u00ebrfaq\u00ebsues t\u00eb Ministris\u00eb s\u00eb t\u00eb Drejtave t\u00eb Njeriut dhe t\u00eb Pakicave dhe Dialogut Shoq\u00ebror, Komisionit Republikan Zgjedhor dhe Sh\u00ebrbimit t\u00eb Trupit Koordinues t\u00eb Qeveris\u00eb s\u00eb Republik\u00ebs s\u00eb Serbis\u00eb p\u00ebr komunat Preshev\u00eb, Bujanoc dhe Medvegj\u00eb, me mb\u00ebshtetjen e Misionit t\u00eb OSBE-s\u00eb n\u00eb Republik\u00ebn e Serbis\u00eb ka mbajtur sesione trajnimi n\u00eb Medvegj\u00eb, Bujanoc dhe Preshev\u00eb me q\u00ebllim t\u00eb informimit t\u00eb an\u00ebtar\u00ebve t\u00eb pakic\u00ebs komb\u00ebtare shqiptare p\u00ebr procedurat e parapara p\u00ebr paraqitjen e k\u00ebrkesave elektorale dhe mbajtjen e kuvendit electoral p\u00ebr an\u00ebtar\u00ebt e K\u00ebshillit Nacional t\u00eb Pakic\u00ebs Komb\u00ebtare Shqiptare.<\/p>\n<p>\n\t<img decoding=\"async\" alt=\"\" src=\"https:\/\/kt.gov.rs\/wp-content\/uploads\/2024\/07\/1679650888_240323_1v-2.jpg\" style=\"width: 640px; height: 360px;\" \/><\/p>\n<p>\n\tSipas datave t\u00eb paralajm\u00ebruara m\u00eb par\u00eb, trajnimet jan\u00eb mbajtur m\u00eb 21 mars n\u00eb Medvegj\u00eb, nd\u00ebrsa m\u00eb 22 mars\u00a0 n\u00eb Bujanoc dhe Preshev\u00eb.<\/p>\n<p>\n\tTrajnimet u zhvilluan n\u00eb nj\u00eb atmosfer\u00eb interaktive dhe pjes\u00ebtar\u00ebt e pakic\u00ebs komb\u00ebtare shqiptare shpreh\u00ebn interesim t\u00eb madh p\u00ebr zgjedhjet e ardhshme. Gjat\u00eb trajnimeve, pjes\u00ebtar\u00ebt e pakic\u00ebs komb\u00ebtare shqiptare mor\u00ebn p\u00ebrgjigje n\u00eb pyetje t\u00eb shumta nga p\u00ebrfaq\u00ebsues t\u00eb Ministris\u00eb dhe Komisionit Republikan Zgjedhor dhe u njoh\u00ebn n\u00eb detaje me procedur\u00ebn e parapar\u00eb p\u00ebr paraqitjen e aplikimeve zgjedhore dhe procedur\u00ebn e zhvillimit t\u00eb kuvendit electoral p\u00ebr zgjedhjen e an\u00ebtar\u00ebve t\u00eb K\u00ebshillit Komb\u00ebtar t\u00eb Pakic\u00ebs Komb\u00ebtare Shqiptare.<\/p>\n<p>\n\t<img decoding=\"async\" alt=\"\" src=\"https:\/\/kt.gov.rs\/wp-content\/uploads\/2024\/07\/1679650901_240323_2v-1.jpg\" style=\"width: 640px; height: 360px;\" \/><\/p>\n<p>\n\tSekretari shtet\u00ebror prof. dr. Rejhan Kurtoviq n\u00eb trajnimet theksoi se Qeveria e Republik\u00ebs s\u00eb Serbis\u00eb dhe Ministria e t\u00eb Drejtave t\u00eb Njeriut dhe Pakicave dhe Dialogut Shoq\u00ebror jan\u00eb duke b\u00ebr\u00eb p\u00ebrpjekje maksimale q\u00eb zgjedhjet p\u00ebr K\u00ebshillin Komb\u00ebtar t\u00eb Pakic\u00ebs Komb\u00ebtare Shqiptare t\u00eb zhvillohen sa m\u00eb shpejt. q\u00eb t\u00eb mund t\u00eb zgjidhet sa m\u00eb shpejt nj\u00eb p\u00ebrb\u00ebrje e re e K\u00ebshillit Komb\u00ebtar, e cila n\u00eb periudh\u00ebn e ardhshme do t\u00eb zbatoj\u00eb plot\u00ebsisht kompetencat n\u00eb fush\u00ebn e arsimit, kultur\u00ebs, informimit dhe p\u00ebrdorimit zyrtar t\u00eb gjuh\u00ebs dhe shkrimit. Kurtoviq tha se pritet q\u00eb n\u00eb dit\u00ebt n\u00eb vijim t\u00eb shpallen zgjedhjet dhe se me rastin e p\u00ebrcaktimit t\u00eb dat\u00ebs s\u00eb kuvendit elektoral do t\u00eb merren parasysh t\u00eb gjitha specifikat, por edhe Bajrami i ardhsh\u00ebm. Ai shfryt\u00ebzoi rastin t\u00eb ftoj\u00eb edhe nj\u00eb her\u00eb t\u00eb gjith\u00eb shqiptar\u00ebt q\u00eb kan\u00eb t\u00eb drejt\u00ebn aktive t\u00eb vot\u00ebs dhe q\u00eb jan\u00eb t\u00eb regjistruar n\u00eb list\u00ebn e posa\u00e7me zgjedhore t\u00eb pakic\u00ebs komb\u00ebtare shqiptare q\u00eb t\u00eb marrin pjes\u00eb aktive n\u00eb zgjedhjet e ardhshme elektorale, n\u00eb m\u00ebnyr\u00eb q\u00eb komuniteti shqiptar t\u00eb ket\u00eb nj\u00eb organ reprezentativ cil\u00ebsor t\u00eb vet\u00ebqeverisjes s\u00eb pakicave.<\/p>\n<p>\n\t<img decoding=\"async\" alt=\"\" src=\"https:\/\/kt.gov.rs\/wp-content\/uploads\/2024\/07\/1679650921_240323_3v-1.jpg\" style=\"width: 640px; height: 290px;\" \/><\/p>\n<p>\n\tN\u00eb trajnime, nd\u00ebr t\u00eb tjera, u prezantua se procedura e zgjedhjeve p\u00ebrmes kuvendit electoral \u00ebsht\u00eb e parapar\u00eb me Ligjin p\u00ebr K\u00ebshillat Komb\u00ebtar\u00eb t\u00eb Pakicave Komb\u00ebtare dhe se 15 an\u00ebtar\u00eb t\u00eb K\u00ebshillit Komb\u00ebtar do t\u00eb zgjidhen n\u00eb zgjedhjet e ardhshme elektorale p\u00ebr K\u00ebshillin Komb\u00ebtar. t\u00eb Pakic\u00ebs Komb\u00ebtare Shqiptare. Vendimi p\u00ebr shpalljen e zgjedhjeve merret nga Ministria e t\u00eb Drejtave t\u00eb Njeriut dhe t\u00eb Pakicave dhe Dialogut Shoq\u00ebror brenda 60 dit\u00ebve nga shp\u00ebrndarja e K\u00ebshillit Komb\u00ebtar, n\u00eb m\u00ebnyr\u00eb q\u00eb ato t\u00eb zhvillohen brenda 45 dit\u00ebve t\u00eb ardhshme. N\u00eb pajtim me Ligjin, afati p\u00ebr dor\u00ebzimin e k\u00ebrkesave elektorale \u00ebsht\u00eb 30 dit\u00eb para mbajtjes s\u00eb kuvendit elektoral. \u00c7do kandidat p\u00ebr elektor duhet t\u00eb jet\u00eb i regjistruar n\u00eb list\u00ebn e posa\u00e7me zgjedhore t\u00eb pakic\u00ebs komb\u00ebtare shqiptare dhe duhet t\u00eb paraqes\u00eb mb\u00ebshtetjen me shkrim t\u00eb s\u00eb paku 20 an\u00ebtar\u00ebve t\u00eb pakic\u00ebs komb\u00ebtare shqiptare, t\u00eb regjistruarn\u00eb list\u00ebn e posa\u00e7me zgjedhore t\u00eb asaj pakice.<\/p>\n<p>\n\t<strong>Burimi: Ministria p\u00ebr t\u00eb Drejtat e Njeriut dhe Pakicave dhe Dialog Shoq\u00ebror dhe Sh\u00ebrbimi i Trupit Koordinues <\/strong><\/p>\n<p>\n\t\u00a0<\/p>\n","protected":false},"excerpt":{"rendered":"<p>P\u00ebrfaq\u00ebsues t\u00eb Ministris\u00eb s\u00eb t\u00eb Drejtave t\u00eb Njeriut dhe t\u00eb Pakicave dhe Dialogut Shoq\u00ebror, Komisionit Republikan Zgjedhor dhe Sh\u00ebrbimit t\u00eb Trupit Koordinues t\u00eb Qeveris\u00eb s\u00eb Republik\u00ebs s\u00eb Serbis\u00eb p\u00ebr komunat Preshev\u00eb, Bujanoc dhe Medvegj\u00eb\u2026<\/p>\n","protected":false},"author":1,"featured_media":106494,"comment_status":"closed","ping_status":"closed","sticky":false,"template":"","format":"standard","meta":{"footnotes":""},"categories":[55],"tags":[],"class_list":["post-106483","post","type-post","status-publish","format-standard","has-post-thumbnail","hentry","category-lajme"],"yoast_head":"<!-- This site is optimized with the Yoast SEO plugin v27.5 - https:\/\/yoast.com\/product\/yoast-seo-wordpress\/ -->\n<title>N\u00eb Medvegj\u00eb, Bujanoc dhe Preshev\u00eb jan\u00eb mbajtur trajnimet p\u00ebr prezantimin e procedur\u00ebs p\u00ebr zgjedhjen e an\u00ebtar\u00ebve t\u00eb K\u00ebshillit Nacional t\u00eb Pakic\u00ebs Shqiptare p\u00ebrmes kuvendit elektoral - Republika e S\u00ebrbis\u00eb Trupi Koordinues p\u00ebr komunat Bujanoc, Preshev\u00eb dhe Medvegj\u00eb<\/title>\n<meta name=\"robots\" content=\"index, follow, max-snippet:-1, max-image-preview:large, max-video-preview:-1\" \/>\n<link rel=\"canonical\" href=\"https:\/\/kt.gov.rs\/sq\/ne-medvegje-bujanoc-dhe-presheve-jane-mbajtur-trajnimet-per-prezantimin-e-procedures-per-zgjedhjen-e-anetareve-te-keshillit-nacional-te-pakices-shqiptare-permes-kuvendit-elektoral\/\" \/>\n<meta property=\"og:locale\" content=\"sq_AL\" \/>\n<meta property=\"og:type\" content=\"article\" \/>\n<meta property=\"og:title\" content=\"N\u00eb Medvegj\u00eb, Bujanoc dhe Preshev\u00eb jan\u00eb mbajtur trajnimet p\u00ebr prezantimin e procedur\u00ebs p\u00ebr zgjedhjen e an\u00ebtar\u00ebve t\u00eb K\u00ebshillit Nacional t\u00eb Pakic\u00ebs Shqiptare p\u00ebrmes kuvendit elektoral - Republika e S\u00ebrbis\u00eb Trupi Koordinues p\u00ebr komunat Bujanoc, Preshev\u00eb dhe Medvegj\u00eb\" \/>\n<meta property=\"og:description\" content=\"P\u00ebrfaq\u00ebsues t\u00eb Ministris\u00eb s\u00eb t\u00eb Drejtave t\u00eb Njeriut dhe t\u00eb Pakicave dhe Dialogut Shoq\u00ebror, Komisionit Republikan Zgjedhor dhe Sh\u00ebrbimit t\u00eb Trupit Koordinues t\u00eb Qeveris\u00eb s\u00eb Republik\u00ebs s\u00eb Serbis\u00eb p\u00ebr komunat Preshev\u00eb, Bujanoc dhe Medvegj\u00eb...\" \/>\n<meta property=\"og:url\" content=\"https:\/\/kt.gov.rs\/sq\/ne-medvegje-bujanoc-dhe-presheve-jane-mbajtur-trajnimet-per-prezantimin-e-procedures-per-zgjedhjen-e-anetareve-te-keshillit-nacional-te-pakices-shqiptare-permes-kuvendit-elektoral\/\" \/>\n<meta property=\"og:site_name\" content=\"Republika e S\u00ebrbis\u00eb Trupi Koordinues p\u00ebr komunat Bujanoc, Preshev\u00eb dhe Medvegj\u00eb\" \/>\n<meta property=\"article:publisher\" content=\"https:\/\/www.facebook.com\/SluzbaKoordinacionogTelaVladeRepublikeSrbije\" \/>\n<meta property=\"article:published_time\" content=\"2023-03-24T00:00:00+00:00\" \/>\n<meta property=\"article:modified_time\" content=\"2024-07-30T17:55:03+00:00\" \/>\n<meta property=\"og:image\" content=\"https:\/\/kt.gov.rs\/wp-content\/uploads\/2024\/07\/1679650888_240323_1v-3.jpg\" \/>\n\t<meta property=\"og:image:width\" content=\"640\" \/>\n\t<meta property=\"og:image:height\" content=\"360\" \/>\n\t<meta property=\"og:image:type\" content=\"image\/jpeg\" \/>\n<meta name=\"author\" content=\"ktmin\" \/>\n<meta name=\"twitter:card\" content=\"summary_large_image\" \/>\n<meta name=\"twitter:creator\" content=\"@kt_gov\" \/>\n<meta name=\"twitter:site\" content=\"@kt_gov\" \/>\n<meta name=\"twitter:label1\" content=\"Written by\" \/>\n\t<meta name=\"twitter:data1\" content=\"ktmin\" \/>\n\t<meta name=\"twitter:label2\" content=\"Est. reading time\" \/>\n\t<meta name=\"twitter:data2\" content=\"5 minutes\" \/>\n<script type=\"application\/ld+json\" class=\"yoast-schema-graph\">{\"@context\":\"https:\\\/\\\/schema.org\",\"@graph\":[{\"@type\":\"Article\",\"@id\":\"https:\\\/\\\/kt.gov.rs\\\/sq\\\/ne-medvegje-bujanoc-dhe-presheve-jane-mbajtur-trajnimet-per-prezantimin-e-procedures-per-zgjedhjen-e-anetareve-te-keshillit-nacional-te-pakices-shqiptare-permes-kuvendit-elektoral\\\/#article\",\"isPartOf\":{\"@id\":\"https:\\\/\\\/kt.gov.rs\\\/sq\\\/ne-medvegje-bujanoc-dhe-presheve-jane-mbajtur-trajnimet-per-prezantimin-e-procedures-per-zgjedhjen-e-anetareve-te-keshillit-nacional-te-pakices-shqiptare-permes-kuvendit-elektoral\\\/\"},\"author\":{\"name\":\"ktmin\",\"@id\":\"https:\\\/\\\/kt.gov.rs\\\/#\\\/schema\\\/person\\\/e426459ddb4173309103390602694571\"},\"headline\":\"N\u00eb Medvegj\u00eb, Bujanoc dhe Preshev\u00eb jan\u00eb mbajtur trajnimet p\u00ebr prezantimin e procedur\u00ebs p\u00ebr zgjedhjen e an\u00ebtar\u00ebve t\u00eb K\u00ebshillit Nacional t\u00eb Pakic\u00ebs Shqiptare p\u00ebrmes kuvendit elektoral\",\"datePublished\":\"2023-03-24T00:00:00+00:00\",\"dateModified\":\"2024-07-30T17:55:03+00:00\",\"mainEntityOfPage\":{\"@id\":\"https:\\\/\\\/kt.gov.rs\\\/sq\\\/ne-medvegje-bujanoc-dhe-presheve-jane-mbajtur-trajnimet-per-prezantimin-e-procedures-per-zgjedhjen-e-anetareve-te-keshillit-nacional-te-pakices-shqiptare-permes-kuvendit-elektoral\\\/\"},\"wordCount\":942,\"publisher\":{\"@id\":\"https:\\\/\\\/kt.gov.rs\\\/#organization\"},\"image\":{\"@id\":\"https:\\\/\\\/kt.gov.rs\\\/sq\\\/ne-medvegje-bujanoc-dhe-presheve-jane-mbajtur-trajnimet-per-prezantimin-e-procedures-per-zgjedhjen-e-anetareve-te-keshillit-nacional-te-pakices-shqiptare-permes-kuvendit-elektoral\\\/#primaryimage\"},\"thumbnailUrl\":\"https:\\\/\\\/kt.gov.rs\\\/wp-content\\\/uploads\\\/2024\\\/07\\\/1679650888_240323_1v-3.jpg\",\"articleSection\":[\"Lajme\"],\"inLanguage\":\"sq-AL\"},{\"@type\":\"WebPage\",\"@id\":\"https:\\\/\\\/kt.gov.rs\\\/sq\\\/ne-medvegje-bujanoc-dhe-presheve-jane-mbajtur-trajnimet-per-prezantimin-e-procedures-per-zgjedhjen-e-anetareve-te-keshillit-nacional-te-pakices-shqiptare-permes-kuvendit-elektoral\\\/\",\"url\":\"https:\\\/\\\/kt.gov.rs\\\/sq\\\/ne-medvegje-bujanoc-dhe-presheve-jane-mbajtur-trajnimet-per-prezantimin-e-procedures-per-zgjedhjen-e-anetareve-te-keshillit-nacional-te-pakices-shqiptare-permes-kuvendit-elektoral\\\/\",\"name\":\"N\u00eb Medvegj\u00eb, Bujanoc dhe Preshev\u00eb jan\u00eb mbajtur trajnimet p\u00ebr prezantimin e procedur\u00ebs p\u00ebr zgjedhjen e an\u00ebtar\u00ebve t\u00eb K\u00ebshillit Nacional t\u00eb Pakic\u00ebs Shqiptare p\u00ebrmes kuvendit elektoral - Republika e S\u00ebrbis\u00eb Trupi Koordinues p\u00ebr komunat Bujanoc, Preshev\u00eb dhe Medvegj\u00eb\",\"isPartOf\":{\"@id\":\"https:\\\/\\\/kt.gov.rs\\\/#website\"},\"primaryImageOfPage\":{\"@id\":\"https:\\\/\\\/kt.gov.rs\\\/sq\\\/ne-medvegje-bujanoc-dhe-presheve-jane-mbajtur-trajnimet-per-prezantimin-e-procedures-per-zgjedhjen-e-anetareve-te-keshillit-nacional-te-pakices-shqiptare-permes-kuvendit-elektoral\\\/#primaryimage\"},\"image\":{\"@id\":\"https:\\\/\\\/kt.gov.rs\\\/sq\\\/ne-medvegje-bujanoc-dhe-presheve-jane-mbajtur-trajnimet-per-prezantimin-e-procedures-per-zgjedhjen-e-anetareve-te-keshillit-nacional-te-pakices-shqiptare-permes-kuvendit-elektoral\\\/#primaryimage\"},\"thumbnailUrl\":\"https:\\\/\\\/kt.gov.rs\\\/wp-content\\\/uploads\\\/2024\\\/07\\\/1679650888_240323_1v-3.jpg\",\"datePublished\":\"2023-03-24T00:00:00+00:00\",\"dateModified\":\"2024-07-30T17:55:03+00:00\",\"breadcrumb\":{\"@id\":\"https:\\\/\\\/kt.gov.rs\\\/sq\\\/ne-medvegje-bujanoc-dhe-presheve-jane-mbajtur-trajnimet-per-prezantimin-e-procedures-per-zgjedhjen-e-anetareve-te-keshillit-nacional-te-pakices-shqiptare-permes-kuvendit-elektoral\\\/#breadcrumb\"},\"inLanguage\":\"sq-AL\",\"potentialAction\":[{\"@type\":\"ReadAction\",\"target\":[\"https:\\\/\\\/kt.gov.rs\\\/sq\\\/ne-medvegje-bujanoc-dhe-presheve-jane-mbajtur-trajnimet-per-prezantimin-e-procedures-per-zgjedhjen-e-anetareve-te-keshillit-nacional-te-pakices-shqiptare-permes-kuvendit-elektoral\\\/\"]}]},{\"@type\":\"ImageObject\",\"inLanguage\":\"sq-AL\",\"@id\":\"https:\\\/\\\/kt.gov.rs\\\/sq\\\/ne-medvegje-bujanoc-dhe-presheve-jane-mbajtur-trajnimet-per-prezantimin-e-procedures-per-zgjedhjen-e-anetareve-te-keshillit-nacional-te-pakices-shqiptare-permes-kuvendit-elektoral\\\/#primaryimage\",\"url\":\"https:\\\/\\\/kt.gov.rs\\\/wp-content\\\/uploads\\\/2024\\\/07\\\/1679650888_240323_1v-3.jpg\",\"contentUrl\":\"https:\\\/\\\/kt.gov.rs\\\/wp-content\\\/uploads\\\/2024\\\/07\\\/1679650888_240323_1v-3.jpg\",\"width\":640,\"height\":360},{\"@type\":\"BreadcrumbList\",\"@id\":\"https:\\\/\\\/kt.gov.rs\\\/sq\\\/ne-medvegje-bujanoc-dhe-presheve-jane-mbajtur-trajnimet-per-prezantimin-e-procedures-per-zgjedhjen-e-anetareve-te-keshillit-nacional-te-pakices-shqiptare-permes-kuvendit-elektoral\\\/#breadcrumb\",\"itemListElement\":[{\"@type\":\"ListItem\",\"position\":1,\"name\":\"\u041f\u043e\u0447\u0435\u0442\u043d\u0430\",\"item\":\"https:\\\/\\\/kt.gov.rs\\\/sq\\\/\"},{\"@type\":\"ListItem\",\"position\":2,\"name\":\"N\u00eb Medvegj\u00eb, Bujanoc dhe Preshev\u00eb jan\u00eb mbajtur trajnimet p\u00ebr prezantimin e procedur\u00ebs p\u00ebr zgjedhjen e an\u00ebtar\u00ebve t\u00eb K\u00ebshillit Nacional t\u00eb Pakic\u00ebs Shqiptare p\u00ebrmes kuvendit elektoral\"}]},{\"@type\":\"WebSite\",\"@id\":\"https:\\\/\\\/kt.gov.rs\\\/#website\",\"url\":\"https:\\\/\\\/kt.gov.rs\\\/\",\"name\":\"\u041a\u043e\u043e\u0440\u0434\u0438\u043d\u0430\u0446\u0438\u043e\u043d\u043e \u0442\u0435\u043b\u043e \u0412\u043b\u0430\u0434\u0435 \u0420\u0435\u043f\u0443\u0431\u043b\u0438\u043a\u0435 \u0421\u0440\u0431\u0438\u0458\u0435 \u0437\u0430 \u043e\u043f\u0448\u0442\u0438\u043d\u0435 \u041f\u0440\u0435\u0448\u0435\u0432\u043e, \u0411\u0443\u0458\u0430\u043d\u043e\u0432\u0430\u0446 \u0438 \u041c\u0435\u0434\u0432\u0435\u0452a\",\"description\":\"\",\"publisher\":{\"@id\":\"https:\\\/\\\/kt.gov.rs\\\/#organization\"},\"alternateName\":\"\u041a\u043e\u043e\u0440\u0434\u0438\u043d\u0430\u0446\u0438\u043e\u043d\u043e \u0442\u0435\u043b\u043e\",\"potentialAction\":[{\"@type\":\"SearchAction\",\"target\":{\"@type\":\"EntryPoint\",\"urlTemplate\":\"https:\\\/\\\/kt.gov.rs\\\/?s={search_term_string}\"},\"query-input\":{\"@type\":\"PropertyValueSpecification\",\"valueRequired\":true,\"valueName\":\"search_term_string\"}}],\"inLanguage\":\"sq-AL\"},{\"@type\":\"Organization\",\"@id\":\"https:\\\/\\\/kt.gov.rs\\\/#organization\",\"name\":\"\u041a\u043e\u043e\u0440\u0434\u0438\u043d\u0430\u0446\u0438\u043e\u043d\u043e \u0442\u0435\u043b\u043e \u0412\u043b\u0430\u0434\u0435 \u0420\u0435\u043f\u0443\u0431\u043b\u0438\u043a\u0435 \u0421\u0440\u0431\u0438\u0458\u0435 \u0437\u0430 \u043e\u043f\u0448\u0442\u0438\u043d\u0435 \u041f\u0440\u0435\u0448\u0435\u0432\u043e, \u0411\u0443\u0458\u0430\u043d\u043e\u0432\u0430\u0446 \u0438 \u041c\u0435\u0434\u0432\u0435\u0452a\",\"alternateName\":\"\u041a\u043e\u043e\u0440\u0434\u0438\u043d\u0430\u0446\u0438\u043e\u043d\u043e \u0442\u0435\u043b\u043e\",\"url\":\"https:\\\/\\\/kt.gov.rs\\\/\",\"logo\":{\"@type\":\"ImageObject\",\"inLanguage\":\"sq-AL\",\"@id\":\"https:\\\/\\\/kt.gov.rs\\\/#\\\/schema\\\/logo\\\/image\\\/\",\"url\":\"https:\\\/\\\/kt.gov.rs\\\/wp-content\\\/uploads\\\/2024\\\/12\\\/koord2.jpg\",\"contentUrl\":\"https:\\\/\\\/kt.gov.rs\\\/wp-content\\\/uploads\\\/2024\\\/12\\\/koord2.jpg\",\"width\":640,\"height\":480,\"caption\":\"\u041a\u043e\u043e\u0440\u0434\u0438\u043d\u0430\u0446\u0438\u043e\u043d\u043e \u0442\u0435\u043b\u043e \u0412\u043b\u0430\u0434\u0435 \u0420\u0435\u043f\u0443\u0431\u043b\u0438\u043a\u0435 \u0421\u0440\u0431\u0438\u0458\u0435 \u0437\u0430 \u043e\u043f\u0448\u0442\u0438\u043d\u0435 \u041f\u0440\u0435\u0448\u0435\u0432\u043e, \u0411\u0443\u0458\u0430\u043d\u043e\u0432\u0430\u0446 \u0438 \u041c\u0435\u0434\u0432\u0435\u0452a\"},\"image\":{\"@id\":\"https:\\\/\\\/kt.gov.rs\\\/#\\\/schema\\\/logo\\\/image\\\/\"},\"sameAs\":[\"https:\\\/\\\/www.facebook.com\\\/SluzbaKoordinacionogTelaVladeRepublikeSrbije\",\"https:\\\/\\\/x.com\\\/kt_gov\",\"https:\\\/\\\/www.youtube.com\\\/@koordinacionotelo\"]},{\"@type\":\"Person\",\"@id\":\"https:\\\/\\\/kt.gov.rs\\\/#\\\/schema\\\/person\\\/e426459ddb4173309103390602694571\",\"name\":\"ktmin\",\"image\":{\"@type\":\"ImageObject\",\"inLanguage\":\"sq-AL\",\"@id\":\"https:\\\/\\\/secure.gravatar.com\\\/avatar\\\/3985c961109853010c3fbc7ba30365bfba5db3dd6c525831d9c595c7525a615a?s=96&d=mm&r=g\",\"url\":\"https:\\\/\\\/secure.gravatar.com\\\/avatar\\\/3985c961109853010c3fbc7ba30365bfba5db3dd6c525831d9c595c7525a615a?s=96&d=mm&r=g\",\"contentUrl\":\"https:\\\/\\\/secure.gravatar.com\\\/avatar\\\/3985c961109853010c3fbc7ba30365bfba5db3dd6c525831d9c595c7525a615a?s=96&d=mm&r=g\",\"caption\":\"ktmin\"},\"sameAs\":[\"https:\\\/\\\/kt.gov.rs\"],\"url\":\"https:\\\/\\\/kt.gov.rs\\\/sq\\\/author\\\/ktmin\\\/\"}]}<\/script>\n<!-- \/ Yoast SEO plugin. -->","yoast_head_json":{"title":"N\u00eb Medvegj\u00eb, Bujanoc dhe Preshev\u00eb jan\u00eb mbajtur trajnimet p\u00ebr prezantimin e procedur\u00ebs p\u00ebr zgjedhjen e an\u00ebtar\u00ebve t\u00eb K\u00ebshillit Nacional t\u00eb Pakic\u00ebs Shqiptare p\u00ebrmes kuvendit elektoral - Republika e S\u00ebrbis\u00eb Trupi Koordinues p\u00ebr komunat Bujanoc, Preshev\u00eb dhe Medvegj\u00eb","robots":{"index":"index","follow":"follow","max-snippet":"max-snippet:-1","max-image-preview":"max-image-preview:large","max-video-preview":"max-video-preview:-1"},"canonical":"https:\/\/kt.gov.rs\/sq\/ne-medvegje-bujanoc-dhe-presheve-jane-mbajtur-trajnimet-per-prezantimin-e-procedures-per-zgjedhjen-e-anetareve-te-keshillit-nacional-te-pakices-shqiptare-permes-kuvendit-elektoral\/","og_locale":"sq_AL","og_type":"article","og_title":"N\u00eb Medvegj\u00eb, Bujanoc dhe Preshev\u00eb jan\u00eb mbajtur trajnimet p\u00ebr prezantimin e procedur\u00ebs p\u00ebr zgjedhjen e an\u00ebtar\u00ebve t\u00eb K\u00ebshillit Nacional t\u00eb Pakic\u00ebs Shqiptare p\u00ebrmes kuvendit elektoral - Republika e S\u00ebrbis\u00eb Trupi Koordinues p\u00ebr komunat Bujanoc, Preshev\u00eb dhe Medvegj\u00eb","og_description":"P\u00ebrfaq\u00ebsues t\u00eb Ministris\u00eb s\u00eb t\u00eb Drejtave t\u00eb Njeriut dhe t\u00eb Pakicave dhe Dialogut Shoq\u00ebror, Komisionit Republikan Zgjedhor dhe Sh\u00ebrbimit t\u00eb Trupit Koordinues t\u00eb Qeveris\u00eb s\u00eb Republik\u00ebs s\u00eb Serbis\u00eb p\u00ebr komunat Preshev\u00eb, Bujanoc dhe Medvegj\u00eb...","og_url":"https:\/\/kt.gov.rs\/sq\/ne-medvegje-bujanoc-dhe-presheve-jane-mbajtur-trajnimet-per-prezantimin-e-procedures-per-zgjedhjen-e-anetareve-te-keshillit-nacional-te-pakices-shqiptare-permes-kuvendit-elektoral\/","og_site_name":"Republika e S\u00ebrbis\u00eb Trupi Koordinues p\u00ebr komunat Bujanoc, Preshev\u00eb dhe Medvegj\u00eb","article_publisher":"https:\/\/www.facebook.com\/SluzbaKoordinacionogTelaVladeRepublikeSrbije","article_published_time":"2023-03-24T00:00:00+00:00","article_modified_time":"2024-07-30T17:55:03+00:00","og_image":[{"width":640,"height":360,"url":"https:\/\/kt.gov.rs\/wp-content\/uploads\/2024\/07\/1679650888_240323_1v-3.jpg","type":"image\/jpeg"}],"author":"ktmin","twitter_card":"summary_large_image","twitter_creator":"@kt_gov","twitter_site":"@kt_gov","twitter_misc":{"Written by":"ktmin","Est. reading time":"5 minutes"},"schema":{"@context":"https:\/\/schema.org","@graph":[{"@type":"Article","@id":"https:\/\/kt.gov.rs\/sq\/ne-medvegje-bujanoc-dhe-presheve-jane-mbajtur-trajnimet-per-prezantimin-e-procedures-per-zgjedhjen-e-anetareve-te-keshillit-nacional-te-pakices-shqiptare-permes-kuvendit-elektoral\/#article","isPartOf":{"@id":"https:\/\/kt.gov.rs\/sq\/ne-medvegje-bujanoc-dhe-presheve-jane-mbajtur-trajnimet-per-prezantimin-e-procedures-per-zgjedhjen-e-anetareve-te-keshillit-nacional-te-pakices-shqiptare-permes-kuvendit-elektoral\/"},"author":{"name":"ktmin","@id":"https:\/\/kt.gov.rs\/#\/schema\/person\/e426459ddb4173309103390602694571"},"headline":"N\u00eb Medvegj\u00eb, Bujanoc dhe Preshev\u00eb jan\u00eb mbajtur trajnimet p\u00ebr prezantimin e procedur\u00ebs p\u00ebr zgjedhjen e an\u00ebtar\u00ebve t\u00eb K\u00ebshillit Nacional t\u00eb Pakic\u00ebs Shqiptare p\u00ebrmes kuvendit elektoral","datePublished":"2023-03-24T00:00:00+00:00","dateModified":"2024-07-30T17:55:03+00:00","mainEntityOfPage":{"@id":"https:\/\/kt.gov.rs\/sq\/ne-medvegje-bujanoc-dhe-presheve-jane-mbajtur-trajnimet-per-prezantimin-e-procedures-per-zgjedhjen-e-anetareve-te-keshillit-nacional-te-pakices-shqiptare-permes-kuvendit-elektoral\/"},"wordCount":942,"publisher":{"@id":"https:\/\/kt.gov.rs\/#organization"},"image":{"@id":"https:\/\/kt.gov.rs\/sq\/ne-medvegje-bujanoc-dhe-presheve-jane-mbajtur-trajnimet-per-prezantimin-e-procedures-per-zgjedhjen-e-anetareve-te-keshillit-nacional-te-pakices-shqiptare-permes-kuvendit-elektoral\/#primaryimage"},"thumbnailUrl":"https:\/\/kt.gov.rs\/wp-content\/uploads\/2024\/07\/1679650888_240323_1v-3.jpg","articleSection":["Lajme"],"inLanguage":"sq-AL"},{"@type":"WebPage","@id":"https:\/\/kt.gov.rs\/sq\/ne-medvegje-bujanoc-dhe-presheve-jane-mbajtur-trajnimet-per-prezantimin-e-procedures-per-zgjedhjen-e-anetareve-te-keshillit-nacional-te-pakices-shqiptare-permes-kuvendit-elektoral\/","url":"https:\/\/kt.gov.rs\/sq\/ne-medvegje-bujanoc-dhe-presheve-jane-mbajtur-trajnimet-per-prezantimin-e-procedures-per-zgjedhjen-e-anetareve-te-keshillit-nacional-te-pakices-shqiptare-permes-kuvendit-elektoral\/","name":"N\u00eb Medvegj\u00eb, Bujanoc dhe Preshev\u00eb jan\u00eb mbajtur trajnimet p\u00ebr prezantimin e procedur\u00ebs p\u00ebr zgjedhjen e an\u00ebtar\u00ebve t\u00eb K\u00ebshillit Nacional t\u00eb Pakic\u00ebs Shqiptare p\u00ebrmes kuvendit elektoral - Republika e S\u00ebrbis\u00eb Trupi Koordinues p\u00ebr komunat Bujanoc, Preshev\u00eb dhe Medvegj\u00eb","isPartOf":{"@id":"https:\/\/kt.gov.rs\/#website"},"primaryImageOfPage":{"@id":"https:\/\/kt.gov.rs\/sq\/ne-medvegje-bujanoc-dhe-presheve-jane-mbajtur-trajnimet-per-prezantimin-e-procedures-per-zgjedhjen-e-anetareve-te-keshillit-nacional-te-pakices-shqiptare-permes-kuvendit-elektoral\/#primaryimage"},"image":{"@id":"https:\/\/kt.gov.rs\/sq\/ne-medvegje-bujanoc-dhe-presheve-jane-mbajtur-trajnimet-per-prezantimin-e-procedures-per-zgjedhjen-e-anetareve-te-keshillit-nacional-te-pakices-shqiptare-permes-kuvendit-elektoral\/#primaryimage"},"thumbnailUrl":"https:\/\/kt.gov.rs\/wp-content\/uploads\/2024\/07\/1679650888_240323_1v-3.jpg","datePublished":"2023-03-24T00:00:00+00:00","dateModified":"2024-07-30T17:55:03+00:00","breadcrumb":{"@id":"https:\/\/kt.gov.rs\/sq\/ne-medvegje-bujanoc-dhe-presheve-jane-mbajtur-trajnimet-per-prezantimin-e-procedures-per-zgjedhjen-e-anetareve-te-keshillit-nacional-te-pakices-shqiptare-permes-kuvendit-elektoral\/#breadcrumb"},"inLanguage":"sq-AL","potentialAction":[{"@type":"ReadAction","target":["https:\/\/kt.gov.rs\/sq\/ne-medvegje-bujanoc-dhe-presheve-jane-mbajtur-trajnimet-per-prezantimin-e-procedures-per-zgjedhjen-e-anetareve-te-keshillit-nacional-te-pakices-shqiptare-permes-kuvendit-elektoral\/"]}]},{"@type":"ImageObject","inLanguage":"sq-AL","@id":"https:\/\/kt.gov.rs\/sq\/ne-medvegje-bujanoc-dhe-presheve-jane-mbajtur-trajnimet-per-prezantimin-e-procedures-per-zgjedhjen-e-anetareve-te-keshillit-nacional-te-pakices-shqiptare-permes-kuvendit-elektoral\/#primaryimage","url":"https:\/\/kt.gov.rs\/wp-content\/uploads\/2024\/07\/1679650888_240323_1v-3.jpg","contentUrl":"https:\/\/kt.gov.rs\/wp-content\/uploads\/2024\/07\/1679650888_240323_1v-3.jpg","width":640,"height":360},{"@type":"BreadcrumbList","@id":"https:\/\/kt.gov.rs\/sq\/ne-medvegje-bujanoc-dhe-presheve-jane-mbajtur-trajnimet-per-prezantimin-e-procedures-per-zgjedhjen-e-anetareve-te-keshillit-nacional-te-pakices-shqiptare-permes-kuvendit-elektoral\/#breadcrumb","itemListElement":[{"@type":"ListItem","position":1,"name":"\u041f\u043e\u0447\u0435\u0442\u043d\u0430","item":"https:\/\/kt.gov.rs\/sq\/"},{"@type":"ListItem","position":2,"name":"N\u00eb Medvegj\u00eb, Bujanoc dhe Preshev\u00eb jan\u00eb mbajtur trajnimet p\u00ebr prezantimin e procedur\u00ebs p\u00ebr zgjedhjen e an\u00ebtar\u00ebve t\u00eb K\u00ebshillit Nacional t\u00eb Pakic\u00ebs Shqiptare p\u00ebrmes kuvendit elektoral"}]},{"@type":"WebSite","@id":"https:\/\/kt.gov.rs\/#website","url":"https:\/\/kt.gov.rs\/","name":"\u041a\u043e\u043e\u0440\u0434\u0438\u043d\u0430\u0446\u0438\u043e\u043d\u043e \u0442\u0435\u043b\u043e \u0412\u043b\u0430\u0434\u0435 \u0420\u0435\u043f\u0443\u0431\u043b\u0438\u043a\u0435 \u0421\u0440\u0431\u0438\u0458\u0435 \u0437\u0430 \u043e\u043f\u0448\u0442\u0438\u043d\u0435 \u041f\u0440\u0435\u0448\u0435\u0432\u043e, \u0411\u0443\u0458\u0430\u043d\u043e\u0432\u0430\u0446 \u0438 \u041c\u0435\u0434\u0432\u0435\u0452a","description":"","publisher":{"@id":"https:\/\/kt.gov.rs\/#organization"},"alternateName":"\u041a\u043e\u043e\u0440\u0434\u0438\u043d\u0430\u0446\u0438\u043e\u043d\u043e \u0442\u0435\u043b\u043e","potentialAction":[{"@type":"SearchAction","target":{"@type":"EntryPoint","urlTemplate":"https:\/\/kt.gov.rs\/?s={search_term_string}"},"query-input":{"@type":"PropertyValueSpecification","valueRequired":true,"valueName":"search_term_string"}}],"inLanguage":"sq-AL"},{"@type":"Organization","@id":"https:\/\/kt.gov.rs\/#organization","name":"\u041a\u043e\u043e\u0440\u0434\u0438\u043d\u0430\u0446\u0438\u043e\u043d\u043e \u0442\u0435\u043b\u043e \u0412\u043b\u0430\u0434\u0435 \u0420\u0435\u043f\u0443\u0431\u043b\u0438\u043a\u0435 \u0421\u0440\u0431\u0438\u0458\u0435 \u0437\u0430 \u043e\u043f\u0448\u0442\u0438\u043d\u0435 \u041f\u0440\u0435\u0448\u0435\u0432\u043e, \u0411\u0443\u0458\u0430\u043d\u043e\u0432\u0430\u0446 \u0438 \u041c\u0435\u0434\u0432\u0435\u0452a","alternateName":"\u041a\u043e\u043e\u0440\u0434\u0438\u043d\u0430\u0446\u0438\u043e\u043d\u043e \u0442\u0435\u043b\u043e","url":"https:\/\/kt.gov.rs\/","logo":{"@type":"ImageObject","inLanguage":"sq-AL","@id":"https:\/\/kt.gov.rs\/#\/schema\/logo\/image\/","url":"https:\/\/kt.gov.rs\/wp-content\/uploads\/2024\/12\/koord2.jpg","contentUrl":"https:\/\/kt.gov.rs\/wp-content\/uploads\/2024\/12\/koord2.jpg","width":640,"height":480,"caption":"\u041a\u043e\u043e\u0440\u0434\u0438\u043d\u0430\u0446\u0438\u043e\u043d\u043e \u0442\u0435\u043b\u043e \u0412\u043b\u0430\u0434\u0435 \u0420\u0435\u043f\u0443\u0431\u043b\u0438\u043a\u0435 \u0421\u0440\u0431\u0438\u0458\u0435 \u0437\u0430 \u043e\u043f\u0448\u0442\u0438\u043d\u0435 \u041f\u0440\u0435\u0448\u0435\u0432\u043e, \u0411\u0443\u0458\u0430\u043d\u043e\u0432\u0430\u0446 \u0438 \u041c\u0435\u0434\u0432\u0435\u0452a"},"image":{"@id":"https:\/\/kt.gov.rs\/#\/schema\/logo\/image\/"},"sameAs":["https:\/\/www.facebook.com\/SluzbaKoordinacionogTelaVladeRepublikeSrbije","https:\/\/x.com\/kt_gov","https:\/\/www.youtube.com\/@koordinacionotelo"]},{"@type":"Person","@id":"https:\/\/kt.gov.rs\/#\/schema\/person\/e426459ddb4173309103390602694571","name":"ktmin","image":{"@type":"ImageObject","inLanguage":"sq-AL","@id":"https:\/\/secure.gravatar.com\/avatar\/3985c961109853010c3fbc7ba30365bfba5db3dd6c525831d9c595c7525a615a?s=96&d=mm&r=g","url":"https:\/\/secure.gravatar.com\/avatar\/3985c961109853010c3fbc7ba30365bfba5db3dd6c525831d9c595c7525a615a?s=96&d=mm&r=g","contentUrl":"https:\/\/secure.gravatar.com\/avatar\/3985c961109853010c3fbc7ba30365bfba5db3dd6c525831d9c595c7525a615a?s=96&d=mm&r=g","caption":"ktmin"},"sameAs":["https:\/\/kt.gov.rs"],"url":"https:\/\/kt.gov.rs\/sq\/author\/ktmin\/"}]}},"_links":{"self":[{"href":"https:\/\/kt.gov.rs\/sq\/wp-json\/wp\/v2\/posts\/106483","targetHints":{"allow":["GET"]}}],"collection":[{"href":"https:\/\/kt.gov.rs\/sq\/wp-json\/wp\/v2\/posts"}],"about":[{"href":"https:\/\/kt.gov.rs\/sq\/wp-json\/wp\/v2\/types\/post"}],"author":[{"embeddable":true,"href":"https:\/\/kt.gov.rs\/sq\/wp-json\/wp\/v2\/users\/1"}],"replies":[{"embeddable":true,"href":"https:\/\/kt.gov.rs\/sq\/wp-json\/wp\/v2\/comments?post=106483"}],"version-history":[{"count":1,"href":"https:\/\/kt.gov.rs\/sq\/wp-json\/wp\/v2\/posts\/106483\/revisions"}],"predecessor-version":[{"id":106493,"href":"https:\/\/kt.gov.rs\/sq\/wp-json\/wp\/v2\/posts\/106483\/revisions\/106493"}],"wp:featuredmedia":[{"embeddable":true,"href":"https:\/\/kt.gov.rs\/sq\/wp-json\/wp\/v2\/media\/106494"}],"wp:attachment":[{"href":"https:\/\/kt.gov.rs\/sq\/wp-json\/wp\/v2\/media?parent=106483"}],"wp:term":[{"taxonomy":"category","embeddable":true,"href":"https:\/\/kt.gov.rs\/sq\/wp-json\/wp\/v2\/categories?post=106483"},{"taxonomy":"post_tag","embeddable":true,"href":"https:\/\/kt.gov.rs\/sq\/wp-json\/wp\/v2\/tags?post=106483"}],"curies":[{"name":"wp","href":"https:\/\/api.w.org\/{rel}","templated":true}]}}