{"id":106467,"date":"2023-03-24T00:00:00","date_gmt":"2023-03-24T00:00:00","guid":{"rendered":"http:\/\/kt.printandscreen.rs\/jane-shpallur-zgjedhjet-per-anetaret-e-keshillit-nacional-te-pakices-nacionale-shqiptare\/"},"modified":"2024-07-30T17:55:00","modified_gmt":"2024-07-30T17:55:00","slug":"jane-shpallur-zgjedhjet-per-anetaret-e-keshillit-nacional-te-pakices-nacionale-shqiptare","status":"publish","type":"post","link":"https:\/\/kt.gov.rs\/sq\/jane-shpallur-zgjedhjet-per-anetaret-e-keshillit-nacional-te-pakices-nacionale-shqiptare\/","title":{"rendered":"JAN\u00cb SHPALLUR ZGJEDHJET P\u00cbR AN\u00cbTAR\u00cbT E K\u00cbSHILLIT NACIONAL T\u00cb PAKIC\u00cbS NACIONALE SHQIPTARE"},"content":{"rendered":"<p>\n\t<strong><img decoding=\"async\" alt=\"\" src=\"https:\/\/kt.gov.rs\/wp-content\/uploads\/2024\/07\/1679677143_2423_1-2.jpg\" style=\"width: 315px; height: 230px; float: left;\" \/><\/strong><strong>Beograd <\/strong>\u2013 M\u00eb 24 mars 2023, Ministri p\u00ebr t\u00eb drejtat e njeriut dhe pakicat dhe dialogun social, Tomislav Zhigmanov, ka nxjerr\u00eb Vendim p\u00ebr shpalljen e zgjedhjeve p\u00ebr an\u00ebtar\u00eb t\u00eb K\u00ebshillit Komb\u00ebtar t\u00eb pakic\u00ebs komb\u00ebtare Shqiptare.<\/p>\n<p>\n\tDuke pasur parasysh se pas zgjedhjeve t\u00eb rregullta p\u00ebr an\u00ebtar\u00ebt e k\u00ebshillave komb\u00ebtare, t\u00eb mbajtura m\u00eb 13 n\u00ebntor 2022, listat zgjedhore q\u00eb fituan mandatet nuk arrit\u00ebn marr\u00ebveshje p\u00ebr zgjedhjen e kryetarit, m\u00eb 1 mars 2023, u shp\u00ebrnda K\u00ebshilli komb\u00ebtar i pakicave komb\u00ebtare shqiptare dhe u formua nj\u00eb organ i p\u00ebrkohsh\u00ebm drejtues q\u00eb kryen detyra rjedh\u00ebse dhe t\u00eb domosdoshme deri n\u00eb konstituimin e nj\u00eb p\u00ebrb\u00ebrje t\u00eb re t\u00eb k\u00ebshillit komb\u00ebtar<\/p>\n<p>\n\tVendimi p\u00ebr shpalljen e zgjedhjeve \u00ebsht\u00eb marr\u00eb n\u00eb baz\u00eb t\u00eb nenit 35, paragrafi 3 i Ligjit p\u00ebr K\u00ebshillat komb\u00ebtar\u00eb t\u00eb pakicave nacionale, i cili p\u00ebrcakton se pas shp\u00ebrb\u00ebrjes s\u00eb K\u00ebshillit Komb\u00ebtar, zgjedhjet e reja p\u00ebr an\u00ebtar\u00ebt e tij do t\u00eb shpallen brenda 60 dit\u00ebve nga shp\u00ebrb\u00ebrja, n\u00eb m\u00ebnyr\u00eb q\u00eb ato t\u00eb mbahen n\u00eb 45 dit\u00ebt n\u00eb vijim.<\/p>\n<p>\n\tZgjedhjet p\u00ebr an\u00ebtar\u00eb t\u00eb K\u00ebshillit nacional t\u00eb pakic\u00ebs komb\u00ebtare Shqiptare do t\u00eb mbahen p\u00ebrmes kuvendit elektoral m\u00eb 7 maj 2023 n\u00eb Bujanoc. N\u00eb k\u00ebto zgjedhje do t\u00eb zgjidhen 15 an\u00ebtar\u00eb t\u00eb K\u00ebshillit komb\u00ebtar t\u00eb pakic\u00ebs komb\u00ebtare Shqiptare.<\/p>\n<p>\n\tFtesa publike p\u00ebr t\u00eb gjith\u00eb elektor\u00ebt q\u00eb t\u00eb paraqesin me koh\u00eb paraqitjet me shkres\u00eb p\u00ebr aplikim n\u00eb kuvendet elektronike, informacione t\u00eb m\u00ebtejshme dhe dokumentacion tjet\u00ebr p\u00ebrkat\u00ebs jan\u00eb n\u00eb dispozicion n\u00eb faqen e internetit t\u00eb Ministris\u00eb: www.minljmpdd.gov.rs.<\/p>\n<p>\n\tParaqitjet\u00a0 elektronike dor\u00ebzohen drejtp\u00ebrdrejt n\u00eb adres\u00ebn e Ministris\u00eb s\u00eb t\u00eb drejtave t\u00eb njeriut dhe dialogut social, Bulevar Mihajla Pupina 2, Beograd. Afati i Fundit p\u00ebr dor\u00ebzimin e paraqitjeve elektronike \u00ebsht\u00eb\u00a0 \u00a0data 7 prill 2023.<\/p>\n<p>\n\t<strong>Burimi<\/strong>: <strong>Ministria p\u00ebr t\u00eb drejtat e njeriut dhe dialogut social, Sh\u00ebrbimi i Trupit koordinues<\/strong><\/p>\n<p>\n\t\u00a0<\/p>\n","protected":false},"excerpt":{"rendered":"<p>Beograd\u00a0\u2013 M\u00eb 24 mars 2023, Ministri p\u00ebr t\u00eb drejtat e njeriut dhe pakicat dhe dialogun social, Tomislav Zhigmanov, ka nxjerr\u00eb Vendim p\u00ebr shpalljen e zgjedhjeve p\u00ebr an\u00ebtar\u00eb t\u00eb K\u00ebshillit Komb\u00ebtar t\u00eb pakic\u00ebs komb\u00ebtare Shqiptare.<\/p>\n","protected":false},"author":1,"featured_media":106472,"comment_status":"closed","ping_status":"closed","sticky":false,"template":"","format":"standard","meta":{"footnotes":""},"categories":[55],"tags":[],"class_list":["post-106467","post","type-post","status-publish","format-standard","has-post-thumbnail","hentry","category-lajme"],"yoast_head":"<!-- This site is optimized with the Yoast SEO plugin v27.5 - https:\/\/yoast.com\/product\/yoast-seo-wordpress\/ -->\n<title>JAN\u00cb SHPALLUR ZGJEDHJET P\u00cbR AN\u00cbTAR\u00cbT E K\u00cbSHILLIT NACIONAL T\u00cb PAKIC\u00cbS NACIONALE SHQIPTARE - Republika e S\u00ebrbis\u00eb Trupi Koordinues p\u00ebr komunat Bujanoc, Preshev\u00eb dhe Medvegj\u00eb<\/title>\n<meta name=\"robots\" content=\"index, follow, max-snippet:-1, max-image-preview:large, max-video-preview:-1\" \/>\n<link rel=\"canonical\" href=\"https:\/\/kt.gov.rs\/sq\/jane-shpallur-zgjedhjet-per-anetaret-e-keshillit-nacional-te-pakices-nacionale-shqiptare\/\" \/>\n<meta property=\"og:locale\" content=\"sq_AL\" \/>\n<meta property=\"og:type\" content=\"article\" \/>\n<meta property=\"og:title\" content=\"JAN\u00cb SHPALLUR ZGJEDHJET P\u00cbR AN\u00cbTAR\u00cbT E K\u00cbSHILLIT NACIONAL T\u00cb PAKIC\u00cbS NACIONALE SHQIPTARE - Republika e S\u00ebrbis\u00eb Trupi Koordinues p\u00ebr komunat Bujanoc, Preshev\u00eb dhe Medvegj\u00eb\" \/>\n<meta property=\"og:description\" content=\"Beograd\u00a0- M\u00eb 24 mars 2023, Ministri p\u00ebr t\u00eb drejtat e njeriut dhe pakicat dhe dialogun social, Tomislav Zhigmanov, ka nxjerr\u00eb Vendim p\u00ebr shpalljen e zgjedhjeve p\u00ebr an\u00ebtar\u00eb t\u00eb K\u00ebshillit Komb\u00ebtar t\u00eb pakic\u00ebs komb\u00ebtare Shqiptare.\" \/>\n<meta property=\"og:url\" content=\"https:\/\/kt.gov.rs\/sq\/jane-shpallur-zgjedhjet-per-anetaret-e-keshillit-nacional-te-pakices-nacionale-shqiptare\/\" \/>\n<meta property=\"og:site_name\" content=\"Republika e S\u00ebrbis\u00eb Trupi Koordinues p\u00ebr komunat Bujanoc, Preshev\u00eb dhe Medvegj\u00eb\" \/>\n<meta property=\"article:publisher\" content=\"https:\/\/www.facebook.com\/SluzbaKoordinacionogTelaVladeRepublikeSrbije\" \/>\n<meta property=\"article:published_time\" content=\"2023-03-24T00:00:00+00:00\" \/>\n<meta property=\"article:modified_time\" content=\"2024-07-30T17:55:00+00:00\" \/>\n<meta property=\"og:image\" content=\"https:\/\/kt.gov.rs\/wp-content\/uploads\/2024\/07\/1679677143_2423_1-3.jpg\" \/>\n\t<meta property=\"og:image:width\" content=\"315\" \/>\n\t<meta property=\"og:image:height\" content=\"230\" \/>\n\t<meta property=\"og:image:type\" content=\"image\/jpeg\" \/>\n<meta name=\"author\" content=\"ktmin\" \/>\n<meta name=\"twitter:card\" content=\"summary_large_image\" \/>\n<meta name=\"twitter:creator\" content=\"@kt_gov\" \/>\n<meta name=\"twitter:site\" content=\"@kt_gov\" \/>\n<meta name=\"twitter:label1\" content=\"Written by\" \/>\n\t<meta name=\"twitter:data1\" content=\"ktmin\" \/>\n\t<meta name=\"twitter:label2\" content=\"Est. reading time\" \/>\n\t<meta name=\"twitter:data2\" content=\"2 minutes\" \/>\n<script type=\"application\/ld+json\" class=\"yoast-schema-graph\">{\"@context\":\"https:\\\/\\\/schema.org\",\"@graph\":[{\"@type\":\"Article\",\"@id\":\"https:\\\/\\\/kt.gov.rs\\\/sq\\\/jane-shpallur-zgjedhjet-per-anetaret-e-keshillit-nacional-te-pakices-nacionale-shqiptare\\\/#article\",\"isPartOf\":{\"@id\":\"https:\\\/\\\/kt.gov.rs\\\/sq\\\/jane-shpallur-zgjedhjet-per-anetaret-e-keshillit-nacional-te-pakices-nacionale-shqiptare\\\/\"},\"author\":{\"name\":\"ktmin\",\"@id\":\"https:\\\/\\\/kt.gov.rs\\\/#\\\/schema\\\/person\\\/e426459ddb4173309103390602694571\"},\"headline\":\"JAN\u00cb SHPALLUR ZGJEDHJET P\u00cbR AN\u00cbTAR\u00cbT E K\u00cbSHILLIT NACIONAL T\u00cb PAKIC\u00cbS NACIONALE SHQIPTARE\",\"datePublished\":\"2023-03-24T00:00:00+00:00\",\"dateModified\":\"2024-07-30T17:55:00+00:00\",\"mainEntityOfPage\":{\"@id\":\"https:\\\/\\\/kt.gov.rs\\\/sq\\\/jane-shpallur-zgjedhjet-per-anetaret-e-keshillit-nacional-te-pakices-nacionale-shqiptare\\\/\"},\"wordCount\":498,\"publisher\":{\"@id\":\"https:\\\/\\\/kt.gov.rs\\\/#organization\"},\"image\":{\"@id\":\"https:\\\/\\\/kt.gov.rs\\\/sq\\\/jane-shpallur-zgjedhjet-per-anetaret-e-keshillit-nacional-te-pakices-nacionale-shqiptare\\\/#primaryimage\"},\"thumbnailUrl\":\"https:\\\/\\\/kt.gov.rs\\\/wp-content\\\/uploads\\\/2024\\\/07\\\/1679677143_2423_1-3.jpg\",\"articleSection\":[\"Lajme\"],\"inLanguage\":\"sq-AL\"},{\"@type\":\"WebPage\",\"@id\":\"https:\\\/\\\/kt.gov.rs\\\/sq\\\/jane-shpallur-zgjedhjet-per-anetaret-e-keshillit-nacional-te-pakices-nacionale-shqiptare\\\/\",\"url\":\"https:\\\/\\\/kt.gov.rs\\\/sq\\\/jane-shpallur-zgjedhjet-per-anetaret-e-keshillit-nacional-te-pakices-nacionale-shqiptare\\\/\",\"name\":\"JAN\u00cb SHPALLUR ZGJEDHJET P\u00cbR AN\u00cbTAR\u00cbT E K\u00cbSHILLIT NACIONAL T\u00cb PAKIC\u00cbS NACIONALE SHQIPTARE - Republika e S\u00ebrbis\u00eb Trupi Koordinues p\u00ebr komunat Bujanoc, Preshev\u00eb dhe Medvegj\u00eb\",\"isPartOf\":{\"@id\":\"https:\\\/\\\/kt.gov.rs\\\/#website\"},\"primaryImageOfPage\":{\"@id\":\"https:\\\/\\\/kt.gov.rs\\\/sq\\\/jane-shpallur-zgjedhjet-per-anetaret-e-keshillit-nacional-te-pakices-nacionale-shqiptare\\\/#primaryimage\"},\"image\":{\"@id\":\"https:\\\/\\\/kt.gov.rs\\\/sq\\\/jane-shpallur-zgjedhjet-per-anetaret-e-keshillit-nacional-te-pakices-nacionale-shqiptare\\\/#primaryimage\"},\"thumbnailUrl\":\"https:\\\/\\\/kt.gov.rs\\\/wp-content\\\/uploads\\\/2024\\\/07\\\/1679677143_2423_1-3.jpg\",\"datePublished\":\"2023-03-24T00:00:00+00:00\",\"dateModified\":\"2024-07-30T17:55:00+00:00\",\"breadcrumb\":{\"@id\":\"https:\\\/\\\/kt.gov.rs\\\/sq\\\/jane-shpallur-zgjedhjet-per-anetaret-e-keshillit-nacional-te-pakices-nacionale-shqiptare\\\/#breadcrumb\"},\"inLanguage\":\"sq-AL\",\"potentialAction\":[{\"@type\":\"ReadAction\",\"target\":[\"https:\\\/\\\/kt.gov.rs\\\/sq\\\/jane-shpallur-zgjedhjet-per-anetaret-e-keshillit-nacional-te-pakices-nacionale-shqiptare\\\/\"]}]},{\"@type\":\"ImageObject\",\"inLanguage\":\"sq-AL\",\"@id\":\"https:\\\/\\\/kt.gov.rs\\\/sq\\\/jane-shpallur-zgjedhjet-per-anetaret-e-keshillit-nacional-te-pakices-nacionale-shqiptare\\\/#primaryimage\",\"url\":\"https:\\\/\\\/kt.gov.rs\\\/wp-content\\\/uploads\\\/2024\\\/07\\\/1679677143_2423_1-3.jpg\",\"contentUrl\":\"https:\\\/\\\/kt.gov.rs\\\/wp-content\\\/uploads\\\/2024\\\/07\\\/1679677143_2423_1-3.jpg\",\"width\":315,\"height\":230},{\"@type\":\"BreadcrumbList\",\"@id\":\"https:\\\/\\\/kt.gov.rs\\\/sq\\\/jane-shpallur-zgjedhjet-per-anetaret-e-keshillit-nacional-te-pakices-nacionale-shqiptare\\\/#breadcrumb\",\"itemListElement\":[{\"@type\":\"ListItem\",\"position\":1,\"name\":\"\u041f\u043e\u0447\u0435\u0442\u043d\u0430\",\"item\":\"https:\\\/\\\/kt.gov.rs\\\/sq\\\/\"},{\"@type\":\"ListItem\",\"position\":2,\"name\":\"JAN\u00cb SHPALLUR ZGJEDHJET P\u00cbR AN\u00cbTAR\u00cbT E K\u00cbSHILLIT NACIONAL T\u00cb PAKIC\u00cbS NACIONALE SHQIPTARE\"}]},{\"@type\":\"WebSite\",\"@id\":\"https:\\\/\\\/kt.gov.rs\\\/#website\",\"url\":\"https:\\\/\\\/kt.gov.rs\\\/\",\"name\":\"\u041a\u043e\u043e\u0440\u0434\u0438\u043d\u0430\u0446\u0438\u043e\u043d\u043e \u0442\u0435\u043b\u043e \u0412\u043b\u0430\u0434\u0435 \u0420\u0435\u043f\u0443\u0431\u043b\u0438\u043a\u0435 \u0421\u0440\u0431\u0438\u0458\u0435 \u0437\u0430 \u043e\u043f\u0448\u0442\u0438\u043d\u0435 \u041f\u0440\u0435\u0448\u0435\u0432\u043e, \u0411\u0443\u0458\u0430\u043d\u043e\u0432\u0430\u0446 \u0438 \u041c\u0435\u0434\u0432\u0435\u0452a\",\"description\":\"\",\"publisher\":{\"@id\":\"https:\\\/\\\/kt.gov.rs\\\/#organization\"},\"alternateName\":\"\u041a\u043e\u043e\u0440\u0434\u0438\u043d\u0430\u0446\u0438\u043e\u043d\u043e \u0442\u0435\u043b\u043e\",\"potentialAction\":[{\"@type\":\"SearchAction\",\"target\":{\"@type\":\"EntryPoint\",\"urlTemplate\":\"https:\\\/\\\/kt.gov.rs\\\/?s={search_term_string}\"},\"query-input\":{\"@type\":\"PropertyValueSpecification\",\"valueRequired\":true,\"valueName\":\"search_term_string\"}}],\"inLanguage\":\"sq-AL\"},{\"@type\":\"Organization\",\"@id\":\"https:\\\/\\\/kt.gov.rs\\\/#organization\",\"name\":\"\u041a\u043e\u043e\u0440\u0434\u0438\u043d\u0430\u0446\u0438\u043e\u043d\u043e \u0442\u0435\u043b\u043e \u0412\u043b\u0430\u0434\u0435 \u0420\u0435\u043f\u0443\u0431\u043b\u0438\u043a\u0435 \u0421\u0440\u0431\u0438\u0458\u0435 \u0437\u0430 \u043e\u043f\u0448\u0442\u0438\u043d\u0435 \u041f\u0440\u0435\u0448\u0435\u0432\u043e, \u0411\u0443\u0458\u0430\u043d\u043e\u0432\u0430\u0446 \u0438 \u041c\u0435\u0434\u0432\u0435\u0452a\",\"alternateName\":\"\u041a\u043e\u043e\u0440\u0434\u0438\u043d\u0430\u0446\u0438\u043e\u043d\u043e \u0442\u0435\u043b\u043e\",\"url\":\"https:\\\/\\\/kt.gov.rs\\\/\",\"logo\":{\"@type\":\"ImageObject\",\"inLanguage\":\"sq-AL\",\"@id\":\"https:\\\/\\\/kt.gov.rs\\\/#\\\/schema\\\/logo\\\/image\\\/\",\"url\":\"https:\\\/\\\/kt.gov.rs\\\/wp-content\\\/uploads\\\/2024\\\/12\\\/koord2.jpg\",\"contentUrl\":\"https:\\\/\\\/kt.gov.rs\\\/wp-content\\\/uploads\\\/2024\\\/12\\\/koord2.jpg\",\"width\":640,\"height\":480,\"caption\":\"\u041a\u043e\u043e\u0440\u0434\u0438\u043d\u0430\u0446\u0438\u043e\u043d\u043e \u0442\u0435\u043b\u043e \u0412\u043b\u0430\u0434\u0435 \u0420\u0435\u043f\u0443\u0431\u043b\u0438\u043a\u0435 \u0421\u0440\u0431\u0438\u0458\u0435 \u0437\u0430 \u043e\u043f\u0448\u0442\u0438\u043d\u0435 \u041f\u0440\u0435\u0448\u0435\u0432\u043e, \u0411\u0443\u0458\u0430\u043d\u043e\u0432\u0430\u0446 \u0438 \u041c\u0435\u0434\u0432\u0435\u0452a\"},\"image\":{\"@id\":\"https:\\\/\\\/kt.gov.rs\\\/#\\\/schema\\\/logo\\\/image\\\/\"},\"sameAs\":[\"https:\\\/\\\/www.facebook.com\\\/SluzbaKoordinacionogTelaVladeRepublikeSrbije\",\"https:\\\/\\\/x.com\\\/kt_gov\",\"https:\\\/\\\/www.youtube.com\\\/@koordinacionotelo\"]},{\"@type\":\"Person\",\"@id\":\"https:\\\/\\\/kt.gov.rs\\\/#\\\/schema\\\/person\\\/e426459ddb4173309103390602694571\",\"name\":\"ktmin\",\"image\":{\"@type\":\"ImageObject\",\"inLanguage\":\"sq-AL\",\"@id\":\"https:\\\/\\\/secure.gravatar.com\\\/avatar\\\/3985c961109853010c3fbc7ba30365bfba5db3dd6c525831d9c595c7525a615a?s=96&d=mm&r=g\",\"url\":\"https:\\\/\\\/secure.gravatar.com\\\/avatar\\\/3985c961109853010c3fbc7ba30365bfba5db3dd6c525831d9c595c7525a615a?s=96&d=mm&r=g\",\"contentUrl\":\"https:\\\/\\\/secure.gravatar.com\\\/avatar\\\/3985c961109853010c3fbc7ba30365bfba5db3dd6c525831d9c595c7525a615a?s=96&d=mm&r=g\",\"caption\":\"ktmin\"},\"sameAs\":[\"https:\\\/\\\/kt.gov.rs\"],\"url\":\"https:\\\/\\\/kt.gov.rs\\\/sq\\\/author\\\/ktmin\\\/\"}]}<\/script>\n<!-- \/ Yoast SEO plugin. -->","yoast_head_json":{"title":"JAN\u00cb SHPALLUR ZGJEDHJET P\u00cbR AN\u00cbTAR\u00cbT E K\u00cbSHILLIT NACIONAL T\u00cb PAKIC\u00cbS NACIONALE SHQIPTARE - Republika e S\u00ebrbis\u00eb Trupi Koordinues p\u00ebr komunat Bujanoc, Preshev\u00eb dhe Medvegj\u00eb","robots":{"index":"index","follow":"follow","max-snippet":"max-snippet:-1","max-image-preview":"max-image-preview:large","max-video-preview":"max-video-preview:-1"},"canonical":"https:\/\/kt.gov.rs\/sq\/jane-shpallur-zgjedhjet-per-anetaret-e-keshillit-nacional-te-pakices-nacionale-shqiptare\/","og_locale":"sq_AL","og_type":"article","og_title":"JAN\u00cb SHPALLUR ZGJEDHJET P\u00cbR AN\u00cbTAR\u00cbT E K\u00cbSHILLIT NACIONAL T\u00cb PAKIC\u00cbS NACIONALE SHQIPTARE - Republika e S\u00ebrbis\u00eb Trupi Koordinues p\u00ebr komunat Bujanoc, Preshev\u00eb dhe Medvegj\u00eb","og_description":"Beograd\u00a0- M\u00eb 24 mars 2023, Ministri p\u00ebr t\u00eb drejtat e njeriut dhe pakicat dhe dialogun social, Tomislav Zhigmanov, ka nxjerr\u00eb Vendim p\u00ebr shpalljen e zgjedhjeve p\u00ebr an\u00ebtar\u00eb t\u00eb K\u00ebshillit Komb\u00ebtar t\u00eb pakic\u00ebs komb\u00ebtare Shqiptare.","og_url":"https:\/\/kt.gov.rs\/sq\/jane-shpallur-zgjedhjet-per-anetaret-e-keshillit-nacional-te-pakices-nacionale-shqiptare\/","og_site_name":"Republika e S\u00ebrbis\u00eb Trupi Koordinues p\u00ebr komunat Bujanoc, Preshev\u00eb dhe Medvegj\u00eb","article_publisher":"https:\/\/www.facebook.com\/SluzbaKoordinacionogTelaVladeRepublikeSrbije","article_published_time":"2023-03-24T00:00:00+00:00","article_modified_time":"2024-07-30T17:55:00+00:00","og_image":[{"width":315,"height":230,"url":"https:\/\/kt.gov.rs\/wp-content\/uploads\/2024\/07\/1679677143_2423_1-3.jpg","type":"image\/jpeg"}],"author":"ktmin","twitter_card":"summary_large_image","twitter_creator":"@kt_gov","twitter_site":"@kt_gov","twitter_misc":{"Written by":"ktmin","Est. reading time":"2 minutes"},"schema":{"@context":"https:\/\/schema.org","@graph":[{"@type":"Article","@id":"https:\/\/kt.gov.rs\/sq\/jane-shpallur-zgjedhjet-per-anetaret-e-keshillit-nacional-te-pakices-nacionale-shqiptare\/#article","isPartOf":{"@id":"https:\/\/kt.gov.rs\/sq\/jane-shpallur-zgjedhjet-per-anetaret-e-keshillit-nacional-te-pakices-nacionale-shqiptare\/"},"author":{"name":"ktmin","@id":"https:\/\/kt.gov.rs\/#\/schema\/person\/e426459ddb4173309103390602694571"},"headline":"JAN\u00cb SHPALLUR ZGJEDHJET P\u00cbR AN\u00cbTAR\u00cbT E K\u00cbSHILLIT NACIONAL T\u00cb PAKIC\u00cbS NACIONALE SHQIPTARE","datePublished":"2023-03-24T00:00:00+00:00","dateModified":"2024-07-30T17:55:00+00:00","mainEntityOfPage":{"@id":"https:\/\/kt.gov.rs\/sq\/jane-shpallur-zgjedhjet-per-anetaret-e-keshillit-nacional-te-pakices-nacionale-shqiptare\/"},"wordCount":498,"publisher":{"@id":"https:\/\/kt.gov.rs\/#organization"},"image":{"@id":"https:\/\/kt.gov.rs\/sq\/jane-shpallur-zgjedhjet-per-anetaret-e-keshillit-nacional-te-pakices-nacionale-shqiptare\/#primaryimage"},"thumbnailUrl":"https:\/\/kt.gov.rs\/wp-content\/uploads\/2024\/07\/1679677143_2423_1-3.jpg","articleSection":["Lajme"],"inLanguage":"sq-AL"},{"@type":"WebPage","@id":"https:\/\/kt.gov.rs\/sq\/jane-shpallur-zgjedhjet-per-anetaret-e-keshillit-nacional-te-pakices-nacionale-shqiptare\/","url":"https:\/\/kt.gov.rs\/sq\/jane-shpallur-zgjedhjet-per-anetaret-e-keshillit-nacional-te-pakices-nacionale-shqiptare\/","name":"JAN\u00cb SHPALLUR ZGJEDHJET P\u00cbR AN\u00cbTAR\u00cbT E K\u00cbSHILLIT NACIONAL T\u00cb PAKIC\u00cbS NACIONALE SHQIPTARE - Republika e S\u00ebrbis\u00eb Trupi Koordinues p\u00ebr komunat Bujanoc, Preshev\u00eb dhe Medvegj\u00eb","isPartOf":{"@id":"https:\/\/kt.gov.rs\/#website"},"primaryImageOfPage":{"@id":"https:\/\/kt.gov.rs\/sq\/jane-shpallur-zgjedhjet-per-anetaret-e-keshillit-nacional-te-pakices-nacionale-shqiptare\/#primaryimage"},"image":{"@id":"https:\/\/kt.gov.rs\/sq\/jane-shpallur-zgjedhjet-per-anetaret-e-keshillit-nacional-te-pakices-nacionale-shqiptare\/#primaryimage"},"thumbnailUrl":"https:\/\/kt.gov.rs\/wp-content\/uploads\/2024\/07\/1679677143_2423_1-3.jpg","datePublished":"2023-03-24T00:00:00+00:00","dateModified":"2024-07-30T17:55:00+00:00","breadcrumb":{"@id":"https:\/\/kt.gov.rs\/sq\/jane-shpallur-zgjedhjet-per-anetaret-e-keshillit-nacional-te-pakices-nacionale-shqiptare\/#breadcrumb"},"inLanguage":"sq-AL","potentialAction":[{"@type":"ReadAction","target":["https:\/\/kt.gov.rs\/sq\/jane-shpallur-zgjedhjet-per-anetaret-e-keshillit-nacional-te-pakices-nacionale-shqiptare\/"]}]},{"@type":"ImageObject","inLanguage":"sq-AL","@id":"https:\/\/kt.gov.rs\/sq\/jane-shpallur-zgjedhjet-per-anetaret-e-keshillit-nacional-te-pakices-nacionale-shqiptare\/#primaryimage","url":"https:\/\/kt.gov.rs\/wp-content\/uploads\/2024\/07\/1679677143_2423_1-3.jpg","contentUrl":"https:\/\/kt.gov.rs\/wp-content\/uploads\/2024\/07\/1679677143_2423_1-3.jpg","width":315,"height":230},{"@type":"BreadcrumbList","@id":"https:\/\/kt.gov.rs\/sq\/jane-shpallur-zgjedhjet-per-anetaret-e-keshillit-nacional-te-pakices-nacionale-shqiptare\/#breadcrumb","itemListElement":[{"@type":"ListItem","position":1,"name":"\u041f\u043e\u0447\u0435\u0442\u043d\u0430","item":"https:\/\/kt.gov.rs\/sq\/"},{"@type":"ListItem","position":2,"name":"JAN\u00cb SHPALLUR ZGJEDHJET P\u00cbR AN\u00cbTAR\u00cbT E K\u00cbSHILLIT NACIONAL T\u00cb PAKIC\u00cbS NACIONALE SHQIPTARE"}]},{"@type":"WebSite","@id":"https:\/\/kt.gov.rs\/#website","url":"https:\/\/kt.gov.rs\/","name":"\u041a\u043e\u043e\u0440\u0434\u0438\u043d\u0430\u0446\u0438\u043e\u043d\u043e \u0442\u0435\u043b\u043e \u0412\u043b\u0430\u0434\u0435 \u0420\u0435\u043f\u0443\u0431\u043b\u0438\u043a\u0435 \u0421\u0440\u0431\u0438\u0458\u0435 \u0437\u0430 \u043e\u043f\u0448\u0442\u0438\u043d\u0435 \u041f\u0440\u0435\u0448\u0435\u0432\u043e, \u0411\u0443\u0458\u0430\u043d\u043e\u0432\u0430\u0446 \u0438 \u041c\u0435\u0434\u0432\u0435\u0452a","description":"","publisher":{"@id":"https:\/\/kt.gov.rs\/#organization"},"alternateName":"\u041a\u043e\u043e\u0440\u0434\u0438\u043d\u0430\u0446\u0438\u043e\u043d\u043e \u0442\u0435\u043b\u043e","potentialAction":[{"@type":"SearchAction","target":{"@type":"EntryPoint","urlTemplate":"https:\/\/kt.gov.rs\/?s={search_term_string}"},"query-input":{"@type":"PropertyValueSpecification","valueRequired":true,"valueName":"search_term_string"}}],"inLanguage":"sq-AL"},{"@type":"Organization","@id":"https:\/\/kt.gov.rs\/#organization","name":"\u041a\u043e\u043e\u0440\u0434\u0438\u043d\u0430\u0446\u0438\u043e\u043d\u043e \u0442\u0435\u043b\u043e \u0412\u043b\u0430\u0434\u0435 \u0420\u0435\u043f\u0443\u0431\u043b\u0438\u043a\u0435 \u0421\u0440\u0431\u0438\u0458\u0435 \u0437\u0430 \u043e\u043f\u0448\u0442\u0438\u043d\u0435 \u041f\u0440\u0435\u0448\u0435\u0432\u043e, \u0411\u0443\u0458\u0430\u043d\u043e\u0432\u0430\u0446 \u0438 \u041c\u0435\u0434\u0432\u0435\u0452a","alternateName":"\u041a\u043e\u043e\u0440\u0434\u0438\u043d\u0430\u0446\u0438\u043e\u043d\u043e \u0442\u0435\u043b\u043e","url":"https:\/\/kt.gov.rs\/","logo":{"@type":"ImageObject","inLanguage":"sq-AL","@id":"https:\/\/kt.gov.rs\/#\/schema\/logo\/image\/","url":"https:\/\/kt.gov.rs\/wp-content\/uploads\/2024\/12\/koord2.jpg","contentUrl":"https:\/\/kt.gov.rs\/wp-content\/uploads\/2024\/12\/koord2.jpg","width":640,"height":480,"caption":"\u041a\u043e\u043e\u0440\u0434\u0438\u043d\u0430\u0446\u0438\u043e\u043d\u043e \u0442\u0435\u043b\u043e \u0412\u043b\u0430\u0434\u0435 \u0420\u0435\u043f\u0443\u0431\u043b\u0438\u043a\u0435 \u0421\u0440\u0431\u0438\u0458\u0435 \u0437\u0430 \u043e\u043f\u0448\u0442\u0438\u043d\u0435 \u041f\u0440\u0435\u0448\u0435\u0432\u043e, \u0411\u0443\u0458\u0430\u043d\u043e\u0432\u0430\u0446 \u0438 \u041c\u0435\u0434\u0432\u0435\u0452a"},"image":{"@id":"https:\/\/kt.gov.rs\/#\/schema\/logo\/image\/"},"sameAs":["https:\/\/www.facebook.com\/SluzbaKoordinacionogTelaVladeRepublikeSrbije","https:\/\/x.com\/kt_gov","https:\/\/www.youtube.com\/@koordinacionotelo"]},{"@type":"Person","@id":"https:\/\/kt.gov.rs\/#\/schema\/person\/e426459ddb4173309103390602694571","name":"ktmin","image":{"@type":"ImageObject","inLanguage":"sq-AL","@id":"https:\/\/secure.gravatar.com\/avatar\/3985c961109853010c3fbc7ba30365bfba5db3dd6c525831d9c595c7525a615a?s=96&d=mm&r=g","url":"https:\/\/secure.gravatar.com\/avatar\/3985c961109853010c3fbc7ba30365bfba5db3dd6c525831d9c595c7525a615a?s=96&d=mm&r=g","contentUrl":"https:\/\/secure.gravatar.com\/avatar\/3985c961109853010c3fbc7ba30365bfba5db3dd6c525831d9c595c7525a615a?s=96&d=mm&r=g","caption":"ktmin"},"sameAs":["https:\/\/kt.gov.rs"],"url":"https:\/\/kt.gov.rs\/sq\/author\/ktmin\/"}]}},"_links":{"self":[{"href":"https:\/\/kt.gov.rs\/sq\/wp-json\/wp\/v2\/posts\/106467","targetHints":{"allow":["GET"]}}],"collection":[{"href":"https:\/\/kt.gov.rs\/sq\/wp-json\/wp\/v2\/posts"}],"about":[{"href":"https:\/\/kt.gov.rs\/sq\/wp-json\/wp\/v2\/types\/post"}],"author":[{"embeddable":true,"href":"https:\/\/kt.gov.rs\/sq\/wp-json\/wp\/v2\/users\/1"}],"replies":[{"embeddable":true,"href":"https:\/\/kt.gov.rs\/sq\/wp-json\/wp\/v2\/comments?post=106467"}],"version-history":[{"count":1,"href":"https:\/\/kt.gov.rs\/sq\/wp-json\/wp\/v2\/posts\/106467\/revisions"}],"predecessor-version":[{"id":106471,"href":"https:\/\/kt.gov.rs\/sq\/wp-json\/wp\/v2\/posts\/106467\/revisions\/106471"}],"wp:featuredmedia":[{"embeddable":true,"href":"https:\/\/kt.gov.rs\/sq\/wp-json\/wp\/v2\/media\/106472"}],"wp:attachment":[{"href":"https:\/\/kt.gov.rs\/sq\/wp-json\/wp\/v2\/media?parent=106467"}],"wp:term":[{"taxonomy":"category","embeddable":true,"href":"https:\/\/kt.gov.rs\/sq\/wp-json\/wp\/v2\/categories?post=106467"},{"taxonomy":"post_tag","embeddable":true,"href":"https:\/\/kt.gov.rs\/sq\/wp-json\/wp\/v2\/tags?post=106467"}],"curies":[{"name":"wp","href":"https:\/\/api.w.org\/{rel}","templated":true}]}}