{"id":106315,"date":"2023-04-19T00:00:00","date_gmt":"2023-04-19T00:00:00","guid":{"rendered":"http:\/\/kt.printandscreen.rs\/nxenesit-nga-viti-i-ardhshem-behen-me-liber-nacional-te-leximit\/"},"modified":"2024-07-30T17:54:47","modified_gmt":"2024-07-30T17:54:47","slug":"nxenesit-nga-viti-i-ardhshem-behen-me-liber-nacional-te-leximit","status":"publish","type":"post","link":"https:\/\/kt.gov.rs\/sq\/nxenesit-nga-viti-i-ardhshem-behen-me-liber-nacional-te-leximit\/","title":{"rendered":"NX\u00cbN\u00cbSIT NGA VITI I ARDHSH\u00cbM B\u00cbHEN ME LIB\u00cbR NACIONAL T\u00cb LEXIMIT"},"content":{"rendered":"<p>\n\t<strong><img decoding=\"async\" alt=\"\" src=\"https:\/\/kt.gov.rs\/wp-content\/uploads\/2024\/07\/1681911687_1942023-2.jpg\" style=\"width: 315px; height: 230px; float: left;\" \/><\/strong><\/p>\n<p>\n\t<strong>Bujanoc \u2013 Beograd \u2013<\/strong> Nx\u00ebn\u00ebsit e shkollave fillore dhe t\u00eb mesme, t\u00eb cil\u00ebt ndjekin m\u00ebsimet n\u00eb gjuh\u00ebn serbe, do t\u00eb marrin nj\u00eb lib\u00ebr leximi komb\u00ebtar q\u00eb p\u00ebrfshin gjuh\u00ebn dhe let\u00ebrsin\u00eb serbe, bot\u00ebn p\u00ebrreth nesh, natyr\u00ebn dhe shoq\u00ebrin\u00eb, historin\u00eb dhe gjeografin\u00eb si dhe artin dhe kultur\u00ebs muzikore, \u00ebsht\u00eb propozuar me ligjin mbi ndryshimet dhe plot\u00ebsimet e ligjit mbi tekstet shkollore.<\/p>\n<p>\n\tKlasat e para dhe t\u00eb dyta do t\u00eb marrin nj\u00eb, klasat e treta dhe t\u00eb kat\u00ebrta nj\u00eb tjet\u00ebr lexues, nd\u00ebrsa ato t\u00eb ve\u00e7anta do t\u00eb jen\u00eb p\u00ebr nx\u00ebn\u00ebsit nga klasa e pest\u00eb deri n\u00eb t\u00eb tet\u00ebn dhe p\u00ebr gjimnazist\u00ebt. Sipas draftit, parashikohet q\u00eb nga data 1 shtator 2024 t\u00eb filloj\u00eb t\u00eb zbatohet n\u00eb shkollat \u200b\u200bfillore dhe t\u00eb mesme.<\/p>\n<p>\n\t<strong>Burimi: Bujanovacke, Sh\u00ebrbimi i Trupit Koordinues<\/strong><\/p>\n<p>\n\t\u00a0<\/p>\n","protected":false},"excerpt":{"rendered":"<p>Bujanoc \u2013 Beograd \u2013\u00a0Nx\u00ebn\u00ebsit e shkollave fillore dhe t\u00eb mesme, t\u00eb cil\u00ebt ndjekin m\u00ebsimet n\u00eb gjuh\u00ebn serbe, do t\u00eb marrin nj\u00eb lib\u00ebr leximi komb\u00ebtar q\u00eb p\u00ebrfshin gjuh\u00ebn dhe let\u00ebrsin\u00eb serbe, bot\u00ebn p\u00ebrreth nesh, natyr\u00ebn dhe shoq\u00ebrin\u00eb, historin\u00eb dhe gjeografin\u00eb si dhe artin dhe kultur\u00ebs muzikore, \u00ebsht\u00eb propozuar me ligjin mbi ndryshimet dhe plot\u00ebsimet e ligjit mbi tekstet shkollore.<\/p>\n<p>\t\u00a0<\/p>\n","protected":false},"author":1,"featured_media":106320,"comment_status":"closed","ping_status":"closed","sticky":false,"template":"","format":"standard","meta":{"footnotes":""},"categories":[55],"tags":[],"class_list":["post-106315","post","type-post","status-publish","format-standard","has-post-thumbnail","hentry","category-lajme"],"yoast_head":"<!-- This site is optimized with the Yoast SEO plugin v27.5 - https:\/\/yoast.com\/product\/yoast-seo-wordpress\/ -->\n<title>NX\u00cbN\u00cbSIT NGA VITI I ARDHSH\u00cbM B\u00cbHEN ME LIB\u00cbR NACIONAL T\u00cb LEXIMIT - Republika e S\u00ebrbis\u00eb Trupi Koordinues p\u00ebr komunat Bujanoc, Preshev\u00eb dhe Medvegj\u00eb<\/title>\n<meta name=\"robots\" content=\"index, follow, max-snippet:-1, max-image-preview:large, max-video-preview:-1\" \/>\n<link rel=\"canonical\" href=\"https:\/\/kt.gov.rs\/sq\/nxenesit-nga-viti-i-ardhshem-behen-me-liber-nacional-te-leximit\/\" \/>\n<meta property=\"og:locale\" content=\"sq_AL\" \/>\n<meta property=\"og:type\" content=\"article\" \/>\n<meta property=\"og:title\" content=\"NX\u00cbN\u00cbSIT NGA VITI I ARDHSH\u00cbM B\u00cbHEN ME LIB\u00cbR NACIONAL T\u00cb LEXIMIT - Republika e S\u00ebrbis\u00eb Trupi Koordinues p\u00ebr komunat Bujanoc, Preshev\u00eb dhe Medvegj\u00eb\" \/>\n<meta property=\"og:description\" content=\"Bujanoc - Beograd -\u00a0Nx\u00ebn\u00ebsit e shkollave fillore dhe t\u00eb mesme, t\u00eb cil\u00ebt ndjekin m\u00ebsimet n\u00eb gjuh\u00ebn serbe, do t\u00eb marrin nj\u00eb lib\u00ebr leximi komb\u00ebtar q\u00eb p\u00ebrfshin gjuh\u00ebn dhe let\u00ebrsin\u00eb serbe, bot\u00ebn p\u00ebrreth nesh, natyr\u00ebn dhe shoq\u00ebrin\u00eb, historin\u00eb dhe gjeografin\u00eb si dhe artin dhe kultur\u00ebs muzikore, \u00ebsht\u00eb propozuar me ligjin mbi ndryshimet dhe plot\u00ebsimet e ligjit mbi tekstet shkollore.  \u00a0\" \/>\n<meta property=\"og:url\" content=\"https:\/\/kt.gov.rs\/sq\/nxenesit-nga-viti-i-ardhshem-behen-me-liber-nacional-te-leximit\/\" \/>\n<meta property=\"og:site_name\" content=\"Republika e S\u00ebrbis\u00eb Trupi Koordinues p\u00ebr komunat Bujanoc, Preshev\u00eb dhe Medvegj\u00eb\" \/>\n<meta property=\"article:publisher\" content=\"https:\/\/www.facebook.com\/SluzbaKoordinacionogTelaVladeRepublikeSrbije\" \/>\n<meta property=\"article:published_time\" content=\"2023-04-19T00:00:00+00:00\" \/>\n<meta property=\"article:modified_time\" content=\"2024-07-30T17:54:47+00:00\" \/>\n<meta property=\"og:image\" content=\"https:\/\/kt.gov.rs\/wp-content\/uploads\/2024\/07\/1681911687_1942023-3.jpg\" \/>\n\t<meta property=\"og:image:width\" content=\"315\" \/>\n\t<meta property=\"og:image:height\" content=\"230\" \/>\n\t<meta property=\"og:image:type\" content=\"image\/jpeg\" \/>\n<meta name=\"author\" content=\"ktmin\" \/>\n<meta name=\"twitter:card\" content=\"summary_large_image\" \/>\n<meta name=\"twitter:creator\" content=\"@kt_gov\" \/>\n<meta name=\"twitter:site\" content=\"@kt_gov\" \/>\n<meta name=\"twitter:label1\" content=\"Written by\" \/>\n\t<meta name=\"twitter:data1\" content=\"ktmin\" \/>\n\t<meta name=\"twitter:label2\" content=\"Est. reading time\" \/>\n\t<meta name=\"twitter:data2\" content=\"1 minute\" \/>\n<script type=\"application\/ld+json\" class=\"yoast-schema-graph\">{\"@context\":\"https:\\\/\\\/schema.org\",\"@graph\":[{\"@type\":\"Article\",\"@id\":\"https:\\\/\\\/kt.gov.rs\\\/sq\\\/nxenesit-nga-viti-i-ardhshem-behen-me-liber-nacional-te-leximit\\\/#article\",\"isPartOf\":{\"@id\":\"https:\\\/\\\/kt.gov.rs\\\/sq\\\/nxenesit-nga-viti-i-ardhshem-behen-me-liber-nacional-te-leximit\\\/\"},\"author\":{\"name\":\"ktmin\",\"@id\":\"https:\\\/\\\/kt.gov.rs\\\/#\\\/schema\\\/person\\\/e426459ddb4173309103390602694571\"},\"headline\":\"NX\u00cbN\u00cbSIT NGA VITI I ARDHSH\u00cbM B\u00cbHEN ME LIB\u00cbR NACIONAL T\u00cb LEXIMIT\",\"datePublished\":\"2023-04-19T00:00:00+00:00\",\"dateModified\":\"2024-07-30T17:54:47+00:00\",\"mainEntityOfPage\":{\"@id\":\"https:\\\/\\\/kt.gov.rs\\\/sq\\\/nxenesit-nga-viti-i-ardhshem-behen-me-liber-nacional-te-leximit\\\/\"},\"wordCount\":221,\"publisher\":{\"@id\":\"https:\\\/\\\/kt.gov.rs\\\/#organization\"},\"image\":{\"@id\":\"https:\\\/\\\/kt.gov.rs\\\/sq\\\/nxenesit-nga-viti-i-ardhshem-behen-me-liber-nacional-te-leximit\\\/#primaryimage\"},\"thumbnailUrl\":\"https:\\\/\\\/kt.gov.rs\\\/wp-content\\\/uploads\\\/2024\\\/07\\\/1681911687_1942023-3.jpg\",\"articleSection\":[\"Lajme\"],\"inLanguage\":\"sq-AL\"},{\"@type\":\"WebPage\",\"@id\":\"https:\\\/\\\/kt.gov.rs\\\/sq\\\/nxenesit-nga-viti-i-ardhshem-behen-me-liber-nacional-te-leximit\\\/\",\"url\":\"https:\\\/\\\/kt.gov.rs\\\/sq\\\/nxenesit-nga-viti-i-ardhshem-behen-me-liber-nacional-te-leximit\\\/\",\"name\":\"NX\u00cbN\u00cbSIT NGA VITI I ARDHSH\u00cbM B\u00cbHEN ME LIB\u00cbR NACIONAL T\u00cb LEXIMIT - Republika e S\u00ebrbis\u00eb Trupi Koordinues p\u00ebr komunat Bujanoc, Preshev\u00eb dhe Medvegj\u00eb\",\"isPartOf\":{\"@id\":\"https:\\\/\\\/kt.gov.rs\\\/#website\"},\"primaryImageOfPage\":{\"@id\":\"https:\\\/\\\/kt.gov.rs\\\/sq\\\/nxenesit-nga-viti-i-ardhshem-behen-me-liber-nacional-te-leximit\\\/#primaryimage\"},\"image\":{\"@id\":\"https:\\\/\\\/kt.gov.rs\\\/sq\\\/nxenesit-nga-viti-i-ardhshem-behen-me-liber-nacional-te-leximit\\\/#primaryimage\"},\"thumbnailUrl\":\"https:\\\/\\\/kt.gov.rs\\\/wp-content\\\/uploads\\\/2024\\\/07\\\/1681911687_1942023-3.jpg\",\"datePublished\":\"2023-04-19T00:00:00+00:00\",\"dateModified\":\"2024-07-30T17:54:47+00:00\",\"breadcrumb\":{\"@id\":\"https:\\\/\\\/kt.gov.rs\\\/sq\\\/nxenesit-nga-viti-i-ardhshem-behen-me-liber-nacional-te-leximit\\\/#breadcrumb\"},\"inLanguage\":\"sq-AL\",\"potentialAction\":[{\"@type\":\"ReadAction\",\"target\":[\"https:\\\/\\\/kt.gov.rs\\\/sq\\\/nxenesit-nga-viti-i-ardhshem-behen-me-liber-nacional-te-leximit\\\/\"]}]},{\"@type\":\"ImageObject\",\"inLanguage\":\"sq-AL\",\"@id\":\"https:\\\/\\\/kt.gov.rs\\\/sq\\\/nxenesit-nga-viti-i-ardhshem-behen-me-liber-nacional-te-leximit\\\/#primaryimage\",\"url\":\"https:\\\/\\\/kt.gov.rs\\\/wp-content\\\/uploads\\\/2024\\\/07\\\/1681911687_1942023-3.jpg\",\"contentUrl\":\"https:\\\/\\\/kt.gov.rs\\\/wp-content\\\/uploads\\\/2024\\\/07\\\/1681911687_1942023-3.jpg\",\"width\":315,\"height\":230},{\"@type\":\"BreadcrumbList\",\"@id\":\"https:\\\/\\\/kt.gov.rs\\\/sq\\\/nxenesit-nga-viti-i-ardhshem-behen-me-liber-nacional-te-leximit\\\/#breadcrumb\",\"itemListElement\":[{\"@type\":\"ListItem\",\"position\":1,\"name\":\"\u041f\u043e\u0447\u0435\u0442\u043d\u0430\",\"item\":\"https:\\\/\\\/kt.gov.rs\\\/sq\\\/\"},{\"@type\":\"ListItem\",\"position\":2,\"name\":\"NX\u00cbN\u00cbSIT NGA VITI I ARDHSH\u00cbM B\u00cbHEN ME LIB\u00cbR NACIONAL T\u00cb LEXIMIT\"}]},{\"@type\":\"WebSite\",\"@id\":\"https:\\\/\\\/kt.gov.rs\\\/#website\",\"url\":\"https:\\\/\\\/kt.gov.rs\\\/\",\"name\":\"\u041a\u043e\u043e\u0440\u0434\u0438\u043d\u0430\u0446\u0438\u043e\u043d\u043e \u0442\u0435\u043b\u043e \u0412\u043b\u0430\u0434\u0435 \u0420\u0435\u043f\u0443\u0431\u043b\u0438\u043a\u0435 \u0421\u0440\u0431\u0438\u0458\u0435 \u0437\u0430 \u043e\u043f\u0448\u0442\u0438\u043d\u0435 \u041f\u0440\u0435\u0448\u0435\u0432\u043e, \u0411\u0443\u0458\u0430\u043d\u043e\u0432\u0430\u0446 \u0438 \u041c\u0435\u0434\u0432\u0435\u0452a\",\"description\":\"\",\"publisher\":{\"@id\":\"https:\\\/\\\/kt.gov.rs\\\/#organization\"},\"alternateName\":\"\u041a\u043e\u043e\u0440\u0434\u0438\u043d\u0430\u0446\u0438\u043e\u043d\u043e \u0442\u0435\u043b\u043e\",\"potentialAction\":[{\"@type\":\"SearchAction\",\"target\":{\"@type\":\"EntryPoint\",\"urlTemplate\":\"https:\\\/\\\/kt.gov.rs\\\/?s={search_term_string}\"},\"query-input\":{\"@type\":\"PropertyValueSpecification\",\"valueRequired\":true,\"valueName\":\"search_term_string\"}}],\"inLanguage\":\"sq-AL\"},{\"@type\":\"Organization\",\"@id\":\"https:\\\/\\\/kt.gov.rs\\\/#organization\",\"name\":\"\u041a\u043e\u043e\u0440\u0434\u0438\u043d\u0430\u0446\u0438\u043e\u043d\u043e \u0442\u0435\u043b\u043e \u0412\u043b\u0430\u0434\u0435 \u0420\u0435\u043f\u0443\u0431\u043b\u0438\u043a\u0435 \u0421\u0440\u0431\u0438\u0458\u0435 \u0437\u0430 \u043e\u043f\u0448\u0442\u0438\u043d\u0435 \u041f\u0440\u0435\u0448\u0435\u0432\u043e, \u0411\u0443\u0458\u0430\u043d\u043e\u0432\u0430\u0446 \u0438 \u041c\u0435\u0434\u0432\u0435\u0452a\",\"alternateName\":\"\u041a\u043e\u043e\u0440\u0434\u0438\u043d\u0430\u0446\u0438\u043e\u043d\u043e \u0442\u0435\u043b\u043e\",\"url\":\"https:\\\/\\\/kt.gov.rs\\\/\",\"logo\":{\"@type\":\"ImageObject\",\"inLanguage\":\"sq-AL\",\"@id\":\"https:\\\/\\\/kt.gov.rs\\\/#\\\/schema\\\/logo\\\/image\\\/\",\"url\":\"https:\\\/\\\/kt.gov.rs\\\/wp-content\\\/uploads\\\/2024\\\/12\\\/koord2.jpg\",\"contentUrl\":\"https:\\\/\\\/kt.gov.rs\\\/wp-content\\\/uploads\\\/2024\\\/12\\\/koord2.jpg\",\"width\":640,\"height\":480,\"caption\":\"\u041a\u043e\u043e\u0440\u0434\u0438\u043d\u0430\u0446\u0438\u043e\u043d\u043e \u0442\u0435\u043b\u043e \u0412\u043b\u0430\u0434\u0435 \u0420\u0435\u043f\u0443\u0431\u043b\u0438\u043a\u0435 \u0421\u0440\u0431\u0438\u0458\u0435 \u0437\u0430 \u043e\u043f\u0448\u0442\u0438\u043d\u0435 \u041f\u0440\u0435\u0448\u0435\u0432\u043e, \u0411\u0443\u0458\u0430\u043d\u043e\u0432\u0430\u0446 \u0438 \u041c\u0435\u0434\u0432\u0435\u0452a\"},\"image\":{\"@id\":\"https:\\\/\\\/kt.gov.rs\\\/#\\\/schema\\\/logo\\\/image\\\/\"},\"sameAs\":[\"https:\\\/\\\/www.facebook.com\\\/SluzbaKoordinacionogTelaVladeRepublikeSrbije\",\"https:\\\/\\\/x.com\\\/kt_gov\",\"https:\\\/\\\/www.youtube.com\\\/@koordinacionotelo\"]},{\"@type\":\"Person\",\"@id\":\"https:\\\/\\\/kt.gov.rs\\\/#\\\/schema\\\/person\\\/e426459ddb4173309103390602694571\",\"name\":\"ktmin\",\"image\":{\"@type\":\"ImageObject\",\"inLanguage\":\"sq-AL\",\"@id\":\"https:\\\/\\\/secure.gravatar.com\\\/avatar\\\/3985c961109853010c3fbc7ba30365bfba5db3dd6c525831d9c595c7525a615a?s=96&d=mm&r=g\",\"url\":\"https:\\\/\\\/secure.gravatar.com\\\/avatar\\\/3985c961109853010c3fbc7ba30365bfba5db3dd6c525831d9c595c7525a615a?s=96&d=mm&r=g\",\"contentUrl\":\"https:\\\/\\\/secure.gravatar.com\\\/avatar\\\/3985c961109853010c3fbc7ba30365bfba5db3dd6c525831d9c595c7525a615a?s=96&d=mm&r=g\",\"caption\":\"ktmin\"},\"sameAs\":[\"https:\\\/\\\/kt.gov.rs\"],\"url\":\"https:\\\/\\\/kt.gov.rs\\\/sq\\\/author\\\/ktmin\\\/\"}]}<\/script>\n<!-- \/ Yoast SEO plugin. -->","yoast_head_json":{"title":"NX\u00cbN\u00cbSIT NGA VITI I ARDHSH\u00cbM B\u00cbHEN ME LIB\u00cbR NACIONAL T\u00cb LEXIMIT - Republika e S\u00ebrbis\u00eb Trupi Koordinues p\u00ebr komunat Bujanoc, Preshev\u00eb dhe Medvegj\u00eb","robots":{"index":"index","follow":"follow","max-snippet":"max-snippet:-1","max-image-preview":"max-image-preview:large","max-video-preview":"max-video-preview:-1"},"canonical":"https:\/\/kt.gov.rs\/sq\/nxenesit-nga-viti-i-ardhshem-behen-me-liber-nacional-te-leximit\/","og_locale":"sq_AL","og_type":"article","og_title":"NX\u00cbN\u00cbSIT NGA VITI I ARDHSH\u00cbM B\u00cbHEN ME LIB\u00cbR NACIONAL T\u00cb LEXIMIT - Republika e S\u00ebrbis\u00eb Trupi Koordinues p\u00ebr komunat Bujanoc, Preshev\u00eb dhe Medvegj\u00eb","og_description":"Bujanoc - Beograd -\u00a0Nx\u00ebn\u00ebsit e shkollave fillore dhe t\u00eb mesme, t\u00eb cil\u00ebt ndjekin m\u00ebsimet n\u00eb gjuh\u00ebn serbe, do t\u00eb marrin nj\u00eb lib\u00ebr leximi komb\u00ebtar q\u00eb p\u00ebrfshin gjuh\u00ebn dhe let\u00ebrsin\u00eb serbe, bot\u00ebn p\u00ebrreth nesh, natyr\u00ebn dhe shoq\u00ebrin\u00eb, historin\u00eb dhe gjeografin\u00eb si dhe artin dhe kultur\u00ebs muzikore, \u00ebsht\u00eb propozuar me ligjin mbi ndryshimet dhe plot\u00ebsimet e ligjit mbi tekstet shkollore.  \u00a0","og_url":"https:\/\/kt.gov.rs\/sq\/nxenesit-nga-viti-i-ardhshem-behen-me-liber-nacional-te-leximit\/","og_site_name":"Republika e S\u00ebrbis\u00eb Trupi Koordinues p\u00ebr komunat Bujanoc, Preshev\u00eb dhe Medvegj\u00eb","article_publisher":"https:\/\/www.facebook.com\/SluzbaKoordinacionogTelaVladeRepublikeSrbije","article_published_time":"2023-04-19T00:00:00+00:00","article_modified_time":"2024-07-30T17:54:47+00:00","og_image":[{"width":315,"height":230,"url":"https:\/\/kt.gov.rs\/wp-content\/uploads\/2024\/07\/1681911687_1942023-3.jpg","type":"image\/jpeg"}],"author":"ktmin","twitter_card":"summary_large_image","twitter_creator":"@kt_gov","twitter_site":"@kt_gov","twitter_misc":{"Written by":"ktmin","Est. reading time":"1 minute"},"schema":{"@context":"https:\/\/schema.org","@graph":[{"@type":"Article","@id":"https:\/\/kt.gov.rs\/sq\/nxenesit-nga-viti-i-ardhshem-behen-me-liber-nacional-te-leximit\/#article","isPartOf":{"@id":"https:\/\/kt.gov.rs\/sq\/nxenesit-nga-viti-i-ardhshem-behen-me-liber-nacional-te-leximit\/"},"author":{"name":"ktmin","@id":"https:\/\/kt.gov.rs\/#\/schema\/person\/e426459ddb4173309103390602694571"},"headline":"NX\u00cbN\u00cbSIT NGA VITI I ARDHSH\u00cbM B\u00cbHEN ME LIB\u00cbR NACIONAL T\u00cb LEXIMIT","datePublished":"2023-04-19T00:00:00+00:00","dateModified":"2024-07-30T17:54:47+00:00","mainEntityOfPage":{"@id":"https:\/\/kt.gov.rs\/sq\/nxenesit-nga-viti-i-ardhshem-behen-me-liber-nacional-te-leximit\/"},"wordCount":221,"publisher":{"@id":"https:\/\/kt.gov.rs\/#organization"},"image":{"@id":"https:\/\/kt.gov.rs\/sq\/nxenesit-nga-viti-i-ardhshem-behen-me-liber-nacional-te-leximit\/#primaryimage"},"thumbnailUrl":"https:\/\/kt.gov.rs\/wp-content\/uploads\/2024\/07\/1681911687_1942023-3.jpg","articleSection":["Lajme"],"inLanguage":"sq-AL"},{"@type":"WebPage","@id":"https:\/\/kt.gov.rs\/sq\/nxenesit-nga-viti-i-ardhshem-behen-me-liber-nacional-te-leximit\/","url":"https:\/\/kt.gov.rs\/sq\/nxenesit-nga-viti-i-ardhshem-behen-me-liber-nacional-te-leximit\/","name":"NX\u00cbN\u00cbSIT NGA VITI I ARDHSH\u00cbM B\u00cbHEN ME LIB\u00cbR NACIONAL T\u00cb LEXIMIT - Republika e S\u00ebrbis\u00eb Trupi Koordinues p\u00ebr komunat Bujanoc, Preshev\u00eb dhe Medvegj\u00eb","isPartOf":{"@id":"https:\/\/kt.gov.rs\/#website"},"primaryImageOfPage":{"@id":"https:\/\/kt.gov.rs\/sq\/nxenesit-nga-viti-i-ardhshem-behen-me-liber-nacional-te-leximit\/#primaryimage"},"image":{"@id":"https:\/\/kt.gov.rs\/sq\/nxenesit-nga-viti-i-ardhshem-behen-me-liber-nacional-te-leximit\/#primaryimage"},"thumbnailUrl":"https:\/\/kt.gov.rs\/wp-content\/uploads\/2024\/07\/1681911687_1942023-3.jpg","datePublished":"2023-04-19T00:00:00+00:00","dateModified":"2024-07-30T17:54:47+00:00","breadcrumb":{"@id":"https:\/\/kt.gov.rs\/sq\/nxenesit-nga-viti-i-ardhshem-behen-me-liber-nacional-te-leximit\/#breadcrumb"},"inLanguage":"sq-AL","potentialAction":[{"@type":"ReadAction","target":["https:\/\/kt.gov.rs\/sq\/nxenesit-nga-viti-i-ardhshem-behen-me-liber-nacional-te-leximit\/"]}]},{"@type":"ImageObject","inLanguage":"sq-AL","@id":"https:\/\/kt.gov.rs\/sq\/nxenesit-nga-viti-i-ardhshem-behen-me-liber-nacional-te-leximit\/#primaryimage","url":"https:\/\/kt.gov.rs\/wp-content\/uploads\/2024\/07\/1681911687_1942023-3.jpg","contentUrl":"https:\/\/kt.gov.rs\/wp-content\/uploads\/2024\/07\/1681911687_1942023-3.jpg","width":315,"height":230},{"@type":"BreadcrumbList","@id":"https:\/\/kt.gov.rs\/sq\/nxenesit-nga-viti-i-ardhshem-behen-me-liber-nacional-te-leximit\/#breadcrumb","itemListElement":[{"@type":"ListItem","position":1,"name":"\u041f\u043e\u0447\u0435\u0442\u043d\u0430","item":"https:\/\/kt.gov.rs\/sq\/"},{"@type":"ListItem","position":2,"name":"NX\u00cbN\u00cbSIT NGA VITI I ARDHSH\u00cbM B\u00cbHEN ME LIB\u00cbR NACIONAL T\u00cb LEXIMIT"}]},{"@type":"WebSite","@id":"https:\/\/kt.gov.rs\/#website","url":"https:\/\/kt.gov.rs\/","name":"\u041a\u043e\u043e\u0440\u0434\u0438\u043d\u0430\u0446\u0438\u043e\u043d\u043e \u0442\u0435\u043b\u043e \u0412\u043b\u0430\u0434\u0435 \u0420\u0435\u043f\u0443\u0431\u043b\u0438\u043a\u0435 \u0421\u0440\u0431\u0438\u0458\u0435 \u0437\u0430 \u043e\u043f\u0448\u0442\u0438\u043d\u0435 \u041f\u0440\u0435\u0448\u0435\u0432\u043e, \u0411\u0443\u0458\u0430\u043d\u043e\u0432\u0430\u0446 \u0438 \u041c\u0435\u0434\u0432\u0435\u0452a","description":"","publisher":{"@id":"https:\/\/kt.gov.rs\/#organization"},"alternateName":"\u041a\u043e\u043e\u0440\u0434\u0438\u043d\u0430\u0446\u0438\u043e\u043d\u043e \u0442\u0435\u043b\u043e","potentialAction":[{"@type":"SearchAction","target":{"@type":"EntryPoint","urlTemplate":"https:\/\/kt.gov.rs\/?s={search_term_string}"},"query-input":{"@type":"PropertyValueSpecification","valueRequired":true,"valueName":"search_term_string"}}],"inLanguage":"sq-AL"},{"@type":"Organization","@id":"https:\/\/kt.gov.rs\/#organization","name":"\u041a\u043e\u043e\u0440\u0434\u0438\u043d\u0430\u0446\u0438\u043e\u043d\u043e \u0442\u0435\u043b\u043e \u0412\u043b\u0430\u0434\u0435 \u0420\u0435\u043f\u0443\u0431\u043b\u0438\u043a\u0435 \u0421\u0440\u0431\u0438\u0458\u0435 \u0437\u0430 \u043e\u043f\u0448\u0442\u0438\u043d\u0435 \u041f\u0440\u0435\u0448\u0435\u0432\u043e, \u0411\u0443\u0458\u0430\u043d\u043e\u0432\u0430\u0446 \u0438 \u041c\u0435\u0434\u0432\u0435\u0452a","alternateName":"\u041a\u043e\u043e\u0440\u0434\u0438\u043d\u0430\u0446\u0438\u043e\u043d\u043e \u0442\u0435\u043b\u043e","url":"https:\/\/kt.gov.rs\/","logo":{"@type":"ImageObject","inLanguage":"sq-AL","@id":"https:\/\/kt.gov.rs\/#\/schema\/logo\/image\/","url":"https:\/\/kt.gov.rs\/wp-content\/uploads\/2024\/12\/koord2.jpg","contentUrl":"https:\/\/kt.gov.rs\/wp-content\/uploads\/2024\/12\/koord2.jpg","width":640,"height":480,"caption":"\u041a\u043e\u043e\u0440\u0434\u0438\u043d\u0430\u0446\u0438\u043e\u043d\u043e \u0442\u0435\u043b\u043e \u0412\u043b\u0430\u0434\u0435 \u0420\u0435\u043f\u0443\u0431\u043b\u0438\u043a\u0435 \u0421\u0440\u0431\u0438\u0458\u0435 \u0437\u0430 \u043e\u043f\u0448\u0442\u0438\u043d\u0435 \u041f\u0440\u0435\u0448\u0435\u0432\u043e, \u0411\u0443\u0458\u0430\u043d\u043e\u0432\u0430\u0446 \u0438 \u041c\u0435\u0434\u0432\u0435\u0452a"},"image":{"@id":"https:\/\/kt.gov.rs\/#\/schema\/logo\/image\/"},"sameAs":["https:\/\/www.facebook.com\/SluzbaKoordinacionogTelaVladeRepublikeSrbije","https:\/\/x.com\/kt_gov","https:\/\/www.youtube.com\/@koordinacionotelo"]},{"@type":"Person","@id":"https:\/\/kt.gov.rs\/#\/schema\/person\/e426459ddb4173309103390602694571","name":"ktmin","image":{"@type":"ImageObject","inLanguage":"sq-AL","@id":"https:\/\/secure.gravatar.com\/avatar\/3985c961109853010c3fbc7ba30365bfba5db3dd6c525831d9c595c7525a615a?s=96&d=mm&r=g","url":"https:\/\/secure.gravatar.com\/avatar\/3985c961109853010c3fbc7ba30365bfba5db3dd6c525831d9c595c7525a615a?s=96&d=mm&r=g","contentUrl":"https:\/\/secure.gravatar.com\/avatar\/3985c961109853010c3fbc7ba30365bfba5db3dd6c525831d9c595c7525a615a?s=96&d=mm&r=g","caption":"ktmin"},"sameAs":["https:\/\/kt.gov.rs"],"url":"https:\/\/kt.gov.rs\/sq\/author\/ktmin\/"}]}},"_links":{"self":[{"href":"https:\/\/kt.gov.rs\/sq\/wp-json\/wp\/v2\/posts\/106315","targetHints":{"allow":["GET"]}}],"collection":[{"href":"https:\/\/kt.gov.rs\/sq\/wp-json\/wp\/v2\/posts"}],"about":[{"href":"https:\/\/kt.gov.rs\/sq\/wp-json\/wp\/v2\/types\/post"}],"author":[{"embeddable":true,"href":"https:\/\/kt.gov.rs\/sq\/wp-json\/wp\/v2\/users\/1"}],"replies":[{"embeddable":true,"href":"https:\/\/kt.gov.rs\/sq\/wp-json\/wp\/v2\/comments?post=106315"}],"version-history":[{"count":1,"href":"https:\/\/kt.gov.rs\/sq\/wp-json\/wp\/v2\/posts\/106315\/revisions"}],"predecessor-version":[{"id":106319,"href":"https:\/\/kt.gov.rs\/sq\/wp-json\/wp\/v2\/posts\/106315\/revisions\/106319"}],"wp:featuredmedia":[{"embeddable":true,"href":"https:\/\/kt.gov.rs\/sq\/wp-json\/wp\/v2\/media\/106320"}],"wp:attachment":[{"href":"https:\/\/kt.gov.rs\/sq\/wp-json\/wp\/v2\/media?parent=106315"}],"wp:term":[{"taxonomy":"category","embeddable":true,"href":"https:\/\/kt.gov.rs\/sq\/wp-json\/wp\/v2\/categories?post=106315"},{"taxonomy":"post_tag","embeddable":true,"href":"https:\/\/kt.gov.rs\/sq\/wp-json\/wp\/v2\/tags?post=106315"}],"curies":[{"name":"wp","href":"https:\/\/api.w.org\/{rel}","templated":true}]}}